{"id":100,"date":"2006-03-30T00:00:00","date_gmt":"2006-03-30T00:00:00","guid":{"rendered":"https:\/\/espai-marx.net\/?p=100"},"modified":"2019-01-21T18:58:46","modified_gmt":"2019-01-21T18:58:46","slug":"la-escuela-nacional-florestan-fernandes","status":"publish","type":"post","link":"https:\/\/espai-marx.net\/?p=100","title":{"rendered":"La escuela nacional Florestan Fernandes"},"content":{"rendered":"<br \/>\n<table>\n<tr>\n<td>\n<p>Queridos amigos y amigas del MST:<\/p>\n<p>Querr\u00edamos   socializar con vosotros una nueva conquista de la solidaridad entre los   brasile\u00f1os y los pueblos del mundo: la inauguraci\u00f3n de la Escuela Nacional   Florestan Fernandes, el d\u00eda 23 de enero de 2005. Construida en Guararema (a   60km de S\u00e3o Paulo) por 1.115 trabajadores rurales Sin Tierra, la Escuela es   el fruto valioso de nuestra lucha. Fueron cuatro a\u00f1os y medio de trabajo de   voluntarios de asentamientos y acampamentos de todo Brasil. Una obra   realizada por muchas manos con callos de usar el azada.<\/p>\n<p>Despu\u00e9s   de largos a\u00f1os de discusiones colectivas en las diversas instancias del MST,   la Escuela surge con el prop\u00f3sito de hacer pensar, planear, organizar y   desarrollar la formaci\u00f3n pol\u00edtica, t\u00e9cnica e ideol\u00f3gica de los militantes y   dirigentes del Movimiento. Por nacer con el objetivo de capacitar a j\u00f3venes,   mujeres y hombres del medio rural para la producci\u00f3n, comercio y gesti\u00f3n de   los acampamentos y asentamientos, la ENFF tendr\u00e1 una pedagog\u00eda y metodolog\u00eda   adaptada a la realidad de los trabajadores del campo.<\/p>\n<p>Sobre   un terreno de 30 mil metros cuadrados, fueron construidas instalaciones de   ladrillos de <i>solo-cimento<\/i> (lit., suelo-cemento) fabricados en la   propia escuela. Esta t\u00e9cnica es agro-ecol\u00f3gica, evita la necesidad de revocar   las fachadas, contribuye a disminuir la cantidad de hierro, acero y cemento   en la obra y es m\u00e1s resistente y f\u00e1cil de asentar. En total se dispone de   tres aulas que juntas pueden llegar a albergar hasta a 200 personas, un   auditorio y dos anfiteatros. Los recursos para la construcci\u00f3n de la escuela   fueron recaudados mediante la venta del libro \u00abTierra\u00bb, con textos   de Jos\u00e9 Saramago, canciones de Chico Buarque y fotos de Sebasti\u00e3o Salgado,   contribuciones de organizaciones no gubernamentales (ONGs) europeas y   donaciones de amigos y amigas brasile\u00f1os e internacionales.<\/p>\n<p>\u00a0\u00a0 <b>Al maestro con cari\u00f1o<\/b>\u00a0 <\/p>\n<p>El   homenaje al maestro y soci\u00f3logo Florestan Fernandes es el resultado de la   admiraci\u00f3n y reconocimiento del MST por su trayectoria de vida incansable y   coherente con la lucha de los trabajadores y trabajadoras. Cr\u00edtico severo del   capitalismo, Florestan Fern\u00e1ndez defendi\u00f3 la libertad, la democracia y una   sociedad m\u00e1s justa y fraterna. Diez a\u00f1os despu\u00e9s de su muerte, su legado y   sus ideas orientan nuestras acciones.<\/p>\n<p>Florestan   cre\u00eda que el m\u00e1ximo n\u00famero de personas hab\u00eda de tener acceso al conocimiento,   lo que va paralelo a nuestra preocupaci\u00f3n de que la lucha por la tierra deba   continuar hasta el d\u00eda en que cada familia de trabajadores conquiste su   emancipaci\u00f3n. En ese sentido, para el MST, la lucha por la Reforma Agraria y   por el sue\u00f1o de la justicia social va m\u00e1s all\u00e1 de la conquista de la tierra.   La lucha de los Sin Tierra tiene como objetivo un proyecto popular para   Brasil, basado en la dignidad, la soberan\u00eda y la solidaridad entre todos y   todas.<\/p>\n<p>Querr\u00edamos agradecer a   todos y a todas los que participaron y participan en este proceso continuo de   construcci\u00f3n de un sue\u00f1o. Os invitamos a conocer nuestra Escuela, a dar   cursos y a compartir esta conquista.<br \/>   \u00a1Un fuerte abrazo a todos y   a todas!<\/p>\n<p>\u00a0<\/p>\n<\/td>\n<td>\n<p>\u00a0 <\/p>\n<\/td>\n<\/tr>\n<tr>\n<td colspan=\"3\">\n<p>\u00a0<\/p>\n<\/td>\n<\/tr>\n<\/table>\n<p>\u00a0<\/p>\n","protected":false},"excerpt":{"rendered":"<p>Queridos amigos y amigas del MST:<\/p>\n<p>Querr\u00edamos   socializar con vosotros una nueva conquista de la solidaridad entre los   brasile\u00f1os y los pueblos del mundo: la inauguraci\u00f3n de la Escuela Nacional   Florestan Fernandes, el d\u00eda 23 de enero de 2005. Construida en Guararema (a   60km de S\u00e3o Paulo) por 1.115 trabajadores rurales Sin Tierra, la Escuela es   el fruto valioso de nuestra lucha. Fueron cuatro a\u00f1os y medio de trabajo de   voluntarios de asentamientos y acampamentos de todo Brasil. Una obra   realizada por muchas manos con callos de usar el azada.<\/p>\n<p>Despu\u00e9s   de largos a\u00f1os de discusiones colectivas en las diversas instancias del MST,   la Escuela surge con el prop\u00f3sito de hacer pensar, planear, organizar y   desarrollar la formaci\u00f3n pol\u00edtica, t\u00e9cnica e ideol\u00f3gica de los militantes y   dirigentes del Movimiento. Por nacer con el objetivo de capacitar a j\u00f3venes,   mujeres y hombres del medio rural para la producci\u00f3n, comercio y gesti\u00f3n de   los acampamentos y asentamientos, la ENFF tendr\u00e1 una pedagog\u00eda y metodolog\u00eda   adaptada a la realidad de los trabajadores del campo.<\/p>\n<p>Sobre   un terreno de 30 mil metros cuadrados, fueron construidas instalaciones de   ladrillos de solo-cimento (lit., suelo-cemento) fabricados en la   propia escuela. Esta t\u00e9cnica es agro-ecol\u00f3gica, evita la necesidad de revocar   las fachadas, contribuye a disminuir la cantidad de hierro, acero y cemento   en la obra y es m\u00e1s resistente y f\u00e1cil de asentar. En total se dispone de   tres aulas que juntas pueden llegar a albergar hasta a 200 personas, un   auditorio y dos anfiteatros. Los recursos para la construcci\u00f3n de la escuela   fueron recaudados mediante la venta del libro &quot;Tierra&quot;, con textos   de Jos\u00e9 Saramago, canciones de Chico Buarque y fotos de Sebasti\u00e3o Salgado,   contribuciones de organizaciones no gubernamentales (ONGs) europeas y   donaciones de amigos y amigas brasile\u00f1os e internacionales.<\/p>\n<p>   Al maestro con cari\u00f1o  <\/p>\n<p>El   homenaje al maestro y soci\u00f3logo Florestan Fernandes es el resultado de la   admiraci\u00f3n y reconocimiento del MST por su trayectoria de vida incansable y   coherente con la lucha de los trabajadores y trabajadoras. Cr\u00edtico severo del   capitalismo, Florestan Fern\u00e1ndez defendi\u00f3 la libertad, la democracia y una   sociedad m\u00e1s justa y fraterna. Diez a\u00f1os despu\u00e9s de su muerte, su legado y   sus ideas orientan nuestras acciones.<\/p>\n","protected":false},"author":4,"featured_media":0,"comment_status":"open","ping_status":"open","sticky":false,"template":"","format":"standard","meta":{"footnotes":""},"categories":[32],"tags":[],"class_list":["post-100","post","type-post","status-publish","format-standard","hentry","category-america-latina"],"aioseo_notices":[],"_links":{"self":[{"href":"https:\/\/espai-marx.net\/index.php?rest_route=\/wp\/v2\/posts\/100","targetHints":{"allow":["GET"]}}],"collection":[{"href":"https:\/\/espai-marx.net\/index.php?rest_route=\/wp\/v2\/posts"}],"about":[{"href":"https:\/\/espai-marx.net\/index.php?rest_route=\/wp\/v2\/types\/post"}],"author":[{"embeddable":true,"href":"https:\/\/espai-marx.net\/index.php?rest_route=\/wp\/v2\/users\/4"}],"replies":[{"embeddable":true,"href":"https:\/\/espai-marx.net\/index.php?rest_route=%2Fwp%2Fv2%2Fcomments&post=100"}],"version-history":[{"count":0,"href":"https:\/\/espai-marx.net\/index.php?rest_route=\/wp\/v2\/posts\/100\/revisions"}],"wp:attachment":[{"href":"https:\/\/espai-marx.net\/index.php?rest_route=%2Fwp%2Fv2%2Fmedia&parent=100"}],"wp:term":[{"taxonomy":"category","embeddable":true,"href":"https:\/\/espai-marx.net\/index.php?rest_route=%2Fwp%2Fv2%2Fcategories&post=100"},{"taxonomy":"post_tag","embeddable":true,"href":"https:\/\/espai-marx.net\/index.php?rest_route=%2Fwp%2Fv2%2Ftags&post=100"}],"curies":[{"name":"wp","href":"https:\/\/api.w.org\/{rel}","templated":true}]}}