{"id":10033,"date":"2021-07-02T05:00:15","date_gmt":"2021-07-02T04:00:15","guid":{"rendered":"https:\/\/espai-marx.net\/?p=10033"},"modified":"2021-07-02T02:45:31","modified_gmt":"2021-07-02T01:45:31","slug":"entrevista-a-carmen-domingo-sobre-derecho-a-decidir-el-mercado-y-el-cuerpo-de-la-mujer","status":"publish","type":"post","link":"https:\/\/espai-marx.net\/?p=10033","title":{"rendered":"Entrevista a Carmen Domingo sobre <i>Derecho a decidir. El mercado y el cuerpo de la mujer<\/i>"},"content":{"rendered":"<p><em>Carmen Domingo, escritora y colabora en diversos medios de comunicaci\u00f3n, es especialista en temas de la mujer y ha publicado m\u00e1s de veinte t\u00edtulos sobre el tema. En la actualidad realiza talleres sobre violencia machista (tanto en adolescentes como en adultos), as\u00ed como de perspectiva de g\u00e9nero en la empresa. Colabora en <\/em>El Peri\u00f3dico<em>, <\/em>El Pa\u00eds<em> y <\/em>Cuarto Poder<em>. Dirige tambi\u00e9n talleres de t\u00e9cnicas de escritura.<\/em><\/p>\n<p><em>Derecho a decidir. El mercado y el cuerpo de la mujer (Madrid: Akal (A Fondo), 2020) es su \u00faltimo libro publicado. En \u00e9l centramos nuestra conversaci\u00f3n.<\/em><\/p>\n<p style=\"text-align: center;\">*<\/p>\n<p><strong><a href=\"https:\/\/espai-marx.net\/wp-content\/uploads\/2021\/07\/Derecho-a-decidir.jpg\"><img loading=\"lazy\" decoding=\"async\" class=\"alignleft size-full wp-image-10035\" src=\"https:\/\/espai-marx.net\/wp-content\/uploads\/2021\/07\/Derecho-a-decidir.jpg\" alt=\"\" width=\"236\" height=\"364\" srcset=\"https:\/\/espai-marx.net\/wp-content\/uploads\/2021\/07\/Derecho-a-decidir.jpg 236w, https:\/\/espai-marx.net\/wp-content\/uploads\/2021\/07\/Derecho-a-decidir-195x300.jpg 195w\" sizes=\"auto, (max-width: 236px) 100vw, 236px\" \/><\/a>Sobre el t\u00edtulo de su libro: <em>Derecho a decidir\u2026<\/em> \u00bfsobre qu\u00e9? \u00bfQui\u00e9nes deben decidir?<\/strong><\/p>\n<p>Derecho a decidir sobre todo, sobre cualquier cosa. Es bastante sorprendente, o mejor, preocupante, que todav\u00eda en pleno siglo XXI debamos reivindicar, principalmente las mujeres, ese derecho. Que se nos siga tratando como menores de edad en muchos temas.<\/p>\n<p><strong>Adem\u00e1s del pr\u00f3logo (Almudena Grandes) y la presentaci\u00f3n del director de la colecci\u00f3n (Pascual Serrano), su libro se estructura en una introducci\u00f3n (\u00ab\u00bfTenemos las mujeres libertad para decidir qu\u00e9 hacer con nuestro cuerpo?\u00bb), tres cap\u00edtulos (\u00ab\u00bfSomos libres cuando decidimos vender a nuestro hijo?\u00bb, \u00ab\u00bfSomos libres cuando decidimos ofrecer sexo a cambio de dinero?\u00bb, \u00ab\u00bfSomos libres cuando decidimos mostrar o cubrir nuestro cuerpo?\u00bb) y una conclusi\u00f3n (\u00abLa feminizaci\u00f3n de la pobreza impide decidir en libertad\u00bb). \u00bfUn libro feminista para mujeres feministas y activistas? \u00bfPara todos, incluyendo hombres receptivos?<\/strong><\/p>\n<p>Es un libro feminista, claro est\u00e1, pero tanto para feministas como para aquellos o aquellas que no lo sean, o no sepan si lo son. He recibido varias llamadas y mensajes de amigas que s\u00ed que se sent\u00edan feministas, pero que no coincid\u00edan conmigo en todos los temas y a ra\u00edz de la lectura del libro han cambiado su postura.<\/p>\n<p>Vamos, que se han hecho m\u00e1s feministas, si me permites la inmodestia.<\/p>\n<p><strong>Tomando pie en Rousseau, en el <em>El contrato social<\/em>, se\u00f1ala en la Introducci\u00f3n que la aut\u00e9ntica libertad surge de las condiciones materiales, que tal vez la soluci\u00f3n pase porque nadie sea tan pobre como para querer venderse y nadie tan rico como para poder comprar a otros\/as. Pero la situaci\u00f3n en que vive la mayor parte de la Humanidad, especialmente las mujeres, no es esa, muy lejos de ello. \u00bfNo somos entonces realmente libres?<\/strong><\/p>\n<p>Est\u00e1 claro que el dinero, la sociedad en que vivimos, y que en cierta medida perpetuamos, es culpable de buena parte de nuestra \u201cfalta\u201d de capacidad de decisi\u00f3n. \u00bfC\u00f3mo decidir si no tienes los medios para hacerlo? \u00bfC\u00f3mo exigir a alguien que no acepte este o aquel trabajo si de ese trabajo \u23afpor inmoral que sea\u23af depende el pan de sus hijos? \u00bfQui\u00e9n puede decidir entonces? \u00bfC\u00f3mo exigir, desde una situaci\u00f3n privilegiada, a alguien que tome esta o aquella decisi\u00f3n si de esa decisi\u00f3n depende poder comprar la medicaci\u00f3n de su hijo, de su madre? La realidad es que el mercado nos obliga a tomar decisiones que, de no depender de lo material, no tomar\u00edamos.<\/p>\n<p>\u00bfQu\u00e9 hacer entonces? Penalizar, claramente, a aquellos que se aprovechan de las situaciones precarias y montar gobiernos que ayuden a que las mujeres \u23afque son las pobres de los pobres\u23af no se vean obligadas, por ejemplo, a vender su cuerpo o sus propios hijos.<\/p>\n<p><strong>Pero si tuvi\u00e9ramos que penalizar a todos aquellos que se aprovechan de las situaciones precarias de la ciudadan\u00eda trabajadora, especialmente las mujeres trabajadoras, \u00bfno habr\u00eda que penalizar a much\u00edsimas personas, a colectivos que tienen un gran poder?<\/strong><\/p>\n<p>Casi con toda seguridad, esos colectivos de los que hablas lo hacen ampar\u00e1ndose en el sistema legal vigente. As\u00ed que lo suyo es aprovechar cuando tenemos gobiernos de izquierda y que redacten legislaciones que modifiquen esos desprop\u00f3sitos laborales.<\/p>\n<p><strong>La cito: \u00abEl lenguaje es pol\u00edtica, de modo que ni en este ni en otros muchos temas debemos utilizar ni una sola palabra consecuencia del azar o la tradici\u00f3n sino escogerlas de forma consciente\u00bb. \u00bfPor qu\u00e9 es tan importante el lenguaje?<\/strong><\/p>\n<p>Me agarro a ejemplos t\u00f3picos y manidos: no es lo mismo un zorro que una zorra, no es lo mismo un lagarto que una lagarta. El uso de las palabras determina el mensaje y lo que codifica el receptor. Por eso es tan importante, hasta que vivamos en una sociedad igualitaria, tener muy claro los usos de las palabras.<\/p>\n<p><strong>\u00bfDebemos hablar de \u201cvientres de alquiler\u201d o de \u201cmaternidad o gestaci\u00f3n subrogada\u201d?<\/strong><\/p>\n<p>Sin duda de \u201cvientres de alquiler\u201d, porque lo que hacen es eso: alquilar a una mujer, su vientre, y quedarse con su hijo.<\/p>\n<p>La otra definici\u00f3n, como est\u00e1 asociada a algo positivo (maternidad o gestaci\u00f3n subrogada), nos hace asociar el hecho de tener que vender a tu hijo a la maternidad real, y no, claro, a esa madre le pagan por llevarse a su hijo.<\/p>\n<p><strong>\u00bfY qui\u00e9nes usan la expresi\u00f3n \u201cmaternidad o gestaci\u00f3n subrogada\u201d? \u00bfLo hacen para confundirnos, para enga\u00f1arnos?<\/strong><\/p>\n<p>Tanto las agencias que se lucran con el negocio de los vientres de alquiler, como aquellos que salen al extranjero a negociar para tener un hijo, utilizan eufemismos. A nadie le gusta que le digan, aunque lo sepa, que ha salido al extranjero a realizar una acci\u00f3n determinada porque sabe que lo que quiere hacer es delito en su pa\u00eds. As\u00ed, pues, bienvenido sea el eufemismo si sirve para tranquilizar conciencias.<\/p>\n<p><strong>\u00bfCu\u00e1les ser\u00edan sus principales cr\u00edticas a esos \u201cacuerdos\u201d de gestaci\u00f3n para otros? El llamado feminismo liberal apela a la libertad y al criterio propio de las mujeres adultas. Se afirma incluso que es un trabajo; mejor que otros, se a\u00f1ade en ocasiones.<\/strong><\/p>\n<p>El llamado feminismo liberal procede del neoliberalismo. Es, para ser m\u00e1s exactos, un enga\u00f1o m\u00e1s de este. Es ese \u201cfeminismo\u201d que se ampara en la libertad para decidir. Y de nuevo entra la pregunta: \u00bfqu\u00e9 libertad tiene para decidir aquella mujer que no tiene dinero para comprar comida?<\/p>\n<p><strong>Podr\u00edan responder, no digo que sea mi respuesta: la misma libertad que tiene una mujer, que no tiene dinero para comprar comida, para negarse a trabajar en una f\u00e1brica automovil\u00edstica, por ejemplo.<\/strong><\/p>\n<p>Cierto, jugamos de nuevo con los derechos humanos. Mal que bien los contratos laborales est\u00e1n regidos y legislados, con su horario, sus convenios establecidos, incluso con su sindicaci\u00f3n y caso de no cumplir lo acordado puedes denunciar al empresario o apoyarte en los sindicatos. En el caso de la prostituci\u00f3n y los vientres de alquiler, la cosa cambia radicalmente.<\/p>\n<p>Primero: cuesta asumir, en realidad solo pensar la inmoralidad deber\u00eda sonrojarnos, un trabajo en el que tu jornada laboral sea de 24 horas durante nueve meses, en el caso de los vientres de alquiler, y en el de la prostituci\u00f3n 24 horas con \u201ccontrato indefinido\u201d.<\/p>\n<p>Segundo: no se puede legislar la compra-venta de personas, ya sea beb\u00e9, ya sea el cuerpo de las mujeres para su uso. La esclavitud se aboli\u00f3 hace tiempo.<\/p>\n<p>Por no hablar de que no parece comparable apretar tornillos y chupar pollas.<\/p>\n<p><strong>Comenta en el primer cap\u00edtulo que la industria de los \u2018vientres de alquiler\u2019 son un negocio internacional que genera muchos beneficios anuales. \u00bfNos puede dar algunas cifras para hacernos idea de la situaci\u00f3n? \u00bfHay tambi\u00e9n negocio y beneficiados en Espa\u00f1a a pesar de no ser una pr\u00e1ctica legal?<\/strong><\/p>\n<p>Las cifras var\u00edan a diario, es un negocio que no para, un negocio en alza porque cada vez son m\u00e1s las mujeres pobres que no ven salida. Se habla de 6.000 millones de d\u00f3lares anuales. La cifra aumentar\u00e1, sin duda, con los meses, si no logramos pararlo.<\/p>\n<p>En Espa\u00f1a no hay datos oficiales. Ya sabes que los datos asociados a delitos no siempre es f\u00e1cil obtenerlos.<\/p>\n<p><strong>Pero aunque no haya datos oficiales, \u00bfhay datos aproximados? \u00bfSe han realizado alg\u00fan c\u00e1lculo?<\/strong><\/p>\n<p>Es complicado, como te digo, lo m\u00e1ximo se juega con esa cifra a nivel mundial.<\/p>\n<p>Pero vamos, se puede hacer un c\u00e1lculo, aunque sea por lo bajo, partiendo de que se calcula que llegan a Espa\u00f1a al a\u00f1o unos 1.000 beb\u00e9s consecuencia de un contrato de vientre de alquiler.<\/p>\n<p>As\u00ed, si calculamos que el coste de alquilar a una mujer puede variar entre 40.000 euros, en los pa\u00edses m\u00e1s pobres, hasta 250.000 si son m\u00e1s ricos y t\u00fa pides m\u00e1s requisitos, qu\u00e9 se yo, que sean gemelos, que sean de determinado sexos, autorizar a provocar un aborto si por lo que sea te arrepientes\u2026 y que las mujeres \u201ccontratadas\u201d no suelen llevarse ni un tercio de lo apalabrado, no es dif\u00edcil darse cuenta de que los ceros corren a favor de varias empresas involucradas en el negocio de la compra\u2013venta: abogados, agencias de viaje, intermediarios, cl\u00ednica, farmac\u00e9uticas, equipo sanitario&#8230;<\/p>\n<p><strong>Se define como abolicionista y se\u00f1ala que las abolicionistas defienden que \u00abno existe posibilidad alguna de regulaci\u00f3n de la compra de mujeres para practicar el sexo\u00bb. \u00bfEs entonces partidaria de la prohibici\u00f3n de la prostituci\u00f3n? \u00bfSe trata de perseguir a los <em>consumidores<\/em>, a los puteros?<\/strong><\/p>\n<p>Se trata no solo de perseguir a puteros y proxenetas, por supuesto, sino tambi\u00e9n de dar una soluci\u00f3n como pa\u00eds a esas mujeres que llegan de otros pa\u00edses y entran en la trata, a esas mujeres, nacionales o no, que a falta de recursos se ven obligadas a trabajar con su cuerpo&#8230;<\/p>\n<p>En definitiva, que la prostituci\u00f3n sea un delito para aquel que la fomenta y la consume, pero que a las personas obligadas a ejercerla se les d\u00e9 una soluci\u00f3n, una ayuda.<\/p>\n<p><strong>\u00bfQu\u00e9 tipo de ayuda? \u00bfExisten pr\u00e1cticas exitosas en estas ayudas?<\/strong><\/p>\n<p>En Espa\u00f1a no existen, porque el tema de la prostituci\u00f3n est\u00e1 en un limbo alegal que no sabemos a d\u00f3nde nos va a llevar, aunque s\u00ed existen ayudas a colectivos desfavorecidos.<\/p>\n<p>Pero en Suecia, por ejemplo, la abolici\u00f3n de la prostituci\u00f3n y las ayudas a las mujeres, as\u00ed como la estricta penalizaci\u00f3n del putero y de las mafias ha llevado, casi, a la eliminaci\u00f3n por completo de ese sector.<\/p>\n<p><strong>Entonces Suecia podr\u00eda ser un referente en la forma de enfocar en nuestro pa\u00eds el tema de la prostituci\u00f3n.<\/strong><\/p>\n<p>Sin duda. Al contrario que Alemania, que regul\u00f3 la prostituci\u00f3n y ha acabado incrementando el problema, las mujeres, la trata\u2026<\/p>\n<p>Por no hablar de que se ha producido una situaci\u00f3n que no deja de ser kafkiana. Tanto defender la legalizaci\u00f3n de la prostituci\u00f3n, se ha acabado regulando, y cuando una trabajadora alemana se quedaba sin trabajo y acud\u00eda a la oficina del paro que le correspond\u00eda, si hab\u00eda sitio para trabajar en un burdel se lo ofrec\u00edan y, en caso de negarse, perd\u00eda la prestaci\u00f3n laboral.<\/p>\n<p><strong>\u00bfDeber\u00edamos hablar de trabajadoras sexuales o de trabajadoras del sexo? No s\u00f3lo es lenguaje de la derecha, algunas feministas de izquierda tambi\u00e9n lo usan. Un ejemplo: Mar\u00eda Luisa Maqueda Abreu, \u00abC\u00f3mo construir &#8216;v\u00edctimas ficticias&#8217; en nombre de las libertades sexuales de las mujeres\u00bb <a href=\"http:\/\/www.mientrastanto.org\/boletin-196\/notas\/como-construir-victimas-ficticias-en-nombre-de-las-libertades-sexuales-de-las-muje\">http:\/\/www.mientrastanto.org\/boletin-196\/notas\/como-construir-victimas-ficticias-en-nombre-de-las-libertades-sexuales-de-las-muje<\/a>: \u00abLa indiferencia ante el consentimiento de las trabajadoras de sexo es un signo distintivo del pensamiento abolicionista acerca de la prostituci\u00f3n. Constituye una poderosa excepci\u00f3n al reconocimiento de las libertades sexuales de las mujeres que no puede ser entendida m\u00e1s que sobre bases estrictamente ideol\u00f3gicas. Sus pilares se sustentan, esencialmente, en la negaci\u00f3n de la autonom\u00eda de las prostitutas y la afirmaci\u00f3n de una sexualidad victimizada que se nutre de elementos de involuntariedad y de degradaci\u00f3n.\u00bb<\/strong><\/p>\n<p>En ning\u00fan caso y bajo ning\u00fan concepto debemos hablar de trabajadoras del sexo. No se trabaja con el cuerpo. Ese ser\u00eda otro ejemplo de uso torticero de las palabras. La prostituci\u00f3n no es un trabajo, es una explotaci\u00f3n de la mujer y como tal se debe hablar de ella. Si le damos categor\u00eda de trabajo a la prostituci\u00f3n consideramos a los proxenetas empresarios. En el lenguaje progre que nos rodea me atrever\u00eda a decir que ser\u00edan considerados emprendedores.<\/p>\n<p><strong>Algunos colectivos dir\u00edan que s\u00ed, que los proxenetas son empresarios-emprendedores o intermediarios y que por eso deber\u00edamos autorizar la existencia de sindicatos de \u201ctrabajadoras del sexo\u201d, que pudieran garantizar una situaci\u00f3n mejor, con mejores condiciones, para las mujeres que se ven abocadas a estas pr\u00e1cticas.<\/strong><\/p>\n<p>Gente inmoral para la que cualquier argumento vale con tal de conseguir dinero a costa de lo que sea. Es un cl\u00e1sico en la sociedad en que vivimos. Basta con que no les demos mecanismos para actuar y, si se los \u201ctoman\u201d, que los metamos en la c\u00e1rcel por traficar con mujeres.<\/p>\n<p><strong>\u00bfC\u00f3mo se explica, habla de ello en el segundo cap\u00edtulo del libro, que desde mediados de los a\u00f1os noventa se viva en nuestro pa\u00eds un crecimiento progresivo y sostenido de mujeres en situaci\u00f3n de prostituci\u00f3n? \u00bfPor qu\u00e9 hay tanto consumo de pornograf\u00eda?<\/strong><\/p>\n<p>Es el mercado, amigo. Un cl\u00e1sico. No hay nada que mueva tanto dinero como \u00abmujeres que no existen, que no se quejan, que trabajan sin descanso, por las que no se paga a la seguridad social\u00bb. El consumo de pornograf\u00eda, hay muchos estudios que lo explican, hace reproducir \u23afllevado al l\u00edmite\u23af todos los estigmas del patriarcado. Una sociedad patriarcal educa a sus hijos con los mismos criterios, y de ah\u00ed nace el auge de la pornograf\u00eda.<\/p>\n<p>\u00bfQu\u00e9 pasa m\u00e1s adelante? Que los consumidores de pornograf\u00eda, casi con toda seguridad, ser\u00e1n consumidores de prostituci\u00f3n.<\/p>\n<p>Poco m\u00e1s que a\u00f1adir. Sigue en marcha la rueda econ\u00f3mica.<\/p>\n<p><strong>\u00bfHay estudios que confirmen esa implicaci\u00f3n que se\u00f1ala, que el consumo juvenil o adolescente de pornograf\u00eda comporta posteriormente consumo de prostituci\u00f3n?<\/strong><\/p>\n<p>Hay estudios que lo confirman pero es complicado tener un resultado muy amplio. No solo porque estamos hablando de estudios de a\u00f1os que necesitan mucha financiaci\u00f3n, sino porque es un sector que genera tanto dinero que cuesta conseguir una implicaci\u00f3n estatal para realizarlos.<\/p>\n<p>Est\u00e1 claro que, sea del signo que sea el partido que est\u00e9 en el gobierno, resolver los problemas que ata\u00f1en a las mujeres nunca est\u00e1 en las prioridades de su agenda.<\/p>\n<p><strong>Sostiene que el debate sobre el velo est\u00e1 muy desenfocado en los medios de comunicaci\u00f3n. \u00bfPor qu\u00e9?<\/strong><\/p>\n<p>No hay m\u00e1s que mirar a nuestro alrededor. El debate del velo est\u00e1, de nuevo, asociado a esa falsa capacidad de decidir que tenemos las mujeres que acaba coloc\u00e1ndonos a las \u00f3rdenes de los hombres, de sus criterios, de sus filias y sus fobias. A ese problema se le a\u00f1ade tambi\u00e9n que en alg\u00fan momento, desde la izquierda, se defendi\u00f3 la defensa de la diversidad, y en aras de esa diversidad se salt\u00f3 a la defensa a la libertad de todo tipo de vestimenta. Ca\u00edmos en la trampa.<\/p>\n<p>Yo no soy menos defensora de la diversidad porque denuncie el uso del hiyab en mujeres y ni\u00f1as. Sin embargo, este discurso todav\u00eda cuesta verlo en medios que, claro, tienen en el fondo un poso de patriarcado del que no acaban de salir.<\/p>\n<p><strong>Pero hay organizaciones o colectivos de izquierda, tambi\u00e9n el feminismo de la diferencia, que defienden el uso del velo, o incluso del burka, con el argumento de que, en esencia, es un signo de identidad cultural como otro cualquiera. Usted no coincide con esas posiciones; dice, por ejemplo, que \u201cpa\u00f1uelo y libertad son un ox\u00edmoron\u201d. \u00bfPor qu\u00e9?<\/strong><\/p>\n<p>\u00daltimamente no pierdo ni un minuto a discutir esas \u201cmoderneces\u201d con la izquierda progre. Matan a mujeres por no llevar el pa\u00f1uelo, las encarcelan, las torturan. \u00bfQue aqu\u00ed no hacemos eso? Primero no sabemos el grado de coacci\u00f3n que sufren las ni\u00f1as que acuden a sus centros de estudio o trabajo con el pa\u00f1uelo; segundo, no sabemos si esas mismas ni\u00f1as, en otras condiciones, lo har\u00edan tambi\u00e9n o no, y, por \u00faltimo, una sola ni\u00f1a o mujer en el mundo que sufra represi\u00f3n por no hacerlo me sirve para defender la prohibici\u00f3n de su uso, al menos en espacios p\u00fablicos.<\/p>\n<p>La defensa de los colectivos de izquierda cada vez me parece m\u00e1s que tiene que ver con que solo piensan en el voto y no en las mujeres. La verdadera cuesti\u00f3n es \u00bfpor qu\u00e9 da votos defender el velo?<\/p>\n<p><strong>Entonces, en su opini\u00f3n, \u00bfdeber\u00eda prohibirse el uso de esas prendas en los espacios p\u00fablicos, en los centros administrativos, sanitarios y educativos por ejemplo?<\/strong><\/p>\n<p>Sin duda. En los pa\u00edses laicos, o aconfesionales, no deber\u00eda haber ni una, ni una imagen o s\u00edmbolo religioso en espacios p\u00fablicos.<\/p>\n<p><strong>Pero de hecho, los hay. Existen hospitales p\u00fablicos (tambi\u00e9n privados desde luego) que llevan el nombre de santos o santas cat\u00f3licas. Se podr\u00eda argumentar: hasta que no estemos en condiciones de laicidad o aconfesionalidad real y generalizadas, no nos queda otra que permitir otras pruebas de religiosidad. Ser\u00eda inconsistente prohibir el burka en los espacios p\u00fablicos y permitir que monjas de tal o cual orden, que tambi\u00e9n van muy cubiertas, acudan como les apetezca a esos mismos espacios.<\/strong><\/p>\n<p>Es que yo, cuando hablo de prohibir el burka o el hiyab en los espacios p\u00fablicos, no me refiero solo a los s\u00edmbolos asociados a la religi\u00f3n musulmana sino a cualquier s\u00edmbolo religioso, sea de la religi\u00f3n que sea.<\/p>\n<p>Estar\u00eda bien que aprendi\u00e9ramos un poco de los franceses: usted en su casa lo que quiera, pero aqu\u00ed, en la escuela, en los hospitales, o en la administraci\u00f3n no, porque la imagen que tiene que dar el estado es la de laicidad, no la de sumisi\u00f3n religiosa.<\/p>\n<p><strong>La cito de nuevo: \u00abel buenismo de cierta izquierda obliga a respetar un hiyab en aras de una cultura que no respeta a las mujeres, a vender nuestros cuerpos porque eso supone tambi\u00e9n una defensa de nuestro derecho a trabajar en lo que queramos\u00bb. \u00bfA qu\u00e9 izquierda se refiere?<\/strong><\/p>\n<p>Fundamentalmente, a la izquierda nacida a ra\u00edz de las movilizaciones del 15M que, m\u00e1s que izquierda, es un grupo de gente sin mucha ideolog\u00eda cansada de lo anterior.<\/p>\n<p>S\u00ed, supongo que alguien quedar\u00e1 de izquierdas, pero diluido en medio de esa heterogeneidad de personas. Es necesario que reaccione esa parte de la izquierda y que acepte que apoyar un s\u00edmbolo del patriarcado religioso no puede ser ni respecto a ninguna minor\u00eda ni signo de modernidad. Si no defendemos esa laicidad, parecer\u00e1 que es la ultraderecha la \u00fanica que se enfrenta a la opresi\u00f3n patriarcal isl\u00e1mica, cuando solo lo hace para reivindicar la cat\u00f3lica y no mostrar su xenofobia<\/p>\n<p><strong>Por cierto, esta izquierda de la que hablamos tiene un proyecto de ley trans que es objeto de muchos y encendidos debates. \u00bfTiene alguna opini\u00f3n sobre este tema?<\/strong><\/p>\n<p>M\u00e1s de lo mismo. Una parte de la izquierda se ha dejado enga\u00f1ar por la supuesta \u201cdiversidad\u201d en aras de comprar el discurso al patriarcado. Ahora, seg\u00fan ellos, si te gusta ir de rosa y llevar falda ser\u00e1s una ni\u00f1a. Adem\u00e1s ese sentimiento de g\u00e9nero (alucinante que en pleno siglo XXI el g\u00e9nero no sea algo a abolir, Pilar Primo de Rivera estar\u00eda encantada) puede utilizarse para cambiar el DNI.<\/p>\n<p>Por la salud mental de este pa\u00eds espero que miren a su alrededor y se den cuenta no solo de que legislar un sentimiento es una barbaridad &#8211;\u00a1Michael Jackson toda la vida sinti\u00e9ndose blanco y ya ves!&#8211; sino que en muchos de los pa\u00edses en los que se aplica la ley, hay denuncias de los implicados (la mayor\u00eda menores) es incluso est\u00e1n tratando de suprimirla.<\/p>\n<p>De todos modos es un tema demasiado extenso como para resumirlo en una respuesta breve. En cualquier caso, y por resumir, creo que la diversidad es una trampa en la que ha ca\u00eddo cierta izquierda y que para el bien de todos espero que se salga de ella. Yo creo, de todos modos, que tanto dentro de IU, como dentro de Podemos y del PSOE, no existe una posici\u00f3n monol\u00edtica al respecto, al menos no en sus bases. Y es a esas bases a las que hemos de apelar para evitar que se apruebe esa ley.<\/p>\n<p><strong>En los compases \u00faltimos del libro afirma que el siglo XXI debe ser el de la verdadera revoluci\u00f3n feminista, que este siglo ser\u00e1 feminista o no ser\u00e1. \u00bfC\u00f3mo concibe esa verdadera revoluci\u00f3n feminista? \u00bfUna revoluci\u00f3n de mujeres contra hombres opresores que instaure un matriarcado socialista?<\/strong><\/p>\n<p>La verdad es que en esos \u00faltimos compases he hecho un gui\u00f1o a la frase de Clara Campoamor en los a\u00f1os treinta. Estaba convencida de que hab\u00eda llegado el siglo de las mujeres y est\u00e1 claro que no ha sido as\u00ed y yo, fantaseando, quiero creerme que ser\u00e1 este que acaba de empezar.<\/p>\n<p>De todos modos, te dir\u00eda que confirme pasan los meses lo veo m\u00e1s negro para las mujeres. Ya ni me atrevo a hacer planes al respecto.<\/p>\n<p><strong>Si pensamos en las movilizaciones de los \u00faltimos a\u00f1os, parece que el feminismo est\u00e9 m\u00e1s fuerte que nunca. Sin embargo, se habla tambi\u00e9n en ocasiones de que el feminismo est\u00e1 roto. \u00bfCu\u00e1l es la situaci\u00f3n en su opini\u00f3n?<\/strong><\/p>\n<p>Quiz\u00e1s s\u00ed, quiz\u00e1s el feminismo est\u00e9 m\u00e1s fuerte que nunca, pero seguimos sin tener dinero, sin tener poder. El poder, somos siempre, sigue en manos del dinero o de los y las que lo pueden mover y esas, cr\u00e9enme, no son feministas ni por as\u00ed, por m\u00e1s que se hagan llamar as\u00ed.<\/p>\n<p><strong>Entonces, eso de que el feminismo est\u00e1 roto no es una afirmaci\u00f3n que le convenza mucho.<\/strong><\/p>\n<p>No, porque todos esos que lo dicen, desde mi punto de vista, no son feministas.<\/p>\n<p><strong>En \u00abDeserci\u00f3n de la izquierda\u00bb (<a href=\"https:\/\/lluisrabell.com\/2020\/11\/11\/si-la-izquierda-desertase\/\">https:\/\/lluisrabell.com\/2020\/11\/11\/si-la-izquierda-desertase\/<\/a>), Llu\u00eds Rabell citaba al final de su escrito unas palabras suyas: \u00abNos han dejado solas\u00bb. \u00bfQui\u00e9nes les han dejado solas? \u00bfPor qu\u00e9?<\/strong><\/p>\n<p>Nos ha dejado solas una parte de la izquierda que, me temo, va a acabar arrepinti\u00e9ndose de hacerlo. De hecho, sinceramente, espero que rectifiquen o ver\u00e1n sus consecuencias en los resultados electorales.<\/p>\n<p><strong>\u00bfA qu\u00e9 parte de la izquierda hace referencia? \u00bfAl PSOE? \u00bfA Podemos? \u00bfA la izquierda nacionalista?<\/strong><\/p>\n<p>Yo creo que hay confusi\u00f3n en todos los partidos de la izquierda y gente l\u00facida tambi\u00e9n en todos esos partidos. Lo que se necesita es que las posiciones m\u00e1s sensatas sean las que se reflejen en las propuestas del gobierno de coalici\u00f3n. No me resigno a pensar que las voces m\u00e1s prestigiosas y valiosas del feminismo espa\u00f1ol sigan siendo ignoradas por este gobierno.<\/p>\n<p><strong>\u00bfQuiere a\u00f1adir algo m\u00e1s?<\/strong><\/p>\n<p>Solo que yo, como Clara Campoamor, sigo confiando en que el siglo XXI ser\u00e1 el de las mujeres, hembras de la especia humana, claro.<\/p>\n<p>Fuente: <em>El Viejo Topo<\/em>, junio de 2021.<\/p>\n","protected":false},"excerpt":{"rendered":"<p>Carmen Domingo, escritora y colabora en diversos medios de comunicaci\u00f3n, es especialista en temas de la mujer y ha publicado<\/p>\n","protected":false},"author":5,"featured_media":10034,"comment_status":"open","ping_status":"open","sticky":false,"template":"","format":"standard","meta":{"footnotes":""},"categories":[1548,1557],"tags":[1724,1723,920,1161],"class_list":["post-10033","post","type-post","status-publish","format-standard","has-post-thumbnail","hentry","category-politica","category-sociedad","tag-carmen-domingo","tag-derecho-a-decidir","tag-entrevista-a-autor","tag-feminismo"],"aioseo_notices":[],"_links":{"self":[{"href":"https:\/\/espai-marx.net\/index.php?rest_route=\/wp\/v2\/posts\/10033","targetHints":{"allow":["GET"]}}],"collection":[{"href":"https:\/\/espai-marx.net\/index.php?rest_route=\/wp\/v2\/posts"}],"about":[{"href":"https:\/\/espai-marx.net\/index.php?rest_route=\/wp\/v2\/types\/post"}],"author":[{"embeddable":true,"href":"https:\/\/espai-marx.net\/index.php?rest_route=\/wp\/v2\/users\/5"}],"replies":[{"embeddable":true,"href":"https:\/\/espai-marx.net\/index.php?rest_route=%2Fwp%2Fv2%2Fcomments&post=10033"}],"version-history":[{"count":0,"href":"https:\/\/espai-marx.net\/index.php?rest_route=\/wp\/v2\/posts\/10033\/revisions"}],"wp:featuredmedia":[{"embeddable":true,"href":"https:\/\/espai-marx.net\/index.php?rest_route=\/wp\/v2\/media\/10034"}],"wp:attachment":[{"href":"https:\/\/espai-marx.net\/index.php?rest_route=%2Fwp%2Fv2%2Fmedia&parent=10033"}],"wp:term":[{"taxonomy":"category","embeddable":true,"href":"https:\/\/espai-marx.net\/index.php?rest_route=%2Fwp%2Fv2%2Fcategories&post=10033"},{"taxonomy":"post_tag","embeddable":true,"href":"https:\/\/espai-marx.net\/index.php?rest_route=%2Fwp%2Fv2%2Ftags&post=10033"}],"curies":[{"name":"wp","href":"https:\/\/api.w.org\/{rel}","templated":true}]}}