{"id":10045,"date":"2021-07-04T05:00:57","date_gmt":"2021-07-04T04:00:57","guid":{"rendered":"https:\/\/espai-marx.net\/?p=10045"},"modified":"2021-07-05T04:14:30","modified_gmt":"2021-07-05T03:14:30","slug":"impresiones-sobre-la-representacion-de-la-boheme-en-el-liceo-de-barcelona","status":"publish","type":"post","link":"https:\/\/espai-marx.net\/?p=10045","title":{"rendered":"Impresiones sobre la representaci\u00f3n de <i>La Boh\u00e8me<\/i> en el Liceo de Barcelona"},"content":{"rendered":"<p>M\u00fasica: Giacomo Puccini (1895), estrenado en Torino en 1896. Texto: basado en la obra de Henri Murger <em>Sc\u00e8nes de la vie de Boh\u00e8me<\/em> (1851). Direcci\u00f3n esc\u00e9nica: \u00c0lex Oll\u00e9. Estreno: Gran Teatro Liceo de Barcelona del 14\/6\/21 a 2\/7\/21.<\/p>\n<p>&nbsp;<\/p>\n<p>El lunes 14 de junio se estren\u00f3, como la pen\u00faltima opera de la temporada 2020-2021, la <em>Boh\u00e8me<\/em> en el Liceo de Barcelona. En el comentario publicado en <em>La Vanguardia<\/em> del d\u00eda siguiente se dec\u00eda; \u00ab&#8230;hubo quienes silbaron al equipo de producci\u00f3n cuando sali\u00f3 a saludar\u2026\u00bb, un d\u00eda despu\u00e9s en <em>ABC<\/em> se comenta \u00ab&#8230;sonoros abucheos para el equipo esc\u00e9nico, como viene siendo ya casi tradicional en estrenos de propuestas innovadoras\u2026\u00bb, y <em>El Pa\u00eds<\/em> titula su comentario como \u00abEl Liceo acoge entre aplausos y abucheos el montaje de \u00c0lex Oll\u00e9 que ambienta la opera de Puccini en una barriada de nuestros d\u00edas\u00bb. Yo tenia entradas para hoy y finalmente la he visto esta tarde.<\/p>\n<p>Durante los \u00faltimos doce a\u00f1os suelo ver dos o tres montajes de opera por a\u00f1o en el Liceo (bono popular). Unos me gustan m\u00e1s y otros no tanto pero siempre se encuentran momentos musicales y de canto que compensan el conjunto. M\u00e1s all\u00e1 de lo personal me siento incompetente para opinar sobre m\u00fasica, voces y danza, pero s\u00ed respecto al montaje, direcci\u00f3n de escena, y espect\u00e1culo en su totalidad. Una representaci\u00f3n de \u00f3pera con partitura musical contrastada no siempre es percibida igual, depender\u00e1 de quienes la ejecuten y dirijan. Igualmente, la adaptaci\u00f3n de las voces a la partitura y momento de los interpretes influyen en el resultado musical final. Paralelamente, como ocurre en todo espect\u00e1culo teatral en directo, el montaje, escenograf\u00eda y direcci\u00f3n tambi\u00e9n condicionan el todo y la percepci\u00f3n subjetiva de los espectadores. Admitamos que de estos \u00faltimos a unos les interesa m\u00e1s una parte que otra o viceversa. En mi caso, valoro las partes pero sobre todo el conjunto, lo que me lleva, una vez visto el espect\u00e1culo y ante los comentarios de prensa mencionados, a exponer mi opini\u00f3n.<\/p>\n<p><em>La Boh\u00e8me<\/em> de Puccini est\u00e1 considerada para algunos como la mejor obra de su autor (musicalmente prefiero <em>Turandot<\/em>). La he visto dos veces con id\u00e9ntica escenograf\u00eda y montaje, representando la \u00e9poca de finales del siglo XIX cuando se estren\u00f3. Esta tercera mantiene obviamente texto y m\u00fasica original pero con un montaje renovado y actualizado que el director de escena materializa en los siguientes elementos: la acci\u00f3n no transcurre en el Montmartre parisino donde hoy ser\u00eda dif\u00edcil que un estudiante sin recursos pueda adquirir una habitaci\u00f3n. Sucede en una barriada popular de la periferia de esta ciudad. Mim\u00ed no enferma y muere de tuberculosis sino de c\u00e1ncer, enfermedad m\u00e1s com\u00fan en nuestro tiempo. Y, finalmente, vestuario, ambiente y vida cotidiana corresponden al momento actual.<\/p>\n<p>El primer acto, donde Mim\u00ed y el poeta Adolfo se conocen, se nos presenta como una \u201ccolmena\u201d de fr\u00edos edificios suburbanos donde malviven y se enamoran. Es el mismo escenario del cuarto y \u00faltimo acto en el que Mim\u00ed muere. El tercer acto representa una peque\u00f1a plaza del mismo barrio mientras nieva. El segundo acto, cuando sale la pareja para para encontrarse con los amigos de \u00e9l, ilusionados de su reciente flechazo, es sin duda el m\u00e1s novedoso, creativo e interesante de este actualizado montaje de la <em>Boh\u00e8me<\/em>. Es donde la partitura musical le permite al director de escena Oll\u00e9 desplegar su capacidad de hacer art\u00edstico, donde crea un ambiente l\u00fadico popular. Partiendo del barrio multicultural, la pareja pasa por un mercadillo con manteros y gran bullicio hasta llegar al Caf\u00e8 Momus (este aparece en escena de forma din\u00e1mica) donde todos se sientan en torno a una de las mesas. La din\u00e1mica de acci\u00f3n dentro del local pocas pel\u00edculas la consiguen: camareras de estilo er\u00f3tico en permanente movimiento, Musetta dando celos a Marcelo mientras canta en plan Gilda reclinada sobre una mesa\u2026, empiezan a llegar ni\u00f1os, guardias de orden, gente y m\u00e1s gente a las puertas del caf\u00e9, aparecen las \u201cmajorettes\u201d&#8230; Es la fiesta. Todo un espect\u00e1culo con m\u00e1s de sesenta personas en el escenario, incluido el siempre m\u00e1s que correcto Coro del Liceo entre ellos, cantando la m\u00fasica de Puccini.<a href=\"https:\/\/espai-marx.net\/wp-content\/uploads\/2021\/07\/boheme1-e1625276484889.png\"><img loading=\"lazy\" decoding=\"async\" class=\"size-full wp-image-10048 aligncenter\" src=\"https:\/\/espai-marx.net\/wp-content\/uploads\/2021\/07\/boheme1-e1625276484889.png\" alt=\"\" width=\"660\" height=\"440\" \/><\/a><\/p>\n<p>Todo un espect\u00e1culo digno de ver y o\u00edr gracias al arte del montaje; del director de escena (y correctos interpretes, voces y m\u00fasica). Precisamente lo que criticaron algunos el d\u00eda del estreno y han seguido dirigiendo quejas por escrito al Liceo, seg\u00fan me informo una acomodadora. No es la primera vez que un sector (Amics del Liceu, club privado de este) se queja tras un montaje novedoso. Ocurri\u00f3 en 2011 cuando Calixto Bieito mont\u00f3 <em>Carmen<\/em> con una escenograf\u00eda del los a\u00f1os sesenta. \u00bfQue pretende este sector? \u00bfA quien representa?<\/p>\n<p>Por mi parte, felicitar a \u00c0lex Oll\u00e8 y a quienes en \u00e9l confiaron, y bienvenido sea este montaje que refresca el arte de la opera y lo puede acercan a las nuevas generaciones, y dejemos a quienes se quejan, , a este sector o clase, sin argumentos manifiestos.<\/p>\n<p><a href=\"https:\/\/espai-marx.net\/wp-content\/uploads\/2021\/07\/boheme2-e1625276547268.jpg\"><img loading=\"lazy\" decoding=\"async\" class=\"aligncenter size-full wp-image-10049\" src=\"https:\/\/espai-marx.net\/wp-content\/uploads\/2021\/07\/boheme2-e1625276547268.jpg\" alt=\"\" width=\"714\" height=\"440\" \/><\/a><\/p>\n<p><strong>Nota sobre el director de escena<\/strong><\/p>\n<p>\u00c0lex Oll\u00e9 \u2013 cofundador del grupo teatral La Fura dels Baus- realiz\u00f3 esta versi\u00f3n de <em>La Boh\u00e8me<\/em> en 2016 por encargo del Teatro Reggio de Torino para celebrar el 120 aniversario de la presentaci\u00f3n y estreno mundial de dicha obra, posteriormente representada en Roma y otros lugares con buena acogida hasta esta de Barcelona. Oll\u00e9 lleva m\u00e1s de veinte a\u00f1os dirigiendo montajes de \u00f3peras y es reconocido y valorado mundialmente por su creativa adaptaci\u00f3n de obras como <em>Carmen<\/em> o <em>Norma<\/em>, que se presentar\u00e1 en el Liceo la pr\u00f3xima temporada, entre otras.<\/p>\n<p>Antonio Ruiz (22\/06\/21)<\/p>\n","protected":false},"excerpt":{"rendered":"<p>M\u00fasica: Giacomo Puccini (1895), estrenado en Torino en 1896. Texto: basado en la obra de Henri Murger Sc\u00e8nes de la<\/p>\n","protected":false},"author":5,"featured_media":10046,"comment_status":"open","ping_status":"open","sticky":false,"template":"","format":"standard","meta":{"footnotes":""},"categories":[19],"tags":[1728],"class_list":["post-10045","post","type-post","status-publish","format-standard","has-post-thumbnail","hentry","category-cultura","tag-opera"],"aioseo_notices":[],"_links":{"self":[{"href":"https:\/\/espai-marx.net\/index.php?rest_route=\/wp\/v2\/posts\/10045","targetHints":{"allow":["GET"]}}],"collection":[{"href":"https:\/\/espai-marx.net\/index.php?rest_route=\/wp\/v2\/posts"}],"about":[{"href":"https:\/\/espai-marx.net\/index.php?rest_route=\/wp\/v2\/types\/post"}],"author":[{"embeddable":true,"href":"https:\/\/espai-marx.net\/index.php?rest_route=\/wp\/v2\/users\/5"}],"replies":[{"embeddable":true,"href":"https:\/\/espai-marx.net\/index.php?rest_route=%2Fwp%2Fv2%2Fcomments&post=10045"}],"version-history":[{"count":0,"href":"https:\/\/espai-marx.net\/index.php?rest_route=\/wp\/v2\/posts\/10045\/revisions"}],"wp:featuredmedia":[{"embeddable":true,"href":"https:\/\/espai-marx.net\/index.php?rest_route=\/wp\/v2\/media\/10046"}],"wp:attachment":[{"href":"https:\/\/espai-marx.net\/index.php?rest_route=%2Fwp%2Fv2%2Fmedia&parent=10045"}],"wp:term":[{"taxonomy":"category","embeddable":true,"href":"https:\/\/espai-marx.net\/index.php?rest_route=%2Fwp%2Fv2%2Fcategories&post=10045"},{"taxonomy":"post_tag","embeddable":true,"href":"https:\/\/espai-marx.net\/index.php?rest_route=%2Fwp%2Fv2%2Ftags&post=10045"}],"curies":[{"name":"wp","href":"https:\/\/api.w.org\/{rel}","templated":true}]}}