{"id":10103,"date":"2021-07-15T05:00:06","date_gmt":"2021-07-15T04:00:06","guid":{"rendered":"https:\/\/espai-marx.net\/?p=10103"},"modified":"2021-07-15T08:26:31","modified_gmt":"2021-07-15T07:26:31","slug":"temas-hegelianos-la-conciencia-desgraciada","status":"publish","type":"post","link":"https:\/\/espai-marx.net\/?p=10103","title":{"rendered":"Temas Hegelianos: La conciencia desgraciada"},"content":{"rendered":"<p>Organizado por la C\u00e1tedra Extraordinaria Maestros del Exilio Espa\u00f1ol, Curso del Semestre 2014-1: Temas Hegelianos: La conciencia desgraciada. Dr. Rub\u00e9n Dri. Universidad de Buenos Aires. 26 de agosto de 2013.<br \/>\nUniversidad Nacional Aut\u00f3noma de M\u00e9xico, Facultad de Filosof\u00eda y Letras, Secretar\u00eda Acad\u00e9mica.<br \/>\nAudio. Duraci\u00f3n: 1 hora 26 minutos.<\/p>\n<p>En la dial\u00e9ctica del sujeto hay dos momentos de contradicci\u00f3n el momento del o universal y el momento de lo particular, cuando estos dos momentos no encuentran su dialectizaci\u00f3n y por lo tanto su superaci\u00f3n se da la conciencia desgraciada y nos encontramos con una dial\u00e9ctica trabada, nuevamente partiendo de tres autores (Pascal, Kierkegaard y Nietzsche) se analiza este tema.<\/p>\n<audio class=\"wp-audio-shortcode\" id=\"audio-10103-1\" preload=\"none\" style=\"width: 100%;\" controls=\"controls\"><source type=\"audio\/mpeg\" src=\"https:\/\/espai-marx.net\/wp-content\/uploads\/2021\/07\/CE_MEE_Ruben_Dri_Temas_Hegel_Conc_desgraciada_26_08_2013.mp3?_=1\" \/><a href=\"https:\/\/espai-marx.net\/wp-content\/uploads\/2021\/07\/CE_MEE_Ruben_Dri_Temas_Hegel_Conc_desgraciada_26_08_2013.mp3\">https:\/\/espai-marx.net\/wp-content\/uploads\/2021\/07\/CE_MEE_Ruben_Dri_Temas_Hegel_Conc_desgraciada_26_08_2013.mp3<\/a><\/audio>\n<p>Fuente: <a href=\"http:\/\/ru.ffyl.unam.mx\/handle\/10391\/3964\">http:\/\/ru.ffyl.unam.mx\/handle\/10391\/3964<\/a><\/p>\n","protected":false},"excerpt":{"rendered":"<p>Organizado por la C\u00e1tedra Extraordinaria Maestros del Exilio Espa\u00f1ol, Curso del Semestre 2014-1: Temas Hegelianos: La conciencia desgraciada. Dr. Rub\u00e9n<\/p>\n","protected":false},"author":5,"featured_media":10113,"comment_status":"open","ping_status":"open","sticky":false,"template":"","format":"standard","meta":{"footnotes":""},"categories":[8,1545],"tags":[],"class_list":["post-10103","post","type-post","status-publish","format-standard","has-post-thumbnail","hentry","category-filosofia","category-g-w-f-hegel"],"aioseo_notices":[],"_links":{"self":[{"href":"https:\/\/espai-marx.net\/index.php?rest_route=\/wp\/v2\/posts\/10103","targetHints":{"allow":["GET"]}}],"collection":[{"href":"https:\/\/espai-marx.net\/index.php?rest_route=\/wp\/v2\/posts"}],"about":[{"href":"https:\/\/espai-marx.net\/index.php?rest_route=\/wp\/v2\/types\/post"}],"author":[{"embeddable":true,"href":"https:\/\/espai-marx.net\/index.php?rest_route=\/wp\/v2\/users\/5"}],"replies":[{"embeddable":true,"href":"https:\/\/espai-marx.net\/index.php?rest_route=%2Fwp%2Fv2%2Fcomments&post=10103"}],"version-history":[{"count":0,"href":"https:\/\/espai-marx.net\/index.php?rest_route=\/wp\/v2\/posts\/10103\/revisions"}],"wp:featuredmedia":[{"embeddable":true,"href":"https:\/\/espai-marx.net\/index.php?rest_route=\/wp\/v2\/media\/10113"}],"wp:attachment":[{"href":"https:\/\/espai-marx.net\/index.php?rest_route=%2Fwp%2Fv2%2Fmedia&parent=10103"}],"wp:term":[{"taxonomy":"category","embeddable":true,"href":"https:\/\/espai-marx.net\/index.php?rest_route=%2Fwp%2Fv2%2Fcategories&post=10103"},{"taxonomy":"post_tag","embeddable":true,"href":"https:\/\/espai-marx.net\/index.php?rest_route=%2Fwp%2Fv2%2Ftags&post=10103"}],"curies":[{"name":"wp","href":"https:\/\/api.w.org\/{rel}","templated":true}]}}