{"id":10116,"date":"2021-07-16T05:00:05","date_gmt":"2021-07-16T04:00:05","guid":{"rendered":"https:\/\/espai-marx.net\/?p=10116"},"modified":"2021-07-16T06:56:54","modified_gmt":"2021-07-16T05:56:54","slug":"ruben-y-sus-ancestros-una-genealogia-sovietica","status":"publish","type":"post","link":"https:\/\/espai-marx.net\/?p=10116","title":{"rendered":"Rub\u00e9n y sus\u00a0ancestros : una genealog\u00eda sovi\u00e9tica"},"content":{"rendered":"<figure id=\"attachment_10118\" aria-describedby=\"caption-attachment-10118\" style=\"width: 640px\" class=\"wp-caption aligncenter\"><a href=\"https:\/\/espai-marx.net\/wp-content\/uploads\/2021\/07\/artiom-con-stalin-y-su-hija.jpg\"><img loading=\"lazy\" decoding=\"async\" class=\"wp-image-10118 size-full\" src=\"https:\/\/espai-marx.net\/wp-content\/uploads\/2021\/07\/artiom-con-stalin-y-su-hija.jpg\" alt=\"\" width=\"640\" height=\"448\" srcset=\"https:\/\/espai-marx.net\/wp-content\/uploads\/2021\/07\/artiom-con-stalin-y-su-hija.jpg 640w, https:\/\/espai-marx.net\/wp-content\/uploads\/2021\/07\/artiom-con-stalin-y-su-hija-300x210.jpg 300w, https:\/\/espai-marx.net\/wp-content\/uploads\/2021\/07\/artiom-con-stalin-y-su-hija-130x90.jpg 130w\" sizes=\"auto, (max-width: 640px) 100vw, 640px\" \/><\/a><figcaption id=\"caption-attachment-10118\" class=\"wp-caption-text\">En calidad de hijo adoptivo, Artiom Sergeyev, aqu\u00ed con Stalin y su hija Svetlana, convivi\u00f3 con la familia del caudillo.<\/figcaption><\/figure>\n<p>En junio muri\u00f3 en Mosc\u00fa Rub\u00e9n Sergeyev, entra\u00f1able personaje para todos los que le conocieron. Ten\u00eda 65 a\u00f1os. Muri\u00f3 de Covid. Otra de esas lamentables muertes prematuras de esta condenada pandemia. Era un hombre bondadoso, atento y delicado, de gran nobleza de car\u00e1cter, al que nunca escuch\u00e9 un solo comentario vulgar. Era nieto de la Pasionaria, Dolores Ib\u00e1rruri, dirigente comunista y Presidenta honor\u00edfica del PCE. Se llamaba Rub\u00e9n en memoria de su t\u00edo, el hijo de Pasionaria, Rub\u00e9n Ru\u00edz Ib\u00e1rruri (1920-1942), nacido en Vizcaya y ca\u00eddo en Stalingrado con 22 a\u00f1os, tras haber combatido en la guerra civil espa\u00f1ola y haber recibido como teniente las m\u00e1s altas condecoraciones, entre ellas la de h\u00e9roe de la Uni\u00f3n Sovi\u00e9tica con car\u00e1cter p\u00f3stumo.<\/p>\n<p>Por parte paterna, nuestro Rub\u00e9n ten\u00eda una genealog\u00eda estalinista a\u00fan m\u00e1s notable. Su madre, Amaya Ru\u00edz, fallecida en 2018, cas\u00f3 con un militar sovi\u00e9tico llamado Artiom Sergeyev que fue hijo adoptivo de Stalin y lleg\u00f3 a ser General Mayor de artiller\u00eda y jefe de la defensa antia\u00e9rea de Mosc\u00fa, es decir uno de los cargos de mayor responsabilidad y confianza durante la guerra fr\u00eda. Se divorciaron tras veinte a\u00f1os de matrimonio.<\/p>\n<p>Artiom, fallecido en 2008 a los 86 a\u00f1os de edad, era hijo de Fiodor Sergeyev (1883-1921), legendario revolucionario bolchevique, compa\u00f1ero de Lenin y Stalin, y amigo \u00edntimo de este \u00faltimo y de Sergei Kirov, cuyo asesinato en Leningrado desencadenar\u00eda el Gran Terror. Su nombre de guerra era \u201cCamarada Artiom\u201d. Tras su muerte a los 38 a\u00f1os en un accidente, varias ciudades y pueblos de la URSS, numerosas calles y avenidas, una mina y hasta una isla del Mar Caspio fueron bautizados con el nombre de Artiom, nombre que tambi\u00e9n recibi\u00f3 su hijo de corta edad adoptado por Stalin.<\/p>\n<p><strong>El Padre y la guerra<\/strong><\/p>\n<figure id=\"attachment_10119\" aria-describedby=\"caption-attachment-10119\" style=\"width: 199px\" class=\"wp-caption alignleft\"><a href=\"https:\/\/espai-marx.net\/wp-content\/uploads\/2021\/07\/artyom-sergeyev-1.jpg\"><img loading=\"lazy\" decoding=\"async\" class=\"size-medium wp-image-10119\" src=\"https:\/\/espai-marx.net\/wp-content\/uploads\/2021\/07\/artyom-sergeyev-1-199x300.jpg\" alt=\"\" width=\"199\" height=\"300\" srcset=\"https:\/\/espai-marx.net\/wp-content\/uploads\/2021\/07\/artyom-sergeyev-1-199x300.jpg 199w, https:\/\/espai-marx.net\/wp-content\/uploads\/2021\/07\/artyom-sergeyev-1.jpg 200w\" sizes=\"auto, (max-width: 199px) 100vw, 199px\" \/><\/a><figcaption id=\"caption-attachment-10119\" class=\"wp-caption-text\">El general mayor Artiom Sergeyev, combati\u00f3 como guerrillero en Bielorrusia, en las trincheras de Stalingrado y fue jefe de la defensa antia\u00e9rea de Mosc\u00fa.<\/figcaption><\/figure>\n<p>Artiom Sergeyev vivi\u00f3 toda su infancia y adolescencia en el entorno familiar de Stalin hasta su ingreso en el ej\u00e9rcito. Fue compa\u00f1ero de juegos de Vasili y Svetlana los hijos del segundo matrimonio de Stalin y escribi\u00f3 un libro de memorias en el que traza un retrato incondicionalmente positivo del caudillo sovi\u00e9tico, tanto en el plano humano como pol\u00edtico. Como tanta gente de su generaci\u00f3n, el General Artiom Sergeyev fue un devoto estalinista que un\u00eda una experiencia familiar directa al sentir biogr\u00e1fico generacional de tantos sovi\u00e9ticos de aquella \u00e9poca.<\/p>\n<p>Su vida, como la de los otros hijos naturales de Stalin, estuvo m\u00e1s marcada por la exigencia que por el privilegio, con la invasi\u00f3n alemana y la participaci\u00f3n en la guerra como principal vivencia biogr\u00e1fica.<\/p>\n<p>Artiom Sergeyev comenz\u00f3 la guerra como teniente en Bielorrusia, donde su unidad fue diezmada y apresada por los alemanes. Escap\u00f3 del cautiverio en v\u00edsperas de su fusilamiento y se uni\u00f3 a una fuerza guerrillera en la llamada \u201cRep\u00fablica de los bosques\u201d. Hambre fr\u00edo y penalidades. Sergeyev logr\u00f3 salir de aquello junto con cuatro compa\u00f1eros, regresar a las l\u00edneas sovi\u00e9ticas y convencer a los mandos de que no era un esp\u00eda. Luego combati\u00f3 en Stalingrado. Sus cuadernos de guerra encontrados por su hijo Rub\u00e9n conten\u00edan lac\u00f3nicos apuntes, a primera vista incomprensibles, que una vez descifrados por su autor ante las preguntas de su hijo, ilustraban la crudeza de aquella guerra. As\u00ed en el frente de Stalingrado se le\u00eda la frase: \u00abNuestros camaradas contin\u00faan si\u00e9ndonos \u00fatiles despu\u00e9s de muertos\u00bb (sus cad\u00e1veres congelados se colocaban en la parte superior de la trinchera como parapeto). Y en los bosques de Bielorrusia, \u00abHoy hemos matado a un alem\u00e1n bueno\u00bb (bueno porque en su macuto llevaba comida devorada por los fam\u00e9licos guerrilleros).<\/p>\n<p>Herido m\u00e1s de veinte veces, Artiom compart\u00eda con su generaci\u00f3n una especie de febril obsesi\u00f3n por los a\u00f1os de guerra, repleta de recuerdos sobre compa\u00f1eros ca\u00eddos, heroicidades y crueles penalidades que marcaron profundamente a quienes las vivieron. Esa profundidad ha logrado transmitir a las siguientes generaciones de rusos la sobria y respetuosa seriedad que rodea al recuerdo de la segunda guerra mundial en el pa\u00eds que mayor precio pag\u00f3 en ella.<\/p>\n<p><strong>El abuelo y la revoluci\u00f3n<\/strong><\/p>\n<figure id=\"attachment_10120\" aria-describedby=\"caption-attachment-10120\" style=\"width: 204px\" class=\"wp-caption alignright\"><a href=\"https:\/\/espai-marx.net\/wp-content\/uploads\/2021\/07\/fiodor-sergeyev-1.jpg\"><img loading=\"lazy\" decoding=\"async\" class=\"size-medium wp-image-10120\" src=\"https:\/\/espai-marx.net\/wp-content\/uploads\/2021\/07\/fiodor-sergeyev-1-204x300.jpg\" alt=\"\" width=\"204\" height=\"300\" srcset=\"https:\/\/espai-marx.net\/wp-content\/uploads\/2021\/07\/fiodor-sergeyev-1-204x300.jpg 204w, https:\/\/espai-marx.net\/wp-content\/uploads\/2021\/07\/fiodor-sergeyev-1.jpg 267w\" sizes=\"auto, (max-width: 204px) 100vw, 204px\" \/><\/a><figcaption id=\"caption-attachment-10120\" class=\"wp-caption-text\">Fiodor Sergeyev, (\u00abCamarada Artiom\u00bb), revolucionario bolchevique y fundador de la primera rep\u00fablica aut\u00f3noma de Donetsk.<\/figcaption><\/figure>\n<p>Si la Gran guerra patri\u00f3tica marc\u00f3 al padre, la revoluci\u00f3n y la guerra civil fueron el medio ambiente del abuelo, Fiodor, alias \u201cCamarada Artiom\u201d. Su vida es una novela de acci\u00f3n.<br \/>\nFiodor naci\u00f3 en el seno de una familia campesina en una aldea de la regi\u00f3n de Kursk pero a los cinco a\u00f1os su familia se estableci\u00f3 en la ciudad ucraniana de Yekaterinoslav (Dnipropetrovsk en la \u00e9poca sovi\u00e9tica, desde 2016 Dnipr\u00f3). Miembro del partido socialdem\u00f3crata ruso desde 1901, a los 18 a\u00f1os fue expulsado de la universidad con prohibici\u00f3n de acceso a estudios superiores y encarcelado por activismo. March\u00f3 a Par\u00eds donde conoci\u00f3 a Lenin. En 1903 regres\u00f3 al Donbass donde cre\u00f3 la primera organizaci\u00f3n campesina, trabaj\u00f3 de ferroviario y encabez\u00f3 en 1905 la revuelta armada en Jarkov. Tras un segundo encarcelamiento a su regreso del Congreso del partido en Estocolmo, en 1910 escap\u00f3 al extranjero viviendo en Jap\u00f3n, Corea, China, donde trabaj\u00f3 de porteador en Shanghai, y Australia, donde volvi\u00f3 a ser encarcelado por activismo sindical. En 1917 regres\u00f3 a Rusia v\u00eda Vladivostok, a tiempo de organizar en octubre y noviembre las revueltas armadas en Jarkov y el Donbass. Durante la guerra civil organiz\u00f3 la primera rep\u00fablica aut\u00f3noma de Donetsk dentro de la rep\u00fablica socialista federativa de Rusia, precedente hist\u00f3rico de la proclamada en 2014 como reacci\u00f3n al cambio de r\u00e9gimen auspiciado por Estados Unidos y la Uni\u00f3n Europea al calor de la revuelta popular en Kiev. Tras ser elegido miembro del Comit\u00e9 Central del Partido Bolchevique en 1920, Fiodor muri\u00f3 en un accidente (quiz\u00e1s un atentado trotskista) del llamado \u201caerovag\u00f3n\u00bb, un vag\u00f3n ferroviario impulsado por un motor de avi\u00f3n de h\u00e9lice que los rusos presentaron con motivo del tercer congreso de la Internacional Comunista que se celebraba en Mosc\u00fa. El \u201cCamarada Artiom\u201d fue enterrado en la muralla del Kremlin junto a otros padres de la patria sovi\u00e9tica.<\/p>\n<p><strong>El nieto y la perestroika<\/strong><\/p>\n<figure id=\"attachment_10121\" aria-describedby=\"caption-attachment-10121\" style=\"width: 186px\" class=\"wp-caption alignleft\"><a href=\"https:\/\/espai-marx.net\/wp-content\/uploads\/2021\/07\/ruben-2.jpg\"><img loading=\"lazy\" decoding=\"async\" class=\"size-full wp-image-10121\" src=\"https:\/\/espai-marx.net\/wp-content\/uploads\/2021\/07\/ruben-2.jpg\" alt=\"\" width=\"186\" height=\"252\" \/><\/a><figcaption id=\"caption-attachment-10121\" class=\"wp-caption-text\">Rub\u00e9n Sergeyev en una foto de la \u00faltima pascua.<\/figcaption><\/figure>\n<p>Lo que para su padre fue la guerra y para su abuelo la revoluci\u00f3n y la guerra civil, para Rub\u00e9n Sergeyev lo fue la estancada URSS de Brezhnev de los a\u00f1os setenta y la experiencia transformadora de la perestroika de Gorbachov. Habiendo estudiado econom\u00eda e historia en el Instituto de Relaciones Internacionales de Mosc\u00fa, Rub\u00e9n fue un \u201cintelligent\u201d ruso at\u00edpico en aquel contexto de s\u00fabitos cambios de fe. No fue un seguidor de la occidentalizaci\u00f3n a ultranza que deslumbr\u00f3 a la intelligentsia liberal ex comunista devota de Boris Yeltsin y siempre consider\u00f3 la estabilidad del estado ruso como una condici\u00f3n esencial para cualquier reforma. Tampoco sigui\u00f3 la tendencia de tantos rusos con antecedentes hispanos que solicitaron la nacionalidad espa\u00f1ola, ni siquiera cuando la rara enfermedad de su hijo, posteriormente restablecido, obligaba a realizar an\u00e1lisis de sangre, bastante complicados en Mosc\u00fa y que en Madrid habr\u00edan sido rutinarios. Muy bien relacionado, tampoco sac\u00f3 provecho alguno del espect\u00e1culo de la llamada \u201cprivatizaci\u00f3n\u201d, el saqueo del patrimonio nacional que dio lugar al nacimiento de tantos nuevos ricos, y millonarios, en el pa\u00eds. Un hombre digno y honrado en un contexto que propici\u00f3 todos los ego\u00edsmos y oportunismos.<\/p>\n<p>Acogi\u00f3 con gran esperanza la \u201cperestroika\u201d de Gorbachov desde el Comit\u00e9 por la Paz. Desde aquella organizaci\u00f3n estimaba en 1987 que en su pa\u00eds el movimiento por la paz era, \u00abuna fuerza capaz de activar al pueblo y democratizar la vida pol\u00edtica en el interior de la URSS\u00bb. Esta capacidad era similar a la que el movimiento pacifista y ecologista representaba en Occidente, seg\u00fan declar\u00f3 en una entrevista que le hicieron en Espa\u00f1a aquel a\u00f1o. En una URSS con 40 centrales nucleares que acababa de sufrir el accidente de Chernobyl, la desnuclearizaci\u00f3n, dec\u00eda, solo pod\u00eda ser una consecuencia del desarme militar y la distensi\u00f3n.<\/p>\n<p>En los inicios fue un gran abogado de la pol\u00edtica de desarme de Gorbachov, pero con el tiempo se fue desenga\u00f1ando de la mala gesti\u00f3n que en Mosc\u00fa se hac\u00eda de la retirada imperial de Europa del Este presidida por una gran improvisaci\u00f3n en asuntos militares, de los que era un buen conocedor. No solo conoc\u00eda todos los tipos de armas, misiles, submarinos y aviones, tanto sovi\u00e9ticos como del adversario, sino que sab\u00eda c\u00f3mo funcionaba todo aquel mundo, cuales eran las interioridades de las negociaciones de desarme y quienes eran sus protagonistas, algunos de los cuales entrevist\u00e9 en su valiosa compa\u00f1\u00eda\u2026<br \/>\nEra un buen conocedor de la historia y la cultura rusas que a mi personalmente me situaba muy bien en los asuntos rellenando mi ignorancia, fuera respecto a la \u00e9poca de Iv\u00e1n el Terrible o en materia de \u00d3pera.<\/p>\n<p>En el verano de 1991, en v\u00edsperas del golpe de agosto que convirti\u00f3 a Gorbachov en un general sin ej\u00e9rcito, lleg\u00f3 a Mosc\u00fa Rafa Manzano, el m\u00e1s salado y simp\u00e1tico corresponsal de la Cadena SER. Necesitaba un ayudante y en Madrid alguien le aconsej\u00f3 que hablara con Lola Sergeyeva, la hermana de Rub\u00e9n que se hab\u00eda establecido en Espa\u00f1a. Fue ella la que le dio a Manzano el contacto con Rub\u00e9n que pas\u00f3 a ser el ayudante del corresponsal de la SER en Mosc\u00fa, con un modesto sueldo en d\u00f3lares, en cualquier caso muy superior a lo que pod\u00eda ganar como profesor.<\/p>\n<p>\u00abTener a Rub\u00e9n de ayudante era un lujo en todos los sentidos\u00bb, recuerda Manzano. \u00abSiempre curioso, era una enciclopedia, por su buen car\u00e1cter ten\u00eda amigos y contactos hasta en el infierno y devoraba literalmente los peri\u00f3dicos\u00bb.<\/p>\n<p>Manzano hac\u00eda, l\u00f3gicamente, breves cr\u00f3nicas de radio. \u00abLe ped\u00edas asesoramiento sobre un tema en Azerbaidj\u00e1n que deb\u00eda radiar en quince minutos y comenzaba explicando los antecedentes del asunto:<br \/>\n-\u201dEn primer lugar, en el siglo XIX, Bak\u00fa fue una ciudad de gran dinamismo gracias a\u2026, en segundo lugar\u2026.\u201d<br \/>\n-\u201d\u00a1Hostia Rub\u00e9n, que es una cr\u00f3nica de treinta segundos y la tengo que largar en diez minutos\u2026!\u201d\u00bb.<\/p>\n<p>Era como utilizar un Rolls Royce para circular por el patio de casa. Gracias a Rub\u00e9n, Manzano fue, seguramente, el \u00fanico periodista occidental que asisti\u00f3 al entierro de L\u00e1zar Kagan\u00f3vich, el \u00faltimo de los lugartenientes de Stalin a\u00fan vivo que falleci\u00f3 en julio de 1991.<\/p>\n<p>En aquella \u00e9poca, de talentos desubicados por la transformaci\u00f3n que llevaba consigo el gran hundimiento, esa analog\u00eda pod\u00eda ser bastante com\u00fan. Gente como \u00e9l, que pod\u00eda estar dando clases en una buena universidad o trabajando como experto en el SIPRI sueco, o en un cargo de responsabilidad en el Ministerio de Exteriores ruso, all\u00ed estaba resolviendo las urgencias de ignorantes plum\u00edferos de tres al cuarto.<\/p>\n<p>En el invierno de 1993, en plena batalla entre Boris Yeltsin y su parlamento, que termin\u00f3 con el bombardeo del segundo por el primero, sol\u00eda encontrarme con Manzano en la ca\u00f3ticas y maratonianas sesiones del Congreso de diputados que ten\u00edan lugar en el Kremlin y donde hac\u00edamos pi\u00f1a con Rub\u00e9n. En aquellos eventos participaban m\u00e1s de un millar de personas, entre diputados, expertos, periodistas y dem\u00e1s. En los corrillos que se formaban en los descansos entre sesiones te enterabas de lo m\u00e1s sorprendente. Las tripas del Estado estaban a la vista. Fue all\u00ed donde Rub\u00e9n se enter\u00f3 de que se hab\u00eda desarrollado un nuevo misil submarino de gran velocidad que salvaba la resistencia del agua creando una capa de aire delante de su trayectoria. Por aquella \u00e9poca le ofrecieron a Manzano una comisi\u00f3n del 5% si consegu\u00eda un comprador para un guardacostas, una an\u00e9cdota que resume muy bien el esp\u00edritu de los tiempos\u2026<br \/>\nTodo aquello pod\u00eda parecerle al extranjero un carnaval, para Rub\u00e9n era doloroso contemplar como su pa\u00eds se iba literalmente al garete. Rub\u00e9n era un hombre que sufr\u00eda por el destino de Rusia y sab\u00eda que todos aquellos excesos tendr\u00edan consecuencias duras tarde o temprano.<\/p>\n<p>En una de aquellas sesiones del Congreso se sum\u00f3 a nuestro grupo de periodistas el corresponsal de <em>The Guardian<\/em>, que, naturalmente, qued\u00f3 impresionado por las habilidades de Rub\u00e9n. Tras consulta con Manzano, el ayudante de la SER fich\u00f3 por <em>The Guardian<\/em> que le pagaba mucho mejor por remediar la misma ignorancia en versi\u00f3n anglosajona. Pero siempre con la libertad que se desprend\u00eda de la amistad: pod\u00edamos consultarle cualquier cosa y en cualquier situaci\u00f3n. Rub\u00e9n trabaj\u00f3 para <em>The Guardian<\/em> hasta los inicios de la \u00e9poca de Putin. Yo le consult\u00e9 por \u00faltima vez con motivo de la revuelta popular\/golpe de estado de Kiev de 2014. El nieto del fundador de la primera rep\u00fablica sovi\u00e9tica de Donetsk me advirti\u00f3 sobre lo que era obvio: aquel cambio de r\u00e9gimen no iba a ser aceptado ni en Crimea ni en el Este de Ucrania.<\/p>\n<p>Fuente: <a href=\"https:\/\/rafaelpoch.com\/2021\/07\/10\/ruben-y-sus-ancestros\/\">Ctxt<\/a>.<\/p>\n","protected":false},"excerpt":{"rendered":"<p>En junio muri\u00f3 en Mosc\u00fa Rub\u00e9n Sergeyev, entra\u00f1able personaje para todos los que le conocieron. Ten\u00eda 65 a\u00f1os. Muri\u00f3 de<\/p>\n","protected":false},"author":5,"featured_media":10117,"comment_status":"open","ping_status":"open","sticky":false,"template":"","format":"standard","meta":{"footnotes":""},"categories":[26,28],"tags":[1733],"class_list":["post-10116","post","type-post","status-publish","format-standard","has-post-thumbnail","hentry","category-historia-del-comunismo","category-siglo-xx","tag-ruben-sergeyev"],"aioseo_notices":[],"_links":{"self":[{"href":"https:\/\/espai-marx.net\/index.php?rest_route=\/wp\/v2\/posts\/10116","targetHints":{"allow":["GET"]}}],"collection":[{"href":"https:\/\/espai-marx.net\/index.php?rest_route=\/wp\/v2\/posts"}],"about":[{"href":"https:\/\/espai-marx.net\/index.php?rest_route=\/wp\/v2\/types\/post"}],"author":[{"embeddable":true,"href":"https:\/\/espai-marx.net\/index.php?rest_route=\/wp\/v2\/users\/5"}],"replies":[{"embeddable":true,"href":"https:\/\/espai-marx.net\/index.php?rest_route=%2Fwp%2Fv2%2Fcomments&post=10116"}],"version-history":[{"count":0,"href":"https:\/\/espai-marx.net\/index.php?rest_route=\/wp\/v2\/posts\/10116\/revisions"}],"wp:featuredmedia":[{"embeddable":true,"href":"https:\/\/espai-marx.net\/index.php?rest_route=\/wp\/v2\/media\/10117"}],"wp:attachment":[{"href":"https:\/\/espai-marx.net\/index.php?rest_route=%2Fwp%2Fv2%2Fmedia&parent=10116"}],"wp:term":[{"taxonomy":"category","embeddable":true,"href":"https:\/\/espai-marx.net\/index.php?rest_route=%2Fwp%2Fv2%2Fcategories&post=10116"},{"taxonomy":"post_tag","embeddable":true,"href":"https:\/\/espai-marx.net\/index.php?rest_route=%2Fwp%2Fv2%2Ftags&post=10116"}],"curies":[{"name":"wp","href":"https:\/\/api.w.org\/{rel}","templated":true}]}}