{"id":1014,"date":"2008-12-09T00:00:00","date_gmt":"2008-12-09T00:00:00","guid":{"rendered":"https:\/\/espai-marx.net\/?p=1014"},"modified":"2020-02-25T10:32:12","modified_gmt":"2020-02-25T09:32:12","slug":"barcelona-diagonal-527","status":"publish","type":"post","link":"https:\/\/espai-marx.net\/?p=1014","title":{"rendered":"Barcelona: Diagonal, 527"},"content":{"rendered":"<p>10 de diciembre de 2008, 11 horas, homenaje a Manuel Sacrist\u00e1n<\/p>\n<p>Barcelona, enero de 1984. Estaba matriculado en un curso de doctorado que impart\u00eda Daniel Quesada sobre \u201cSem\u00e1ntica l\u00f3gica\u201d. Manuel Garc\u00eda-Carpintero, uno de los m\u00e1s grandes fil\u00f3sofos anal\u00edticos que ha dado este pa\u00eds, tambi\u00e9n participaba en \u00e9l. Junto con Ramon Cirera y Fina Pizarro entre otros. Acabamos la sesi\u00f3n algo tarde aquel d\u00eda, hacia las 14:30. Fui al buscar el autob\u00fas, el 7, a la Diagonal. Me dejaba cerca de casa despu\u00e9s de un recorrido de unos 50 minutos. Al subir vi a Manuel Sacrist\u00e1n, acompa\u00f1ado de su segunda esposa, M\u00aa \u00c1ngeles Liz\u00f3n. No me atrev\u00ed a saludarlo, no quer\u00eda importunarle. \u00c9l me reconoci\u00f3. Trabaj\u00e9 durante 12 a\u00f1os en un banco y, lo confieso con rubor, us\u00e9 algunas veces horas sindicales en mis \u00faltimos a\u00f1os para ir a sus clases, a las que asist\u00ed sin matricularme durante tres o cuatro cursos. Fue, pues, Sacrist\u00e1n quien se levant\u00f3, me salud\u00f3 amablemente y me pregunt\u00f3 c\u00f3mo me iban las cosas. Balbuce\u00e9 alguna respuesta incomprensible, le habl\u00e9 del curso de Quesada, le coment\u00e9 que hab\u00eda seguido otro curso con \u00e9l hac\u00eda dos a\u00f1os sobre <i>La estructura de las revoluciones cient\u00edficas,<\/i> el mismo a\u00f1o en que \u00e9l hab\u00eda impartido un seminario, al que tambi\u00e9n asist\u00ed, sobre Kuhn y su cl\u00e1sico de historia y epistemolog\u00eda de la ciencia. Le coment\u00e9 que tambi\u00e9n segu\u00eda otro curso con Moster\u00edn sobre metrizaci\u00f3n de conceptos sociales. Se interes\u00f3 por \u00e9l. Poco pude decirle, su parada se acercaba. Me dio la mano y ambos se bajaron poco despu\u00e9s. Su casa, en Diagonal 527, no les quedaba lejos.<\/p>\n<p>Nos hab\u00eda hablado en una ocasi\u00f3n de ella en sus clases de Metodolog\u00eda de las ciencias del curso 1981-1982, a prop\u00f3sito de Roszak, de la deshumanizaci\u00f3n de las ciudades y de la racionalidad (o no) de ciertas aproximaciones cr\u00edticas a la tecnociencia contempor\u00e1nea y a la misma civilizaci\u00f3n capitalista\u00a0 contempor\u00e1nea. Tomando pie en apuntes (que Sacrist\u00e1n aconsejaba no tomar) y en trascripciones de las clases de ese curso, la cosa fue del siguiente modo.<\/p>\n<p>Esa casa, en la que yo nunca estuve, lo s\u00e9 por amigos,\u00a0 disc\u00edpulos, familiares y compa\u00f1eros de Sacrist\u00e1n, esa casa en la que viv\u00edan Giulia Adinolfi, Vera Sacrist\u00e1n y Manuel Sacrist\u00e1n, fue un activo y muy visitado polo pol\u00edtico-cultural en la Barcelona en los a\u00f1os setenta y ochenta.<\/p>\n<p>Cuando pudo serlo, claro est\u00e1. La clandestinidad durante a\u00f1os dificult\u00f3 encuentros y reuniones. No olvidemos que Sacrist\u00e1n fue miembro del comit\u00e9 ejecutivo del PSUC desde 1965 hasta 1969 y del comit\u00e9 central del partido, del partido de la resistencia antifranquista, desde 1956. En aquella casa estuvieron Agust\u00edn Garc\u00eda Calvo, Carmen Mart\u00edn Gaite, Javier Pradera, Francisco Fern\u00e1ndez Buey, Toni Dom\u00e9nech, Juan-Ram\u00f3n Capella, Jacobo Mu\u00f1oz, Rafael Argullol, Alejandro P\u00e9rez, Teresa Comte, Xavier Folch, Carlos Castilla del Pino, Jes\u00fas Moster\u00edn y tantos otros amigos, compa\u00f1eros pol\u00edticos, con o sin partido, e intelectuales antifascistas.<\/p>\n<p>Xavier Juncosa, el cineasta barcelon\u00e9s autor de ocho documentales (\u00a1ocho!) sobre la vida y obra de Sacrist\u00e1n (\u201cIntegral Sacrist\u00e1n\u201d, El Viejo Topo, Barcelona, 2006, uno de ellos dedicado a Giulia Adinolfi), tuvo hace un par de a\u00f1os la magn\u00edfica idea de que una placa ciudadana recordara que en ese edificio de Diagonal hab\u00eda vivido el que algunos han considerado el mejor filosofo hisp\u00e1nico de la segunda mitad del siglo XX. No es, desde luego, la \u00fanica idea que Xavier Juncosa ha tenido sobre Sacrist\u00e1n y su legado. Todas ellas valiosas, de inter\u00e9s, que se suman a la excelencia y generosidad de su obra cinematogr\u00e1fica.<\/p>\n<p>Con el apoyo de Vera Sacrist\u00e1n, Francisco Fern\u00e1ndez Buey y Enric Tello, la sugerencia empez\u00f3 a tomar cuerpo. No hab\u00eda ning\u00fan inconveniente por parte del Ayuntamiento de Barcelona. M\u00e1s bien lo contrario. Si no recuerdo mal, se lleg\u00f3 a acordar una fecha para la colocaci\u00f3n de la placa: mediados de diciembre de 2007. Pero surgi\u00f3 un inconveniente, consistente por lo dem\u00e1s, muy consistente, con la naturaleza poli\u00e9tica esencial del homenajeado.<\/p>\n<p>La propietaria del edificio, por lo que parece propietaria de todos los pisos del edificio, que probablemente fue vecina de Sacrist\u00e1n durante a\u00f1os y a la que saludar\u00eda amablemente en numerosa ocasiones \u2013\u201cBuenos d\u00edas\u201d, \u201cbuenas tardes\u201d, \u201c\u00bfqu\u00e9 tal va todo?\u201d-, se opuso. Firmemente, con rotundidad incluso, sin margen para el acuerdo. No quer\u00eda que una placa que hablara de Sacrist\u00e1n se colocara en la fachada del edificio. Ella ten\u00eda derechos como propietaria y su voluntad ya hab\u00eda sido formulada con claridad. \u00bfPor qu\u00e9? No puedo explicitar mis fuentes, por cortes\u00eda y prudencia, pero es muy probable, altamente probable, con probabilidad cercana a 1, que la se\u00f1ora propietaria razonara del modo siguiente: \u00bfY si cambian las cosas? \u00bfY si vuelven los otros, acaso los m\u00edos, y ven en el edificio una placa en la que se habla de Manuel Sacrist\u00e1n, un fil\u00f3sofo marxista-comunista? En definitiva, dici\u00e9ndolo r\u00e1pido y aunque pueda parecer incre\u00edble: Sacrist\u00e1n era un rojo, que no dej\u00f3 nunca de serlo, y lo mejor, lo m\u00e1s prudente en estos casos es no homenajearles. El resto, esta vez, debe ser silencio, olvido. Nada.<\/p>\n<p>Y as\u00ed fue. La suerte parec\u00eda echada, la primera batalla se perdi\u00f3. Pero, como se sabe, hay que dar batallas muchas veces aunque se sepan perdidas. Nos lo ense\u00f1\u00f3 el mismo Sacrist\u00e1n a prop\u00f3sito de Jer\u00f3nimo:\u00a0 \u00e9sta no se ha perdido finalmente<\/p>\n<p>La insistencia de Enric Tello, la admirable insistencia y la b\u00fasqueda de una salida razonable del autor de <i>La historia cuenta<\/i> ha tenido sus frutos. Con el apoyo de Xavier Juncosa, Francisco Fern\u00e1ndez Buey y Vera Sacrist\u00e1n, con la colaboraci\u00f3n del Ayuntamiento de Barcelona, representado si no ando errado por la se\u00f1ora Pilar Serrano y con la intervenci\u00f3n directa en el asunto de la regidora y durante tiempo teniente de alcalde de ICV-EUiA, Imma Mallol, y Enric Tello, es necesario insistir, como maestro de ceremonias, finalmente la racionalidad y el buen sentido se han impuesto y el marxista revolucionario, autor de \u201cEl trabajo cient\u00edfico de Marx y su noci\u00f3n de ciencia\u201d, tendr\u00e1 su placa en Diagonal.<\/p>\n<p>La placa en su recuerdo se situar\u00e1 en el parterre de delante de la casa del n\u00famero 527. No les garantizo que la propietaria del edificio no sufra por ello alg\u00fan ataque de ansiedad. Haremos lo posible para evitarlo, intentaremos disolver sus miedos. \u00bfSeremos capaces de ganarla para la causa?<\/p>\n<p>La placa dir\u00e1 as\u00ed:<\/p>\n<p>MANUEL SACRIST\u00c1N LUZ\u00d3N<\/p>\n<p>(Madrid 1925 \u2013 Barcelona 1985)<\/p>\n<p>Pensador marxista, l\u00f2gic i metod\u00f2leg de la ci\u00e8ncia, professor i traductor<\/p>\n<p>Visqu\u00e9 a la casa de la Diagonal 527<\/p>\n<p>Any de la Ci\u00e8ncia, 2007.<\/p>\n<p>Ajuntament de Barcelona<\/p>\n<p>El texto no necesita traducci\u00f3n.<\/p>\n<p>El acto de colocaci\u00f3n de la placa ser\u00e1 el pr\u00f3ximo mi\u00e9rcoles, 10 de diciembre, a las 11 de la ma\u00f1ana.<\/p>\n<p>S\u00e9 que la hora no es la m\u00e1s adecuada. Hagan un esfuerzo. Sacrist\u00e1n y lo que \u00e9l representaba (y sigue representando, no s\u00f3lo estamos ante un acto de memoria hist\u00f3rica) merecen su presencia. Si son profesores o estudiantes universitarios acuerden otro d\u00eda para la case o, incluso, h\u00e1ganla en la calle esta vez. Les queda cerca. Si son profesores o profesoras de secundaria o primaria, lo tienen m\u00e1s dif\u00edcil pero intenten alg\u00fan cambio. Su presencia en Diagonal lo merece. Si son funcionarios, y no lesionan a ning\u00fan ciudadano o ciudadana, pidan permiso: una hora o algo m\u00e1s en total. Esperemos que en su responsable no habite el olvido. Si son trabajadores de empresas privadas, y ning\u00fan servicio esencial depende de ustedes, no lo duden: p\u00f3nganse enfermos. Que el empresariado no les extraiga plusval\u00eda la ma\u00f1ana de ese d\u00eda es consistente con el legado del traductor de <i>El Capital<\/i>. Si adem\u00e1s, alguna manifestaci\u00f3n, algunos manifestantes de empresas en crisis (\u00bfcu\u00e1les no?), de acercaran al cruce de Diagonal con la Avenida de Sarri\u00e1, lo \u00f3ptimo ser\u00eda compa\u00f1\u00eda de lo deseado. Recordemos que el primer maestro marxista de Sacrist\u00e1n (o el segundo, tras el l\u00f3gico Ettore Casari) fue un obrero fresador alem\u00e1n, Hans Schweins, y que es sabida su admiraci\u00f3n, con momentos cr\u00edticos desde luego, como cualquier relaci\u00f3n intensa, con los fallecidos Miguel N\u00fa\u00f1ez, Cipriano Garc\u00eda y Gregorio L\u00f3pez Raimundo, obreros, combatientes comunistas que lucharon como pocos por la libertad, la justicia, el socialismo, la igualdad y la fraternidad. Un excelente plan de vida y trabajo para todos los d\u00edas, meses y a\u00f1os de nuestras vidas que Sacrist\u00e1n, igual que ellos, no dej\u00f3 de transmitirnos. Sin decirlo, sin se\u00f1alarlo expl\u00edcitamente. Viviendo ya, intentando vivir de otra forma, de otro modo que, como escribiera su admirado Jaime Gil de Biedma, acaso el tiempo no pueda por ahora imaginarse.<\/p>\n","protected":false},"excerpt":{"rendered":"<p>10 de diciembre de 2008, 11 horas, homenaje a Manuel Sacrist\u00e1n<\/p>\n<p>\u00a0\u00a0\u00a0\u00a0 Barcelona, enero de 1984. Estaba matriculado en un curso de doctorado que impart\u00eda Daniel Quesada sobre \u201cSem\u00e1ntica l\u00f3gica\u201d. Manuel Garc\u00eda-Carpintero, uno de los m\u00e1s grandes fil\u00f3sofos anal\u00edticos que ha dado este pa\u00eds, tambi\u00e9n participaba en \u00e9l. Junto con Ramon Cirera y Fina Pizarro entre otros. Acabamos la sesi\u00f3n algo tarde aquel d\u00eda, hacia las 14:30. Fui al buscar el autob\u00fas, el 7, a la Diagonal. Me dejaba cerca de casa despu\u00e9s de un recorrido de unos 50 minutos. Al subir vi a Manuel Sacrist\u00e1n, acompa\u00f1ado de su segunda esposa, M\u00aa \u00c1ngeles Liz\u00f3n. No me atrev\u00ed a saludarlo, no quer\u00eda importunarle. \u00c9l me reconoci\u00f3. Trabaj\u00e9 durante 12 a\u00f1os en un banco y, lo confieso con rubor, us\u00e9 algunas veces horas sindicales en mis \u00faltimos a\u00f1os para ir a sus clases, a las que asist\u00ed sin matricularme durante tres o cuatro cursos. Fue, pues, Sacrist\u00e1n quien se levant\u00f3, me salud\u00f3 amablemente y me pregunt\u00f3 c\u00f3mo me iban las cosas. Balbuce\u00e9 alguna respuesta incomprensible, le habl\u00e9 del curso de Quesada, le coment\u00e9 que hab\u00eda seguido otro curso con \u00e9l hac\u00eda dos a\u00f1os sobre La estructura de las revoluciones cient\u00edficas, el mismo a\u00f1o en que \u00e9l hab\u00eda impartido un seminario, al que tambi\u00e9n asist\u00ed, sobre Kuhn y su cl\u00e1sico de historia y epistemolog\u00eda de la ciencia. Le coment\u00e9 que tambi\u00e9n segu\u00eda otro curso con Moster\u00edn sobre metrizaci\u00f3n de conceptos sociales. Se interes\u00f3 por \u00e9l. Poco pude decirle, su parada se acercaba. Me dio la mano y ambos se bajaron poco despu\u00e9s. Su casa, en Diagonal 527, no les quedaba lejos.<\/p>\n<p>\u00a0\u00a0\u00a0\u00a0 Nos hab\u00eda hablado en una ocasi\u00f3n de ella en sus clases de Metodolog\u00eda de las ciencias del curso 1981-1982,  a prop\u00f3sito de Roszak, de la deshumanizaci\u00f3n de las ciudades y de la racionalidad (o no) de ciertas aproximaciones cr\u00edticas a la tecnociencia contempor\u00e1nea y a la misma civilizaci\u00f3n capitalista\u00a0 contempor\u00e1nea. Tomando pie en apuntes (que Sacrist\u00e1n aconsejaba no tomar) y en trascripciones de las clases de ese curso, la cosa fue del siguiente modo. <\/p>\n<p>\u00a0\u00a0\u00a0\u00a0 <\/p>\n<p>Esa casa, en la que yo nunca estuve, lo s\u00e9 por amigos,\u00a0 disc\u00edpulos, familiares y compa\u00f1eros de Sacrist\u00e1n, esa casa en la que viv\u00edan Giulia Adinolfi, Vera Sacrist\u00e1n y Manuel Sacrist\u00e1n, fue un activo y muy visitado polo pol\u00edtico-cultural en la Barcelona en los a\u00f1os setenta y ochenta. <\/p>\n","protected":false},"author":9,"featured_media":0,"comment_status":"open","ping_status":"open","sticky":false,"template":"","format":"standard","meta":{"footnotes":""},"categories":[11],"tags":[993],"class_list":["post-1014","post","type-post","status-publish","format-standard","hentry","category-general","tag-manuel-sacristan"],"aioseo_notices":[],"_links":{"self":[{"href":"https:\/\/espai-marx.net\/index.php?rest_route=\/wp\/v2\/posts\/1014","targetHints":{"allow":["GET"]}}],"collection":[{"href":"https:\/\/espai-marx.net\/index.php?rest_route=\/wp\/v2\/posts"}],"about":[{"href":"https:\/\/espai-marx.net\/index.php?rest_route=\/wp\/v2\/types\/post"}],"author":[{"embeddable":true,"href":"https:\/\/espai-marx.net\/index.php?rest_route=\/wp\/v2\/users\/9"}],"replies":[{"embeddable":true,"href":"https:\/\/espai-marx.net\/index.php?rest_route=%2Fwp%2Fv2%2Fcomments&post=1014"}],"version-history":[{"count":0,"href":"https:\/\/espai-marx.net\/index.php?rest_route=\/wp\/v2\/posts\/1014\/revisions"}],"wp:attachment":[{"href":"https:\/\/espai-marx.net\/index.php?rest_route=%2Fwp%2Fv2%2Fmedia&parent=1014"}],"wp:term":[{"taxonomy":"category","embeddable":true,"href":"https:\/\/espai-marx.net\/index.php?rest_route=%2Fwp%2Fv2%2Fcategories&post=1014"},{"taxonomy":"post_tag","embeddable":true,"href":"https:\/\/espai-marx.net\/index.php?rest_route=%2Fwp%2Fv2%2Ftags&post=1014"}],"curies":[{"name":"wp","href":"https:\/\/api.w.org\/{rel}","templated":true}]}}