{"id":10141,"date":"2021-07-27T05:00:58","date_gmt":"2021-07-27T04:00:58","guid":{"rendered":"https:\/\/espai-marx.net\/?p=10141"},"modified":"2021-07-27T12:23:07","modified_gmt":"2021-07-27T11:23:07","slug":"cine-militante-aleman-hasta-el-ascenso-del-nazismo-2-volksfilmverband","status":"publish","type":"post","link":"https:\/\/espai-marx.net\/?p=10141","title":{"rendered":"Cine militante alem\u00e1n hasta el ascenso del nazismo. 2, Volksfilmverband"},"content":{"rendered":"<p><strong>Introducci\u00f3n<\/strong><\/p>\n<p>En entradas anteriores hemos presentado el cine militante de Francia (<a href=\"https:\/\/espai-marx.net\/?p=9443\">I<\/a> y <a href=\"https:\/\/espai-marx.net\/?p=9462\">II<\/a>) y Estados Unidos (<a href=\"https:\/\/espai-marx.net\/?p=9670\">I<\/a> , <a href=\"https:\/\/espai-marx.net\/?p=9824\">II<\/a> y <a href=\"https:\/\/espai-marx.net\/?p=9907\">III<\/a>). Tambi\u00e9n <a href=\"https:\/\/espai-marx.net\/?p=10101\">la primera dedicada al alem\u00e1n<\/a>, y m\u00e1s concretamente al impulsado por el Partido Socialista de Alemania, SPD por sus siglas en alem\u00e1n [Sozialdemokratische Partei Deutschlands]. Nuestra pr\u00f3xima entrada lo estar\u00e1 al cine militante comunista, representado por el Partido Comunista de Alemania, KPD por sus siglas en alem\u00e1n [Kommunistische Partei Deutschlands], pero tambi\u00e9n por algunas otras organizaciones vinculadas de una u otra forma tanto al partido como a la Internacional Comunista. Pero antes de eso vamos a repasar brevemente una organizaci\u00f3n que intent\u00f3 conciliar ambas tendencias del movimiento obrero impulsada por diversos intelectuales de izquierda de Alemania.<\/p>\n<p><strong>Organizaciones de vanguardia no pol\u00edtica: Novembergruppe, Gesellschaft Neuer Film (GNF) y Deutsche Liga f\u00fcr den unabh\u00e4ngigen Film<br \/>\n<\/strong><\/p>\n<p>Como en otros pa\u00edses europeos (Francia, Inglaterra, Pa\u00edses Bajos&#8230;) en la primera mitad de los a\u00f1os 20 aparecieron diversas asociaciones de aficionados al cine de vanguardia. En el caso de Alemania se caracterizaron por su fuerte politizaci\u00f3n e incluso car\u00e1cter partidario. Vimos en nuestra anterior entrada las relacionadas con el mundo socialista y en nuestra pr\u00f3xima entrada ser\u00e1n las comunistas, pero se dieron tambi\u00e9n algunas iniciativas que intentaron o bien superar la brecha entre las dos principales tendencias del proletariado alem\u00e1n, o bien centrarse en el cine de vanguardia pero no espec\u00edficamente pol\u00edtico.<\/p>\n<p>En mayo de 1923 un\u00a0 art\u00edculo en la revista liberal sobre cine <em>Film-Kurier<\/em>, propuso la creaci\u00f3n de una &#8216;Film-Liga&#8217;, \u00abuna sociedad que proyectase pel\u00edculas art\u00edsticamente ambiciosas para convencer a los que se oponen al cine del valor de determinadas pel\u00edculas\u00bb, proponiendo como l\u00edder al intelectual Gerhart Hauptmann.<\/p>\n<p>El 3 y el 10 de mayo de 1925 se celebran las <em>matin\u00e9es<\/em> de &#8216;Der absolute Film&#8217;. Fueron unas proyecciones organizadas por el Novembergruppe, una asociaci\u00f3n de artistas de vanguardia en cooperaci\u00f3n con la principal productora alemana, la UFA. Las sesiones fueron presentadas por Edgar Beyfu\u00df, dramaturgo de la Ufa-Kulturfilmabteilung (Departamento de pel\u00edculas educativas y documentales de esta gran productora). Este departamento era una especie de centro de investigaci\u00f3n y desarrollo en el que se probaban trucos de c\u00e1mara, equipamientos, t\u00e9cnicas de grabaci\u00f3n e invenciones t\u00e9cnicas. \u00a0 El sueco Viking Eggeling y Hans Richter hab\u00edan realizado en \u00e9l sus primeros experimientos vanguardistas.<\/p>\n<p>Ser\u00eda precisamente Richter, junto con los cineastas Guido Bagier, Karl Freund y Frank Waschauer, uno de los impulsores de la <strong>Gesellschaft Neuer Film<\/strong> (GNF) [Sociedad Nuevo Cine]. Fundada el 15 de enero de 1928, esta entidad solo organiz\u00f3 dos eventos en Berl\u00edn. El primero en esa misma fecha del 15 de enero en una casa privada de Berl\u00edn, con el estreno de un &#8216;Filmstudie&#8217; de Richter, <em>Rhythmus<\/em> (Alemania, 1926), <em>La p\u2019tite Lili<\/em> de Alberto Cavalcanti (Francia, 1927\/28) y <em>Jeux des reflets et le la vitesse <\/em>de Henri Chomette (Francia, 1925), con el acompa\u00f1amiento al piano de Guido Bagier. La siguiente sesi\u00f3n se celebrar\u00eda un mes m\u00e1s tarde, el 19 de febrero de 1928, en la sala de cine comercial U.T. Kurf\u00fcrstendamm con un programa similar: pel\u00edculas de Richter, Beaumont, Cavalcanti, Eggeling y Man Ray.<\/p>\n<p>Seg\u00fan Richter el programa fue tambi\u00e9n presentado en Frankfurt y quiz\u00e1 en otras ciudades. No obstante, el proyecto no sobrevivi\u00f3 mucho m\u00e1s tiempo. Unos meses despu\u00e9s, la prensa ya especulaba con su desaparici\u00f3n. Guido Bagier hab\u00eda vuelto a trabajar con Tobis en investigaciones sobre cine sonoro y Karl Freund trabajaba en Gran Breta\u00f1a.<\/p>\n<p>Alg\u00fan tiempo despu\u00e9s, Richter participar\u00eda tambi\u00e9n en otra asociaci\u00f3n no vinculada directamente al mundo pol\u00edtico de izquierdas, aunque la mayor parte de sus miembros tend\u00edan hacia esta orientaci\u00f3n: la <strong>Deutsche Liga f\u00fcr den unabh\u00e4ngigen Film<\/strong> [Liga alemana para un cine independiente], junto con Mies van der Rohe, Asta Nielsen, Lotte Reiniger, Walter Ruttmann, Hans Feld y Paul Hindemith, entre otros. Fundada en mayo de 1930 su objetivo era la defensa del cine de vanguardia y las pel\u00edculas censuradas. Se consideraba vinculada a las conclusiones de la reuni\u00f3n de cineastas de vanguardia en La Sarraz, con la propuesta de la creaci\u00f3n de una red transnacional de cineclubs, convirtiendo a la Liga en la rama alemana de dicha red y presentando pel\u00edculas en diversas ciudades alemanas. Al menos seis ten\u00edan grupos locales: Berl\u00edn, Munich, Frankfurt, Stuttgart, Essen y Hannover. La primera actividad p\u00fablica se celebr\u00f3 en Berl\u00edn el 16 de noviembre de 1930, aunque hubo alguna charla previa de Richter en Munich. El acto de Berl\u00edn se inici\u00f3 con la presentaci\u00f3n de Richter seguida de conferencias de Bertolt Brecht, Kurt Weill y su abogado Otto Joseph sobre la pol\u00e9mica adaptaci\u00f3n de la <em>\u00d3pera de cuatro cuartos<\/em>. En la segunda mitad se proyectaron <em>L\u2019Etoile de mer<\/em> de Man Ray (Francia, 1928) y tres escenas de <em>\u0417\u0435\u043c\u043b\u044f <\/em>[Tierra], de Dovzhenko (URSS, 1930). Otros eventos anunciados fueron un debate entre Richter y Asta Nielsen sobre el papel de la actuaci\u00f3n y del montaje en el cine y la proyecci\u00f3n de la pel\u00edcula documental de Vsevolod Pudovkin <i>\u041c\u0435\u0445\u0430\u043d\u0438\u043a\u0430 \u0433\u043e\u043b\u043e\u0432\u043d\u043e\u0433\u043e \u043c\u043e\u0437\u0433\u0430 <\/i>[La mec\u00e1nica del cerebro humano] (URSS, 1930).<\/p>\n<div class=\"field field--name-node-title field--type-ds field--label-hidden field__item\">\n<p><strong>Volksverband f\u00fcr Filmkunst e.V. (Volksfilmverband) (Berlin)<\/strong><\/p>\n<\/div>\n<figure id=\"attachment_10194\" aria-describedby=\"caption-attachment-10194\" style=\"width: 180px\" class=\"wp-caption alignright\"><a href=\"https:\/\/espai-marx.net\/wp-content\/uploads\/2021\/07\/Heinrich_Mann.jpg\"><img loading=\"lazy\" decoding=\"async\" class=\"size-full wp-image-10194\" src=\"https:\/\/espai-marx.net\/wp-content\/uploads\/2021\/07\/Heinrich_Mann.jpg\" alt=\"\" width=\"180\" height=\"260\" \/><\/a><figcaption id=\"caption-attachment-10194\" class=\"wp-caption-text\">Heinrich Mann, impulsor y presidente de VFV.<\/figcaption><\/figure>\n<p>Mucho m\u00e1s calado tuvo otra organizaci\u00f3n creada pocos d\u00edas antes de la GNF: la <strong>Volksverband f\u00fcr Filmkunst e.V.<\/strong> (m\u00e1s tarde, simplemente <strong>Volks-Film-Verband<\/strong>) [Asociaci\u00f3n Popular para el Arte Cinematogr\u00e1fico, y luego Asociaci\u00f3n Popular Cinematogr\u00e1fica, VFV]. Fundada el 13 de enero de 1928, VFV se estableci\u00f3 oficialmente en Berl\u00edn intentando unir a fuerzas de todo el espectro de izquierdas en Alemania: comunistas, socialistas, anarquistas y dem\u00f3cratas de izquierdas unidos por el escritor <a href=\"https:\/\/es.wikipedia.org\/wiki\/Heinrich_Mann\">Heinrich Mann<\/a>, su primer presidente. La principal relaci\u00f3n de Mann con el cine ser\u00eda la adaptaci\u00f3n de su novela <i><a class=\"mw-redirect\" title=\"Profesor Unrat\" href=\"https:\/\/es.wikipedia.org\/wiki\/Profesor_Unrat\">Professor Unrat<\/a><\/i> con el nombre de <i>Der blaue Engel<\/i> [El \u00e1ngel azul]. El d\u00eda a d\u00eda era gestionado por Rudolf Schwarzkopf y la revista de la organizaci\u00f3n, <em>Volk und Film<\/em>, por Franz Hoellering [<a href=\"https:\/\/de.wikipedia.org\/wiki\/Franz_Hoellering\">entrada de la Wikipedia<\/a> en alem\u00e1n] en su primer a\u00f1o y a partir de finales de 1928 por Erich Engel &#8211;ambos procedentes de la IAH&#8211;. Era tambi\u00e9n miembro activo el te\u00f3rico del cine, cr\u00edtico y guionista <a href=\"https:\/\/es.wikipedia.org\/wiki\/B%C3%A9la_Bal%C3%A1zs\">B\u00e9la Bal\u00e1zs<\/a> y contaba con un consejo honorario con la cooperaci\u00f3n de intelectuales de izquierda como el cineasta G.W. Pabst, la artista pl\u00e1stica K\u00e4the Kollwitz, el director teatral Erwin Piscator, el escritor y periodista Kurt Tucholsky, pero tambi\u00e9n Leonhard Frank, Leo Lania, Heinrich George, John Heartfield, Herbert Jhering, Alfred Kerr, Leopold Jessner, Asta Nielsen o Kurt Pinthus.<\/p>\n<p>El planteamiento inicial ten\u00eda un cierto paralelismo con el que hab\u00eda creado en la \u00faltima d\u00e9cada del siglo XIX el Freie Volksb\u00fchne en el mundo teatral. Pero el nuevo arte ten\u00eda unos requerimientos propios y as\u00ed explicaba los objetivos iniciales de la asociaci\u00f3n el manifiesto inaugural de Heinrich Mann:<\/p>\n<p>\u00abNo queremos ni exigimos experimentos de altos vuelos. No tenemos una obsesi\u00f3n por la educaci\u00f3n impregnada de est\u00e9tica y literatura. Sabemos que el cine quiere y debe ser ante todo un lugar de relajaci\u00f3n y entretenimiento. Pero pensamos, que entretenimiento no significa <em>basura<\/em>, que relajaci\u00f3n no es lo mismo que <em>pobreza intelectual<\/em>. Nuestra lucha est\u00e1 dirigida contra la basura art\u00edstica, la pobreza intelectual y no menos importante tambi\u00e9n contra la reacci\u00f3n pol\u00edtica y social, que con demasiada frecuencia imprime su sello en la producci\u00f3n cinematogr\u00e1fica actual. Nuestra lucha tiene como objetivo hacer del cine lo que podr\u00eda y deber\u00eda ser: un medio para difundir conocimientos, ilustraci\u00f3n y educaci\u00f3n, pensamientos, ideas &#8230; medios para el entendimiento entre la gente y para la reconciliaci\u00f3n, un factor vivo de la vida cotidiana, as\u00ed como de la vida intelectual y art\u00edstica.\u00bb<\/p>\n<p>Este llamamamiento iba claramente dirigido contra la cinematograf\u00eda comercial alemana, y muy especialmente la de la\u00a0 principal productora, la UFA, en una posici\u00f3n cada vez m\u00e1s radical de derechas desde su dominio por el empresario Hugenberg. Esto le provocar\u00eda algunos problemas a la nueva asociaci\u00f3n. Ya en su primer acto, el 26 de febrero de 1928, la industria presion\u00f3 al director del cine Capitol de Berl\u00edn, donde estaba prevista su celebraci\u00f3n, para que renunciase, a lo que no accedi\u00f3. En el acto intervinieron Heinrich Mann y B\u00e9la Bal\u00e1zs, se proyect\u00f3 un montaje de fragmentos de noticiarios y pel\u00edculas de ficci\u00f3n titulado <em>Was wir wollen \u2013 Was wir nicht wollen<\/em> [Qu\u00e9 queremos &#8212; Qu\u00e9 no queremos] (Alemania, GER 1928, B\u00e9la Bal\u00e1zs, Albrecht Viktor Blum) y no se pudo proyectar por prohibirlo la censura el noticiario de Ernst Angel y Albrecht Viktor Blum <em>Zeitbericht \u2013 Zeitgesicht <\/em>[Informe de estos tiempos &#8212; Rostro de estos tiempos] (Alemania, 1928). El acto concluy\u00f3 con la proyecci\u00f3n de la pel\u00edcula de Vsevolod Pudovkin \u041a\u043e\u043d\u0435\u0446 \u0421\u0430\u043d\u043a\u0442-\u041f\u0435\u0442\u0435\u0440\u0431\u0443\u0440\u0433\u0430 [El fin de San Petersburgo] (URSS, 1927).<\/p>\n<p>Los planes iniciales, adem\u00e1s de la realizaci\u00f3n de eventos y cursos,\u00a0 la publicaci\u00f3n de una revista y quiz\u00e1 en un futuro la producci\u00f3n de pel\u00edculas, inclu\u00edan la adquisici\u00f3n de una sala de cine para sus estrenos antes del oto\u00f1o de 1928, pero la propuesta no fructific\u00f3. Informes escritos por Rudolf Schwarzkopf, el secretario de la asociaci\u00f3n, mostraban las dificultades que se les planteaban para sus proyecciones. En un acto en la primavera de 1928 estaba prevista la intervenci\u00f3n de G.W. Pabst para hablar de la censura seguido de la proyecci\u00f3n de su pel\u00edcula <em>Die Liebe der Jeanne Ney<\/em> [El amor de Jeanne Ney] (Alemania, 1927). Sin embargo, la industria bloque\u00f3 la proyecci\u00f3n porque la cinta todav\u00eda se estaba proyectando en las salas comerciales. Esto demostraba que la industria percib\u00eda a los cineclubs como una amenaza a su dominio del mercado. Tras esta experiencia, VFV cambi\u00f3 de t\u00e1ctica y no se inform\u00f3,\u00a0 por ejemplo, ni a la prensa ni a la industria de la proyecci\u00f3n de <em>\u041e\u043a\u0442\u044f\u0431\u0440\u044c<\/em> [Octubre] (URSS, 1928) para evitar pol\u00e9micas. Se decidi\u00f3 adem\u00e1s hacer crecer la organizaci\u00f3n m\u00e1s o menos en secreto antes de enfrentarse de nuevo a la industria. Se quejaban de los precios artificialmente altos de varios propietarios de cines de ciudades de tama\u00f1o medio del pa\u00eds, lo que les obligaba a proyectar sus pel\u00edculas en bares, restaurantes y centros sindicales.<\/p>\n<p>El aspecto formativo supuso siempre un eje fundamental de las actividades del VFV. Ya en el primer n\u00famero de su revista se anunci\u00f3 un curso de cine impartido por B\u00e9la Bal\u00e1zs acompa\u00f1ado por proyecciones, durante varios domingos. Siempre que fuese posible, al VFV ped\u00eda que artistas y t\u00e9cnicos hiciesen una introducci\u00f3n a sus pel\u00edculas. Adem\u00e1s, estaba muy extendida la pr\u00e1ctica de mostrar extractos de diversas pel\u00edculas, explicando el contexto y el porqu\u00e9 de los fragmentos seleccionados. Por ejemplo, uno de sus eventos consisti\u00f3 en la proyecci\u00f3n de <em>clips<\/em> de las tres grandes pel\u00edculas de Pudovkin (<em>La madre, El fin de San Petersburgo<\/em> y <em>Tempestad sobre Asia<\/em>) y de fragmentos de <em>Tierra en cautiverio<\/em>, de Fiodor Otsep. Tanto Pudovkin, como Otsep, la actriz de <em>La Madre<\/em> y <em>El fin de San Petersburgo<\/em>, Vera Baranovskaia, y el director de fotograf\u00eda Anatoli Golovnia asistieron a la proyecci\u00f3n. Unas semanas m\u00e1s tarde se present\u00f3 un programa de cine educativo y cient\u00edfico (<em>Kulturfilme<\/em>) en la misma sala de cine, escogido y presentado por el doctor Edgar Beyfu\u00df, del que ya hemos hablado, para hablar de los diversos materiales de la producci\u00f3n f\u00edlmica. La parte principal de la sesi\u00f3n consisti\u00f3 en la proyecci\u00f3n de la pel\u00edcula de Beyfu\u00df <em>Die Wunder des Films<\/em> [Las maravillas del cine] (Alemania, 1928). La pel\u00edcula constaba de tres partes. En la primera se explicaba c\u00f3mo se hac\u00edan las pel\u00edculas de viajes; en la segunda, los problemas de la realizaci\u00f3n de documentales con animales; y en la tercera, trucos t\u00e9cnicos utilizados en el cine educativo.<\/p>\n<p><strong>Film und Volk<\/strong><\/p>\n<p>Un elemento fundamental de las actividades de VolksFilmVerband lo constitu\u00eda su revista, <em>Film und Volk <\/em>[Cine y pueblo]. Aunque existe una reedici\u00f3n de sus n\u00fameros en un libro de 1975 [v\u00e9ase bibliograf\u00eda al final de esta entrada] no he podido consultarlo ni, por otra parte, hablo alem\u00e1n. Se pueden encontrar cinco n\u00fameros de la revista en la colecci\u00f3n digital de la <a href=\"https:\/\/digitalcollections.oscars.org\/digital\/collection\/p15759coll11\/search\/searchterm\/volksfilmverband\">Margaret Herrick Library<\/a>. La revista estuvo dirigida en sus primeros n\u00fameros, como hemos comentado, por Franz Hoellering, quien hab\u00eda sido brevemente director de la conocid\u00edsima revista del IAH de Billi M\u00fcnzenberg <em>Arbeiter Illustrierte Zeitung<\/em> (AIZ). Escribi\u00f3 m\u00e1s tarde para el peri\u00f3dico de Ullstein <i>B.Z. am Mittag<\/i>, del que ser\u00eda redactor jefe en 1929, y en la revista deportiva <em>Arena<\/em> con Bertolt Brecht y John Heartfield. Con la izquierdizaci\u00f3n de la organizaci\u00f3n, Hoellering ser\u00eda sustitu\u00eddo por otro periodista relacionado con el IAH, Erich Engel.<\/p>\n<p>En su primer art\u00edculo para la revista, Hoellering explicaba con claridad sus objetivos:<\/p>\n<p>\u00abEl nombre de esta nueva publicaci\u00f3n explica su agenda: <em>Film und Volk<\/em> [Cine y pueblo]. Su contenido ofrecer\u00e1 con continuidad respuestas a la gran pregunta de nuestro tiempo: \u00bfc\u00f3mo puede la gente encontrar una pel\u00edcula por su cuenta?<br \/>\nEsto significar\u00e1 apoyar las pocas pel\u00edculas honestas y reales que ayudan a la gente, impactan a la gente y divierten a la gente. Significar\u00e1 combatir todas las dem\u00e1s pel\u00edculas, sus productores, sus guionistas, sus directores y sus cr\u00edticos bien intencionados. Significar\u00e1 despertar las masas a la explotaci\u00f3n a la que son sometidas, incluso en su escaso tiempo libre, por una industria cinematogr\u00e1fica que est\u00e1 dominada y financiada por su enemigo de clase, que sigue estando hasta ahora pr\u00e1cticamente incontrolado.<br \/>\n\u00a1Apoyo y combate! Pero no seremos ciegos, ni en nuestro amor ni en nuestro odio. Comprendemos las determinaciones econ\u00f3micas de todas las acciones. Pero precisamente por esta raz\u00f3n, exigiremos una claridad absoluta de todos aquellos que se preocupan por el cine. Cualquiera- \u00a1oh! Ha pasado el tiempo de los tratos turbios.<br \/>\nEste primer n\u00famero es un comienzo. Se produjo en solo unos d\u00edas, acorde con el desarrollo de la Volksverband f\u00fcr Filmkunst, cuyo r\u00e1pido ascenso super\u00f3 incluso las expectativas m\u00e1s optimistas. A\u00fan no completado, est\u00e1 definiendo el frente de batalla. El lema de la los pr\u00f3ximos n\u00fameros es \u201cAtaque, ataque, ataque\u00bb\u00bb.<br \/>\n[\u00abVorwort\u00bb, en <em>Film und Volk: Zeitschrift des Volksverbandes f\u00fcr Filmkunst<\/em> n\u00ba 1 (Marzo 1928)]<\/p>\n<p>En este mismo n\u00famero, el secretario de la asociaci\u00f3n, Schwarzkopf, lanz\u00f3 un duro ataque contra UFA y la industria cinematogr\u00e1fica en general con el lema: \u00abEl enemigo se situa a la derecha, y as\u00ed lo hacen tambi\u00e9n los enemigos del cine. \u00a1Los derrotaremos si permanecemos unidos!\u00bb<br \/>\n[Rudolf Schwarzkopf, \u00abUnser Ziel und unser Weg\u00bb, en <em>Film und Volk<\/em> n\u00ba 1, 1:5]<\/p>\n<p>A finales de 1928 se produjo un golpe de tim\u00f3n con el cambio del director de la revista, sustituido por Erich Lange. En su primer art\u00edculo en este cargo, (\u00abWorauf es ankommt\u00bb [Qu\u00e9 es importante], <em>Film und Volk<\/em>, diciembre\/enero 1928\u201329, 12) y en un art\u00edculo firmado por \u201cJan\u201d (\u00abDas zweite Jahr\u00bb [El segundo a\u00f1o], <em>Film und Volk<\/em>, abril 1929, 14\u201315) se plantearon algunas cr\u00edticas al funcionamiento hasta entonces de la organizaci\u00f3n. Ambos coincid\u00edan en que la VFV se hab\u00eda centrado demasiado en la realizaci\u00f3n de eventos. Lange insist\u00eda en que deb\u00eda convertirse en una fuerza para la lucha activa contra el cine comercial. El segundo art\u00edculo consideraba que se hab\u00eda sobreestimado la capacidad de adquirir un teatro y de enfrentarse a la industria con sus propias producciones y planteaba que la imagen que se hab\u00eda creado de la asociaci\u00f3n era la de un lugar para ver pel\u00edculas sin pagar demasiado. Insist\u00eda en la necesidad de concentrarse en la cr\u00edtica de pel\u00edculas y en charlas p\u00fablicas.<\/p>\n<p>La revista, adem\u00e1s de reflejar las actividades de la organizaci\u00f3n sigui\u00f3 esta t\u00f3nica de an\u00e1lisis tanto de la industria cinematogr\u00e1fica como de sus pel\u00edculas. En sus p\u00e1ginas se sol\u00eda denunciar la influencia de los grupos conservadores y reaccionarios (Alfons Goldschmidt, \u00abDie Filmwirtschaft\u00bb [La econom\u00eda del cine], febrero\/marzo 1928:21); describ\u00edan el trato dictatorial de los ejecutivos de la compa\u00f1\u00eda sobre los directores y dem\u00e1s personal (Rudolf Schwarzkopf, \u00abAbenteuer um Abenteuer\u00bb [Aventura tras aventura], abril 1928:1); y denunciaban las conexiones entre productores y cr\u00edticos (Hermann Hubner, \u00abDiese<br \/>\nFilmkritik\u00bb [Esta cr\u00edtica cinematogr\u00e1fica], agosto 1928:8). Algunos art\u00edculos, por \u00faltimo, se centraban en la propuesta de alternativas desde una perspectiva de izquierda: \u00abDer Film arbeitet f\u00fcr uns!\u00bb [\u00a1El cine trabaja para nosotros!\u201d(B\u00e9la Bal\u00e1zs, marzo 1928:6), \u00abK\u00fcnstler und Volk geh\u00f6ren zusammen\u00bb (Los artistas y el pueblo deben estar juntos] (Carl Zuckmayer, marzo 1928:16), \u00abEroberung des Films\u00bb [La conquista del cine] (Franz H\u00f6llering, junio 1928:4, y agosto 1928:4), \u00abRevolution von unten\u00bb [Revoluci\u00f3n desde abajo] (S. Alher, agosto 1928:6), y \u00abArbeiter dreht Filme!\u00bb [\u00a1Trabajadores, haced pel\u00edculas!] (Felix Lange, noviembre 1928:9\u201310).<\/p>\n<p>Por otra parte, personalidades de la cinematograf\u00eda sovi\u00e9tica como Pudovkin o Eisenstein informaban de sus trabajos y de las tendencias generales del cine sovi\u00e9tico. Adem\u00e1s de con art\u00edculos, como hemos visto participaron tambi\u00e9n en proyecciones y charlas estos dos directores pero tambi\u00e9n otros como Dziga Vertov.<\/p>\n<p>La revista ten\u00eda tambi\u00e9n secciones para cr\u00edtica cinematogr\u00e1fica (\u00abKritischer Filmbericht\u00bb[Rese\u00f1as cr\u00edticas de cine]), con una cobertura muy amplia de los estrenos, generalmente con un claro tono anti-UFA, y de recomendaci\u00f3n de pel\u00edculas (\u00abMitteilungen des Volksverbandes f\u00fcr Filmkunst\u00bb [Comunicaciones de la VFV]). Tambi\u00e9n se sol\u00eda hacer publicidad de las pel\u00edculas de las productoras comunistas Prometheus y Weltfilm.<\/p>\n<div id='gallery-1' class='gallery galleryid-10141 gallery-columns-3 gallery-size-large'><figure class='gallery-item'>\n\t\t\t<div class='gallery-icon portrait'>\n\t\t\t\t<a href='https:\/\/espai-marx.net\/?attachment_id=10199'><img loading=\"lazy\" decoding=\"async\" width=\"484\" height=\"686\" src=\"https:\/\/espai-marx.net\/wp-content\/uploads\/2021\/07\/FuV_1_5.jpg\" class=\"attachment-large size-large\" alt=\"\" srcset=\"https:\/\/espai-marx.net\/wp-content\/uploads\/2021\/07\/FuV_1_5.jpg 484w, https:\/\/espai-marx.net\/wp-content\/uploads\/2021\/07\/FuV_1_5-212x300.jpg 212w\" sizes=\"auto, (max-width: 484px) 100vw, 484px\" \/><\/a>\n\t\t\t<\/div><\/figure><figure class='gallery-item'>\n\t\t\t<div class='gallery-icon portrait'>\n\t\t\t\t<a href='https:\/\/espai-marx.net\/?attachment_id=10200'><img loading=\"lazy\" decoding=\"async\" width=\"478\" height=\"677\" src=\"https:\/\/espai-marx.net\/wp-content\/uploads\/2021\/07\/FuV_2_1.png\" class=\"attachment-large size-large\" alt=\"\" srcset=\"https:\/\/espai-marx.net\/wp-content\/uploads\/2021\/07\/FuV_2_1.png 478w, https:\/\/espai-marx.net\/wp-content\/uploads\/2021\/07\/FuV_2_1-212x300.png 212w\" sizes=\"auto, (max-width: 478px) 100vw, 478px\" \/><\/a>\n\t\t\t<\/div><\/figure><figure class='gallery-item'>\n\t\t\t<div class='gallery-icon portrait'>\n\t\t\t\t<a href='https:\/\/espai-marx.net\/?attachment_id=10201'><img loading=\"lazy\" decoding=\"async\" width=\"482\" height=\"658\" src=\"https:\/\/espai-marx.net\/wp-content\/uploads\/2021\/07\/FuV_2_3.png\" class=\"attachment-large size-large\" alt=\"\" srcset=\"https:\/\/espai-marx.net\/wp-content\/uploads\/2021\/07\/FuV_2_3.png 482w, https:\/\/espai-marx.net\/wp-content\/uploads\/2021\/07\/FuV_2_3-220x300.png 220w\" sizes=\"auto, (max-width: 482px) 100vw, 482px\" \/><\/a>\n\t\t\t<\/div><\/figure><figure class='gallery-item'>\n\t\t\t<div class='gallery-icon portrait'>\n\t\t\t\t<a href='https:\/\/espai-marx.net\/?attachment_id=10202'><img loading=\"lazy\" decoding=\"async\" width=\"478\" height=\"690\" src=\"https:\/\/espai-marx.net\/wp-content\/uploads\/2021\/07\/FuV_2_4.png\" class=\"attachment-large size-large\" alt=\"\" srcset=\"https:\/\/espai-marx.net\/wp-content\/uploads\/2021\/07\/FuV_2_4.png 478w, https:\/\/espai-marx.net\/wp-content\/uploads\/2021\/07\/FuV_2_4-208x300.png 208w\" sizes=\"auto, (max-width: 478px) 100vw, 478px\" \/><\/a>\n\t\t\t<\/div><\/figure><figure class='gallery-item'>\n\t\t\t<div class='gallery-icon portrait'>\n\t\t\t\t<a href='https:\/\/espai-marx.net\/?attachment_id=10203'><img loading=\"lazy\" decoding=\"async\" width=\"469\" height=\"657\" src=\"https:\/\/espai-marx.net\/wp-content\/uploads\/2021\/07\/FuV_2_6.png\" class=\"attachment-large size-large\" alt=\"\" srcset=\"https:\/\/espai-marx.net\/wp-content\/uploads\/2021\/07\/FuV_2_6.png 469w, https:\/\/espai-marx.net\/wp-content\/uploads\/2021\/07\/FuV_2_6-214x300.png 214w\" sizes=\"auto, (max-width: 469px) 100vw, 469px\" \/><\/a>\n\t\t\t<\/div><\/figure><figure class='gallery-item'>\n\t\t\t<div class='gallery-icon portrait'>\n\t\t\t\t<a href='https:\/\/espai-marx.net\/?attachment_id=10204'><img loading=\"lazy\" decoding=\"async\" width=\"180\" height=\"260\" src=\"https:\/\/espai-marx.net\/wp-content\/uploads\/2021\/07\/FUV_3.jpg\" class=\"attachment-large size-large\" alt=\"\" \/><\/a>\n\t\t\t<\/div><\/figure>\n\t\t<\/div>\n\n<p><strong>Evoluci\u00f3n<\/strong><\/p>\n<p>La Volksfilmverband se convirti\u00f3 r\u00e1pidamente en una organizaci\u00f3n de masas. En marzo de 1928, un mes despu\u00e9s de su inauguraci\u00f3n oficial, la asociaci\u00f3n ya contaba con 30 oficinas de pago en Berl\u00edn, donde se pod\u00edan adquirir entradas o la revista <em>Film und Volk.<\/em> Ten\u00eda filiales en Hamburgo y Frankfurt y se estaban organizando en Dresde, Leipzig y Breslau. La VFV realizaba campa\u00f1as de afiliaci\u00f3n en las grandes empresas y planeaba proyecciones al aire libre en los distritos obreros de Wedding y Friedrichshain de Berl\u00edn. En julio de 1929 las ventas de la revista se acercaban a los 5.000 ejemplares.<\/p>\n<p>Para finales de 1929 el resultado era espectacular. Volksfilmverband f\u00fcr Filmkunst contaba ya con 14 grupos en Berl\u00edn (con 62 oficinas de pago) y 33 en otras ciudades. Ten\u00eda 6.000 miembros en Berl\u00edn, 1.500 en Hamburgo, 3.000 en Breslau y filiales en Dresde, Leipzig, Munich, Nuremberg, Erfurt, Chemnitz, Offenbach, Frankfurt y otras ciudades. Hasta noviembre de 1929 hab\u00eda organizado 730 eventos en diversas partes del pa\u00eds y 32 programas de cine estaban en marcha en ese momento por toda Alemania.<\/p>\n<p>La tendencia, no obstante, fue la de la radicalizaci\u00f3n pol\u00edtica. En un primer momento los socialdem\u00f3cratas entendieron la asociaci\u00f3n como un ap\u00e9ndice del Volksb\u00fchne, la organizaci\u00f3n teatral creada a finales del siglo XIX. El KPD por su parte esperaba utilizarla como un foro para ampliar su esfera de influencia. Para abril de 1928, cuando la VFV realiz\u00f3 su primera conferencia nacional en Erfurt, el SPD hab\u00eda decidido abandonarla y atacarla como una organizaci\u00f3n para la propaganda comunista. A pesar de esta decisi\u00f3n, algunos militantes siguieron colaborando y la VFV insisti\u00f3 en afirmar que era una organizaci\u00f3n no partidaria. Mann hab\u00eda escrito en 1928 que \u00abLa Volksverband f\u00fcr Filmkunst es de izquierdas, pero neutral desde el punto de vista de la pol\u00edtica de partido. Quiere formar un frente popular contra las pel\u00edculas malas, falsas y reaccionarias. Este movimiento incluye a todos los elementos progresivos sin importar el partido pol\u00edtico al que pertenezcan.\u00bb<\/p>\n<p>Pero la evoluci\u00f3n pol\u00edtica de la Alemania de la \u00e9poca en particular, y del panorama internacional en general, con la caracterizaci\u00f3n de la socialdemocracia como &#8216;socialfascismo&#8217; por parte de la Internacional Comunista, no favorec\u00eda en absoluto esta pol\u00edtica de unidad de la izquierda. Escorada hacia el KPD, a finales de 1928 Lange sustitu\u00eda a Hoellering como director de <em>Film und Volk<\/em> y en 1930 la revista hac\u00eda campa\u00f1a de agitaci\u00f3n contra la pel\u00edcula patronizada por el SPD <em>Lohnbuchhalter Kremke,<\/em> que vimos en nuestra entrada anterior, mientras el <em>Vorw\u00e4rts<\/em> socialista insist\u00eda en que VFV era una organizaci\u00f3n comunista.<\/p>\n<p>En octubre de 1929 el KPD fund\u00f3 el Interessengemeinschaft f\u00fcr Arbeiterkultur [Comunidad de intereses para los trabajadores de la cultura, IfA] para coordinar las actividades culturales del partido. La VFV se incorpor\u00f3 a esta organizaci\u00f3n y en enero de 1930 &#8216;corresponsales obreros&#8217; [Arbeiterkorrespondenten] del KPD empezaron a publicar en <em>Film und Volk<\/em>. En abril de ese mismo a\u00f1o, el VFV ya no pudo mantener la revista, que se fusion\u00f3 con la del Arbeiter-Theater-Bund Deutschlands [Asociaci\u00f3n de Trabajadores del Teatro de Alemania], y la nueva <em>Arbeiterb\u00fchne und Film<\/em> apareci\u00f3 durante un a\u00f1o m\u00e1s, hasta junio de 1931.<\/p>\n<p>En el oto\u00f1o de 1930 solo quedaban activas dos secciones. En Hamburgo Willi Bredel dirig\u00eda un grupo que public\u00f3 la <em>Sozialistische Film-Kritik<\/em> hasta finales de 1931, y en Stuttgart Friedrich Wolf mantuvo la organizaci\u00f3n hasta entrado 1932.<\/p>\n<p><strong>Producci\u00f3n<\/strong><\/p>\n<p>Si bien la mayor parte de los participantes en la VFV no ten\u00edan una relaci\u00f3n profesional con el mundo del cine, la realizaci\u00f3n de pel\u00edculas form\u00f3 parte de su proyecto casi desde el primer momento. En un art\u00edculo de 1928 de <em>Film und Volk,<\/em> Heinrich Mann anunciaba un programa para su segundo a\u00f1o en el que se inclu\u00edan las proyecciones, los cursos, pero tambi\u00e9n la producci\u00f3n. Para convencer a sus miembros de que esto era posible, la VFV pidi\u00f3 y recibi\u00f3 el permiso de Prometheus &#8211;de la IAH&#8211; para proyectar uno de los documentales que esta hab\u00eda producido en 1927-28: <em>Das Dokument von Shanghai<\/em> [El documento de Shanghai], una coproducci\u00f3n de la IAH en Alemania y su hom\u00f3loga en la URSS.<\/p>\n<p>En el portal del cine alem\u00e1n, <a href=\"https:\/\/www.filmportal.de\/film\/was-wir-wollen-was-wir-nicht-wollen_93f4b2b3df2a4e198ef17dc0acc45b78\">Filmportal.de<\/a>, la pel\u00edcula <em>Was wir wollen &#8211; Was wir nicht wollen <\/em>[Lo que queremos &#8211; Lo que no queremos], dirigida por el miembro de IAH Albrecht Viktor Blum &#8211;aunque Hagener se la atribuye tambi\u00e9n a Bal\u00e1zs&#8211;, aparece como coproducida por Weltfilm &#8211;una de las productoras de la IAH junto con Prometheus&#8211; y Volksfilmverband, y proyectada en la primera actividad p\u00fablica de la VFV el 26 de febrero de 1928, pero tengo dudas de qu\u00e9 significa realmente esta coproducci\u00f3n. La pel\u00edcula era un montaje con escenas de noticiarios y escenas de ficci\u00f3n y no he encontrado m\u00e1s informaci\u00f3n sobre ella. Parece poco probable que una organizaci\u00f3n reci\u00e9n creada y con gente sin demasiada experiencia previa en el mundo del cine &#8211;excepto quiz\u00e1 Bal\u00e1zs&#8211; fuese capaz de poner en marcha una pel\u00edcula m\u00e1s all\u00e1 de colaborar quiz\u00e1 financieramente.<\/p>\n<div class=\"field field--name-node-title field--type-ds field--label-hidden field__item\">\u00a0Menos dudas existen con <a href=\"https:\/\/www.filmportal.de\/film\/ums-taegliche-brot_18f1f14d523646d3a2e584aa3ef8d115\"><em>Um&#8217;s t\u00e4gliche Brot <\/em><\/a>[El pan nuestro de cada d\u00eda], tambi\u00e9n conocida como <em>Hunger in Waldenburg<\/em> [Hambre en Waldenburg]. Realizada poco despu\u00e9s del anuncio de Mann del proyecto de producir pel\u00edculas, se trata de una cooperaci\u00f3n entre la VFV, de nuevo Weltfilm y el Theater am Schiffbauerdamm, para reflejar las terribles condiciones de vida y trabajo en el distrito minero de Waldenburg, en Silesia, actualmente la polaca Wa\u0142brzych. El guion fue escrito por Leo Lania, la dirigi\u00f3 Phil Jutzi y participaron varios actores amateurs como Holmes Zimmerman y gente del \u00e1rea de Waldenburg. Se estren\u00f3 en el Tauentzienpalast de Berl\u00edn el 16 de marzo de 1929.<\/div>\n<div class=\"field field--name-node-title field--type-ds field--label-hidden field__item\">\n<p>La pel\u00edcula fue reeditada y comercializada recientemente por <a href=\"https:\/\/absolutmedien.de\/film\/3013\/HUNGER+IN+WALDENBURG++UMS+TAeGLICHE+BROT+%281929%29\">Absolut medien<\/a> y, aunque no es dif\u00edcil encontrarla en Emule y similares, no est\u00e1 disponible gratuitamente en internet, por lo que presento solamente su trailer:<\/p>\n<p>https:\/\/youtu.be\/y-pHGVBo-XQ<\/p>\n<div>Y esta es la descripci\u00f3n que se hace de ella en el libro de Bruce Murray:<\/div>\n<div class=\"field field--name-node-title field--type-ds field--label-hidden field__item\"><a href=\"https:\/\/espai-marx.net\/wp-content\/uploads\/2021\/07\/hunger-in-waldenburg_440.jpg\"><img loading=\"lazy\" decoding=\"async\" class=\"alignleft size-full wp-image-10197\" src=\"https:\/\/espai-marx.net\/wp-content\/uploads\/2021\/07\/hunger-in-waldenburg_440.jpg\" alt=\"\" width=\"310\" height=\"440\" srcset=\"https:\/\/espai-marx.net\/wp-content\/uploads\/2021\/07\/hunger-in-waldenburg_440.jpg 310w, https:\/\/espai-marx.net\/wp-content\/uploads\/2021\/07\/hunger-in-waldenburg_440-211x300.jpg 211w\" sizes=\"auto, (max-width: 310px) 100vw, 310px\" \/><\/a>\u00abLa pel\u00edcula cuenta la historia de un joven que decide buscar un nuevo empleo en un pueblo minero de carb\u00f3n cuando se entera de que los due\u00f1os de la f\u00e1brica textil donde actualmente trabaja le han vuelto a recortar el salario. Despu\u00e9s de despedirse de sus abatidos padres, el hijo pasa a pie por un palacio cubierto de nieve y entra en la ciudad minera de carb\u00f3n donde sale humo negro de las chimeneas de las enormes plantas industriales. All\u00ed el joven busca trabajo; tiene hambre y finalmente roba un pescado de una caja frente a una tienda de comestibles. Un trabajador que ha observado el robo lo convence de que devuelva el pescado, escucha su historia y le ofrece ayuda. Juntos van al apartamento de una joven viuda que permite que el reci\u00e9n llegado se quede con ella. El joven aprende gradualmente que la vida en la ciudad minera de carb\u00f3n no es mejor que en su hogar anterior. La viuda explica que en su edificio de viviendas viven trescientas familias. Siete personas ocupan una habitaci\u00f3n y el propietario desaloja a los que no pagan el alquiler. El esposo de la viuda muri\u00f3 en las minas y ella cree que ya se habr\u00eda suicidado hac\u00eda mucho si no fuese por sus hijos. Adem\u00e1s de enterarse de las desgracias ajenas, el joven recibe una carta notific\u00e1ndole que su solicitud de prestaciones por desempleo ha sido rechazada. Cuando entra en la habitaci\u00f3n de la viuda una noche, aparentemente con la intenci\u00f3n de acostarse con ella, se da cuenta de los ni\u00f1os dormidos y se retira. El segmento final de la pel\u00edcula describe eventos en la casa el d\u00eda antes del pago del alquiler. La mujer de una familia en un apartamento vecino va a comprar y descubre de que su tendero se niega a darle m\u00e1s cr\u00e9dito. Cuando se lo dice a su marido, este se ahorca. M\u00e1s tarde, ese mismo d\u00eda, la hija del propietario se enfrenta a la viuda en el pasillo y pregunta por el joven en su apartamento. Cuando regresa, la viuda llora, porque no tienen nada para comer. Al mismo tiempo, el arrendador va de puerta en puerta exigiendo el alquiler. Cuando llega al apartamento de la viuda, ella admite que no puede pagar. El propietario le ordena que se vaya. El joven interviene y se pelean. La pel\u00edcula termina cuando el propietario lo arroja por un tramo de escaleras y lo mata.<\/div>\n<div><\/div>\n<div>La pel\u00edcula recibi\u00f3 cr\u00edticas generalmente favorables &#8211;en la p\u00e1gina de la editora en DVD aparecen unas cuantas, aunque en alem\u00e1n&#8211;. La mayor parte de los cr\u00edticos destacaron su naturaleza experimental y alabaron el retrato realista de la pel\u00edcula. Solo los m\u00e1s ardientes partidarios del realismo socialista (como Willi Bredel en <em>Hamburger Volkzeitung<\/em>, 4 de diciembre de 1929) la criticaron por ser demasiado pesimista. A pesar de estas cr\u00edticas favorables, la pel\u00edcula tuvo poca repercusi\u00f3n y desapareci\u00f3 r\u00e1pidamente. Excepto los miembros de la VFV y quienes fueran a proyecciones del KPD o IAH, muy poca gente pudo verla en su momento.<\/div>\n<\/div>\n<div><\/div>\n<div><strong>Bibliograf\u00eda<\/strong><\/div>\n<div>-Murray, Bruce Arthur. <em>Film and the German left in the Weimar Republic: from Caligari to Kuhle Wampe<\/em>. Austin : University of Texas, 1990.<\/div>\n<div>-Hagener, Malte. <em>Moving Forward, Looking Back : The European Avant-garde and the Invention of<\/em><br \/>\n<em>Film Culture, 1919-1939. <\/em>Amsterdam: Amsterdam University Press, 2007.<\/div>\n<div>-Anton Kaes, Nicholas Baer, Michael Cowan (eds.). <em>The promise of cinema: German film theory, 1907\u20131933<\/em>. Oakland : University of California Press, [2016].<\/div>\n<div>-Weber, Richard. \u00abDer Volksfilmverband. Von einer b\u00fcrgerlichen B\u00fcndnisorganisation zur proletarischen Kulturorganisation\u00bb. Introducci\u00f3n a: <em>Film und Volk, Organ des Volksfilmverbandes. Februar 1928 \u2013 M\u00e4rz 1930<\/em>. Vollst. Ausg. Repr., hrsg. v. Richard Weber. K\u00f6ln: Prometh 1975. 2. Aufl. 1978, S. 5\u201127.<\/div>\n","protected":false},"excerpt":{"rendered":"<p>Introducci\u00f3n En entradas anteriores hemos presentado el cine militante de Francia (I y II) y Estados Unidos (I , II<\/p>\n","protected":false},"author":5,"featured_media":10206,"comment_status":"open","ping_status":"open","sticky":false,"template":"","format":"standard","meta":{"footnotes":""},"categories":[6],"tags":[1501,1709],"class_list":["post-10141","post","type-post","status-publish","format-standard","has-post-thumbnail","hentry","category-cine","tag-alemania","tag-cine-militante"],"aioseo_notices":[],"_links":{"self":[{"href":"https:\/\/espai-marx.net\/index.php?rest_route=\/wp\/v2\/posts\/10141","targetHints":{"allow":["GET"]}}],"collection":[{"href":"https:\/\/espai-marx.net\/index.php?rest_route=\/wp\/v2\/posts"}],"about":[{"href":"https:\/\/espai-marx.net\/index.php?rest_route=\/wp\/v2\/types\/post"}],"author":[{"embeddable":true,"href":"https:\/\/espai-marx.net\/index.php?rest_route=\/wp\/v2\/users\/5"}],"replies":[{"embeddable":true,"href":"https:\/\/espai-marx.net\/index.php?rest_route=%2Fwp%2Fv2%2Fcomments&post=10141"}],"version-history":[{"count":0,"href":"https:\/\/espai-marx.net\/index.php?rest_route=\/wp\/v2\/posts\/10141\/revisions"}],"wp:featuredmedia":[{"embeddable":true,"href":"https:\/\/espai-marx.net\/index.php?rest_route=\/wp\/v2\/media\/10206"}],"wp:attachment":[{"href":"https:\/\/espai-marx.net\/index.php?rest_route=%2Fwp%2Fv2%2Fmedia&parent=10141"}],"wp:term":[{"taxonomy":"category","embeddable":true,"href":"https:\/\/espai-marx.net\/index.php?rest_route=%2Fwp%2Fv2%2Fcategories&post=10141"},{"taxonomy":"post_tag","embeddable":true,"href":"https:\/\/espai-marx.net\/index.php?rest_route=%2Fwp%2Fv2%2Ftags&post=10141"}],"curies":[{"name":"wp","href":"https:\/\/api.w.org\/{rel}","templated":true}]}}