{"id":10163,"date":"2021-07-18T05:00:41","date_gmt":"2021-07-18T04:00:41","guid":{"rendered":"https:\/\/espai-marx.net\/?p=10163"},"modified":"2021-07-17T13:06:59","modified_gmt":"2021-07-17T12:06:59","slug":"in-memoriam-miguel-hernandez","status":"publish","type":"post","link":"https:\/\/espai-marx.net\/?p=10163","title":{"rendered":"In memoriam: Miguel Hern\u00e1ndez"},"content":{"rendered":"<p><em>El Ayuntamiento de Madrid ha borrado los versos de Madrid del cementerio de la Almudena. Buen momento para recordar este de Manuel Sacrist\u00e1n, de la primavera de 1976, escrito con ocasi\u00f3n del trig\u00e9simo cuarto aniversario de la muerte de Miguel Hern\u00e1ndez. Le\u00eddo (probablemente) por Mario Gas en un homenaje al poeta celebrado en el Aula Magna de la Universidad de Barcelona el 20 de mayo de 1976.<\/em><\/p>\n<p>Tiene que haber varias razones de la respuesta excepcional, en intensidad y en extensi\u00f3n, que est\u00e1 recibiendo la iniciativa de la conmemoraci\u00f3n de Miguel Hern\u00e1ndez. Algunas de esas razones ser\u00e1n compartidas por todo el mundo, y del mismo modo, m\u00e1s o menos; por ejemplo, la autenticidad de la poes\u00eda de Hern\u00e1ndez, en la que, si se prescinde de algunos ejercicios de adolescencia, no se encuentra una palabra de m\u00e1s. Otras motivaciones ser\u00e1n menos generales. La m\u00eda es la verdad popular de Hern\u00e1ndez: no s\u00f3lo de su poes\u00eda, en el sentido de los escritos suyos que est\u00e1n impresos, sino de \u00e9l mismo y entero, de los actos y de las situaciones de los que naci\u00f3 su poes\u00eda, o en los que se acall\u00f3.<\/p>\n<p>Al decir eso pienso, por ejemplo -pero no solamente- en aquella fatal indefensi\u00f3n de Hern\u00e1ndez en su cautiverio. Hern\u00e1ndez fue un preso del todo impotente, sin enchufes, sin alivios, sin m\u00e1s salida que la destrucci\u00f3n ps\u00edquica y la muerte, como s\u00f3lo lo son (con la excepci\u00f3n de dirigentes revolucionarios muy conocidos por el poder) los oprimidos que no someten el alma, los hombres del pueblo que no llegan a asimilarse a los valores de los poderosos, aunque sea por simple incapacidad de hacerlo y no por ninguna voluntad hist\u00f3rica. O por ella, naturalmente.<\/p>\n<p>Las \u00faltimas notas de Hern\u00e1ndez que ha publicado hace poco la revista <em>Posible<\/em> documentan muy bien el aplastamiento moral que acompa\u00f1a a la destrucci\u00f3n f\u00edsica del hombre del pueblo sin c\u00f3mplices y, por lo tanto, sin valedores en la clase propietaria del estado, de las f\u00e1bricas y de las c\u00e1rceles.<\/p>\n<p>La autenticidad popular de la poes\u00eda madura de Hern\u00e1ndez es tan consistente porque se basa en esta segunda, en la autenticidad popular del hombre muerto, como el Otro, entre dos o m\u00e1s chorizos, y como ellos.<\/p>\n<p><em>Manuel Sacrist\u00e1n (Madrid, 1925 \u0096 Barcelona, 1985), l\u00f3gico matem\u00e1tico, fil\u00f3sofo, traductor y pol\u00edtico comunista espa\u00f1ol, fue la personalidad intelectual m\u00e1s descollante de la izquierda militante antifranquista, y para muchos, el fil\u00f3sofo m\u00e1s importante en lengua castellana de la segunda mitad del siglo XX.<\/em><\/p>\n<p>Fuente:<a href=\"http:\/\/www.sinpermiso.info\/textos\/en-el-aniversario-de-la-muerte-de-miguel-hernndez\"> http:\/\/www.sinpermiso.info\/textos\/en-el-aniversario-de-la-muerte-de-miguel-hernndez<\/a><\/p>\n","protected":false},"excerpt":{"rendered":"<p>El Ayuntamiento de Madrid ha borrado los versos de Madrid del cementerio de la Almudena. Buen momento para recordar este<\/p>\n","protected":false},"author":5,"featured_media":10164,"comment_status":"open","ping_status":"open","sticky":false,"template":"","format":"standard","meta":{"footnotes":""},"categories":[5,10,46],"tags":[],"class_list":["post-10163","post","type-post","status-publish","format-standard","has-post-thumbnail","hentry","category-literatura","category-manuel-sacristan","category-memoria-historica"],"aioseo_notices":[],"_links":{"self":[{"href":"https:\/\/espai-marx.net\/index.php?rest_route=\/wp\/v2\/posts\/10163","targetHints":{"allow":["GET"]}}],"collection":[{"href":"https:\/\/espai-marx.net\/index.php?rest_route=\/wp\/v2\/posts"}],"about":[{"href":"https:\/\/espai-marx.net\/index.php?rest_route=\/wp\/v2\/types\/post"}],"author":[{"embeddable":true,"href":"https:\/\/espai-marx.net\/index.php?rest_route=\/wp\/v2\/users\/5"}],"replies":[{"embeddable":true,"href":"https:\/\/espai-marx.net\/index.php?rest_route=%2Fwp%2Fv2%2Fcomments&post=10163"}],"version-history":[{"count":0,"href":"https:\/\/espai-marx.net\/index.php?rest_route=\/wp\/v2\/posts\/10163\/revisions"}],"wp:featuredmedia":[{"embeddable":true,"href":"https:\/\/espai-marx.net\/index.php?rest_route=\/wp\/v2\/media\/10164"}],"wp:attachment":[{"href":"https:\/\/espai-marx.net\/index.php?rest_route=%2Fwp%2Fv2%2Fmedia&parent=10163"}],"wp:term":[{"taxonomy":"category","embeddable":true,"href":"https:\/\/espai-marx.net\/index.php?rest_route=%2Fwp%2Fv2%2Fcategories&post=10163"},{"taxonomy":"post_tag","embeddable":true,"href":"https:\/\/espai-marx.net\/index.php?rest_route=%2Fwp%2Fv2%2Ftags&post=10163"}],"curies":[{"name":"wp","href":"https:\/\/api.w.org\/{rel}","templated":true}]}}