{"id":10180,"date":"2021-07-21T06:21:53","date_gmt":"2021-07-21T05:21:53","guid":{"rendered":"https:\/\/espai-marx.net\/?p=10180"},"modified":"2021-07-21T06:21:53","modified_gmt":"2021-07-21T05:21:53","slug":"ethos-barroco-critica-e-interpretacion-homenaje-a-bolivar-echeverria","status":"publish","type":"post","link":"https:\/\/espai-marx.net\/?p=10180","title":{"rendered":"Ethos barroco. Cr\u00edtica e interpretaci\u00f3n. Homenaje a Bol\u00edvar Echeverr\u00eda"},"content":{"rendered":"<p>Mesa redonda organizada por la UNAM. Ziranda. Cr\u00edtica e interpretaci\u00f3n.<\/p>\n<p>Homenaje a Bol\u00edvar Echeverr\u00eda. Participan: Rafael Rojas, M\u00e1rgara Mill\u00e1n, Antonio Garc\u00eda de Le\u00f3n, Margarita Pe\u00f1a. Modera: Norma de los R\u00edos. 29 de septiembre de 2010, Aula Magna.<\/p>\n<p>Semestre 2011-1. C\u00e1tedra Extraordinaria. Maestros del Exilio Espa\u00f1ol. Secretar\u00eda Acad\u00e9mica, Secretar\u00eda de Extensi\u00f3n Acad\u00e9mica, Comisi\u00f3n Organizadora: Raquel Segur, Isaac Garc\u00eda Venegas, Carlos Oliva y Diana Fuentes. Facultad de Filosof\u00eda y Letras, Universidad Nacional Aut\u00f3noma de M\u00e9xico. Audio. Duraci\u00f3n: 1 hora 35 minutos.<\/p>\n<audio class=\"wp-audio-shortcode\" id=\"audio-10180-1\" preload=\"none\" style=\"width: 100%;\" controls=\"controls\"><source type=\"audio\/mpeg\" src=\"https:\/\/espai-marx.net\/wp-content\/uploads\/2021\/07\/ZHBE_Mesa_04_Ethos_barroco_29_09_2010.mp3?_=1\" \/><a href=\"https:\/\/espai-marx.net\/wp-content\/uploads\/2021\/07\/ZHBE_Mesa_04_Ethos_barroco_29_09_2010.mp3\">https:\/\/espai-marx.net\/wp-content\/uploads\/2021\/07\/ZHBE_Mesa_04_Ethos_barroco_29_09_2010.mp3<\/a><\/audio>\n","protected":false},"excerpt":{"rendered":"<p>Mesa redonda organizada por la UNAM. Ziranda. Cr\u00edtica e interpretaci\u00f3n. Homenaje a Bol\u00edvar Echeverr\u00eda. Participan: Rafael Rojas, M\u00e1rgara Mill\u00e1n, Antonio<\/p>\n","protected":false},"author":5,"featured_media":8994,"comment_status":"open","ping_status":"open","sticky":false,"template":"","format":"standard","meta":{"footnotes":""},"categories":[8,17],"tags":[],"class_list":["post-10180","post","type-post","status-publish","format-standard","has-post-thumbnail","hentry","category-filosofia","category-historia"],"aioseo_notices":[],"_links":{"self":[{"href":"https:\/\/espai-marx.net\/index.php?rest_route=\/wp\/v2\/posts\/10180","targetHints":{"allow":["GET"]}}],"collection":[{"href":"https:\/\/espai-marx.net\/index.php?rest_route=\/wp\/v2\/posts"}],"about":[{"href":"https:\/\/espai-marx.net\/index.php?rest_route=\/wp\/v2\/types\/post"}],"author":[{"embeddable":true,"href":"https:\/\/espai-marx.net\/index.php?rest_route=\/wp\/v2\/users\/5"}],"replies":[{"embeddable":true,"href":"https:\/\/espai-marx.net\/index.php?rest_route=%2Fwp%2Fv2%2Fcomments&post=10180"}],"version-history":[{"count":0,"href":"https:\/\/espai-marx.net\/index.php?rest_route=\/wp\/v2\/posts\/10180\/revisions"}],"wp:featuredmedia":[{"embeddable":true,"href":"https:\/\/espai-marx.net\/index.php?rest_route=\/wp\/v2\/media\/8994"}],"wp:attachment":[{"href":"https:\/\/espai-marx.net\/index.php?rest_route=%2Fwp%2Fv2%2Fmedia&parent=10180"}],"wp:term":[{"taxonomy":"category","embeddable":true,"href":"https:\/\/espai-marx.net\/index.php?rest_route=%2Fwp%2Fv2%2Fcategories&post=10180"},{"taxonomy":"post_tag","embeddable":true,"href":"https:\/\/espai-marx.net\/index.php?rest_route=%2Fwp%2Fv2%2Ftags&post=10180"}],"curies":[{"name":"wp","href":"https:\/\/api.w.org\/{rel}","templated":true}]}}