{"id":1025,"date":"2009-01-20T00:00:00","date_gmt":"2009-01-20T00:00:00","guid":{"rendered":"https:\/\/espai-marx.net\/?p=1025"},"modified":"2020-02-25T05:05:43","modified_gmt":"2020-02-25T04:05:43","slug":"comunicat-carles-escola-i-altres-ex-militants-d-euia-de-cerdanyola-de-valles","status":"publish","type":"post","link":"https:\/\/espai-marx.net\/?p=1025","title":{"rendered":"Comunicat Carles Escol\u00e0 i altres ex-militants d&#8217;EUiA de Cerdanyola de Vall\u00e8s"},"content":{"rendered":"<p><strong>Carles Escol\u00e0 deixa ICV-EUiA i dimiteix com a regidor de <\/strong><strong>l&#8217;ajuntament de Cerdanyola<\/strong><\/p>\n<p>&nbsp;<\/p>\n<p>Escrito por Ex-militants d\u2019EUiA de Cerdanyola del Vall\u00e8s<\/p>\n<p><i>12 de December de 2008<\/i><\/p>\n<p>&nbsp;<\/p>\n<p><b>Comunicat<\/b>. Despr\u00e9s del proc\u00e9s assembleari que Esquerra Unida i Alternativa ha realitzat en les darreres setmanes, els sotasignats vam obrir un proc\u00e9s de reflexi\u00f3 col\u00b7lectiva sobre la nostra continu\u00eftat o no en aquesta organitzaci\u00f3 pol\u00edtica.<\/p>\n<p>&nbsp;<\/p>\n<p>L\u2019experi\u00e8ncia de la 5a Assemblea Nacional, on el debat sobre les q\u00fcestions m\u00e9s cr\u00edtiques (principalment la coalici\u00f3 amb ICV i el balan\u00e7 de l\u2019acci\u00f3 del Govern d\u2019Entesa) va ser amputat tant com va ser possible, ens va demostrar la manca de voluntat d\u2019autocr\u00edtica a EUiA i la impossibilitat d\u2019un canvi d\u2019estrat\u00e8gia. M\u00e9s encara quan es culpabilitza els moviments socials i col\u00b7lectius de l\u2019esquerra alternativa del seu distanciament d\u2019EUiA, sense fer cap reflexi\u00f3 de perqu\u00e8 Esquerra Unida no \u00e9s un instrument v\u00e0lid per als sectors m\u00e9s combatius de la societat. D\u2019aquesta assemblea nacional vam sortir amb la conclusi\u00f3 que el canvi, si encara quedava alguna possibilitat, nom\u00e9s podia donar-se a l\u2019\u00e0mbit local. Aquest fet ens va portar a centrar els nostres esfor\u00e7os a l\u2019assemblea local, en la creen\u00e7a que la prec\u00e0ria situaci\u00f3 d\u2019EUiA a Cerdanyola no podia continuar i aix\u00f2 permetria arribar a acords organitzatius i estrat\u00e8gics.<\/p>\n<p>&nbsp;<\/p>\n<p>En aquest context va tenir lloc, el passat 22 de novembre de 2008, una assemblea local d\u2019EUiA que tenia per objectiu fer balan\u00e7 del primer any i mig del govern municipal, aix\u00ed com de la situaci\u00f3 organitzativa d\u2019EUiA a Cerdanyola. Una assemblea que suposava una oportunitat de superar la divisi\u00f3 interna produ\u00efda pel pacte de govern municipal amb CiU (un pacte en contra dels propis acords del Consell Nacional). Per la nostra part, propos\u00e0vem a l\u2019assemblea una nova estrat\u00e8gia pol\u00edtica local, que permet\u00e9s EUiA de Cerdanyola recuperar l\u2019esperit de moviment pol\u00edtic i social, d\u2019esquerres i alternatiu, arrelat al carrer. Calia superar les contradiccions generades per la nostra participaci\u00f3 a un govern municipal que camina en una direcci\u00f3 massa diferent respecte de les propostes program\u00e0tiques d\u2019EUiA de Cerdanyola per a les eleccions municipals (document presentat en roda de premsa el 22 de mar\u00e7 de 2007).<\/p>\n<p>&nbsp;<\/p>\n<p>Lamentablement, l\u2019assemblea no va servir per a superar la divisi\u00f3, doncs la majoria va decidir tombar la nostra proposta sense ni tan sols obrir la possibilitat de negociaci\u00f3 per a trobar punts d\u2019acord sobre els quals reconstruir la unitat. La manca de voluntat de fer un balan\u00e7 cr\u00edtic de la prec\u00e0ria situaci\u00f3 organitzativa actual i la desconnexi\u00f3 respecte de la base social de l\u2019esquerra alternativa local, ens porta a la conclusi\u00f3 que tamb\u00e9 a Cerdanyola EUiA est\u00e0 esgotada com a projecte pol\u00edtic alternatiu i de transformaci\u00f3 social. L\u2019actual estrat\u00e8gia pol\u00edtica, centrada en la superviv\u00e8ncia de l\u2019organitzaci\u00f3 per sobre del propi projecte, amputa l\u2019activitat pol\u00edtica al carrer, condicionant-la a la pres\u00e8ncia i acci\u00f3 institucional, impedint avan\u00e7ar en la consolidaci\u00f3 d\u2019una base social organitzada de l\u2019esquerra alternativa i plural.<\/p>\n<p>&nbsp;<\/p>\n<p><b>\u00c9s per aix\u00f2 que hem decidit continuar e<\/b><b>l nostre treball pol\u00edtic fora d\u2019EUiA i per tant, hem tramitat la nostra baixa com a militants d\u2019aquesta organitzaci\u00f3. En coher\u00e8ncia amb aquesta decisi\u00f3, el company Carles Escol\u00e0 ha presentat la seva dimissi\u00f3 com a regidor de l\u2019ajuntament de Cerdanyola, conscient que la seva acta no el pertany a ell sin\u00f3 a la coalici\u00f3 ICV-EUiA.<\/b><\/p>\n<p>&nbsp;<\/p>\n<p>A partir d\u2019ara volem contribuir a obrir un proc\u00e9s de reflexi\u00f3 i debat amb altres col\u00b7lectius i persones de l\u2019esquerra alternativa de Cerdanyola, per tal de cercar els punts de coincid\u00e8ncia sobre els qu\u00e8 construir espais de treball pol\u00edtic de base i de conflu\u00e8ncia amb els moviments socials. La pluralitat i la diversitat, trets caracter\u00edstics de l\u2019esquerra alternativa i revolucion\u00e0ria, no han de suposar cap obstacle, ans al contrari, s\u00f3n una oportunitat d\u2019enriquiment col\u00b7lectiu i l\u2019aut\u00e8ntica for\u00e7a de tot projecte de transformaci\u00f3 social. Un projecte que avui, amb un context de crisi capitalista global, exigeix el millor de tots i totes nosaltres per aixecar alternatives populars que ens condueixin a una societat m\u00e9s justa, igualit\u00e0ria i lliure: el Socialisme del Segle XXI.<\/p>\n<p>&nbsp;<\/p>\n<p>&nbsp;<\/p>\n<p><i><b>Carles Escol\u00e0 S\u00e0nchez<\/b><\/i><\/p>\n<p><i><b>Iv\u00e1n Gonz\u00e1lez Galdeano<\/b><\/i><\/p>\n<p><i><b>Adri\u00e0 Hernando Fresco<\/b><\/i><\/p>\n<p><i><b>Sergio Rodr\u00edguez Salces<\/b><\/i><\/p>\n<p><i><b>H\u00e9ctor Sierra de Jorge<\/b><\/i><\/p>\n<p><i><b>Ex-militants d?EUiA de Cerdanyola del Vall\u00e8s<\/b><\/i><\/p>\n","protected":false},"excerpt":{"rendered":"<p><P> Carles Escol&agrave; deixa ICV-EUiA i dimiteix com a regidor de l&#8217;ajuntament de Cerdanyola<\/P><P>  <\/P><P> Escrito por Ex-militants d&rsquo;EUiA de Cerdanyola del Vall&egrave;s<\/P><P> 12 de December de 2008<\/P><P>  <\/P><P> Comunicat. Despr&eacute;s del proc&eacute;s assembleari que Esquerra Unida i Alternativa ha realitzat en les darreres setmanes, els sotasignats vam obrir un proc&eacute;s de reflexi&oacute; col&middot;lectiva sobre la nostra continu&iuml;tat o no en aquesta organitzaci&oacute; pol&iacute;tica.  <\/P><\/p>\n","protected":false},"author":9,"featured_media":0,"comment_status":"open","ping_status":"open","sticky":false,"template":"","format":"standard","meta":{"footnotes":""},"categories":[13],"tags":[],"class_list":["post-1025","post","type-post","status-publish","format-standard","hentry","category-la-izquierda-a-debate"],"aioseo_notices":[],"_links":{"self":[{"href":"https:\/\/espai-marx.net\/index.php?rest_route=\/wp\/v2\/posts\/1025","targetHints":{"allow":["GET"]}}],"collection":[{"href":"https:\/\/espai-marx.net\/index.php?rest_route=\/wp\/v2\/posts"}],"about":[{"href":"https:\/\/espai-marx.net\/index.php?rest_route=\/wp\/v2\/types\/post"}],"author":[{"embeddable":true,"href":"https:\/\/espai-marx.net\/index.php?rest_route=\/wp\/v2\/users\/9"}],"replies":[{"embeddable":true,"href":"https:\/\/espai-marx.net\/index.php?rest_route=%2Fwp%2Fv2%2Fcomments&post=1025"}],"version-history":[{"count":0,"href":"https:\/\/espai-marx.net\/index.php?rest_route=\/wp\/v2\/posts\/1025\/revisions"}],"wp:attachment":[{"href":"https:\/\/espai-marx.net\/index.php?rest_route=%2Fwp%2Fv2%2Fmedia&parent=1025"}],"wp:term":[{"taxonomy":"category","embeddable":true,"href":"https:\/\/espai-marx.net\/index.php?rest_route=%2Fwp%2Fv2%2Fcategories&post=1025"},{"taxonomy":"post_tag","embeddable":true,"href":"https:\/\/espai-marx.net\/index.php?rest_route=%2Fwp%2Fv2%2Ftags&post=1025"}],"curies":[{"name":"wp","href":"https:\/\/api.w.org\/{rel}","templated":true}]}}