{"id":10457,"date":"2021-10-02T04:56:18","date_gmt":"2021-10-02T03:56:18","guid":{"rendered":"https:\/\/espai-marx.net\/?p=10457"},"modified":"2021-10-02T04:56:18","modified_gmt":"2021-10-02T03:56:18","slug":"i-compagni-los-camaradas-de-mario-monicelli-1963","status":"publish","type":"post","link":"https:\/\/espai-marx.net\/?p=10457","title":{"rendered":"I compagni [Los camaradas] de Mario Monicelli (1963)"},"content":{"rendered":"<em>I compagni<\/em> fue estrenada en el 35\u00ba Congreso del Partido Socialista Italiano, al que en aquel momento estaba pr\u00f3ximo Monicelli, aunque en sus \u00faltimos a\u00f1os mostr\u00f3 su apoyo a Refundaci\u00f3n Comunista. Como en su anterior pel\u00edcula <em>La gran guerra<\/em>, no se trata de una comedia al uso, dado lo amargo de su desarrollo, con alguna tr\u00e1gica muerte incluida. En una entrevista, Monicelli declar\u00f3 que <code><kbd>\u00ab<\/kbd><\/code>la trama es seria o tr\u00e1gica, pero nuestro punto de vista es c\u00f3mico y con humor. Es un tipo de comedia que surge del hecho que los italianos ven la realidad y la vida precisamente de esta forma\u00bb.\r\n\r\nEntre su estupendo elenco (Marcello Mastroianni, Renato Salvatori, Folco Lulli) podemos destacar la presencia en un papel secundario de la recientemente fallecida Raffaella Carr\u00e0.\r\n\r\n<iframe loading=\"lazy\" title=\"Los camaradas Mario Monicelli, 1963\" width=\"800\" height=\"450\" src=\"https:\/\/www.youtube.com\/embed\/71eJ4QFQLhY?feature=oembed\" frameborder=\"0\" allow=\"accelerometer; autoplay; clipboard-write; encrypted-media; gyroscope; picture-in-picture; web-share\" referrerpolicy=\"strict-origin-when-cross-origin\" allowfullscreen><\/iframe>\r\n\r\n<strong>FICHA DE LA PEL\u00cdCULA<\/strong>\r\n\r\n<strong>T\u00edtulo original<\/strong> I compagni\r\n<strong>A\u00f1o <\/strong>1963\r\n<strong>Duraci\u00f3n <\/strong>128 min.\r\n<strong>Pa\u00eds <\/strong>Italia\r\n<strong>Direcci\u00f3n <\/strong>Mario Monicelli\r\n<strong>Guion <\/strong>Mario Monicelli, Agenore Incrocci, Furio Scarpelli\r\n<strong>M\u00fasica <\/strong>Carlo Rustichelli\r\n<strong>Fotograf\u00eda <\/strong>Giuseppe Rotunno (B&amp;W)\r\n<strong>Reparto <\/strong>Marcello Mastroianni, Renato Salvatori, Annie Girardot, Folco Lulli, Gabriella Giorgelli, Bernard Blier, Raffaella Carr\u00e0, Fran\u00e7ois P\u00e9rier\r\n<strong>Productora <\/strong>Coproducci\u00f3n Italia-Francia-Yugoslavia\r\n\r\n<!-- \/wp:post-content -->","protected":false},"excerpt":{"rendered":"<p>I compagni fue estrenada en el 35\u00ba Congreso del Partido Socialista Italiano, al que en aquel momento estaba pr\u00f3ximo Monicelli,<\/p>\n","protected":false},"author":5,"featured_media":10459,"comment_status":"open","ping_status":"open","sticky":false,"template":"","format":"standard","meta":{"footnotes":""},"categories":[6,22],"tags":[1645,1758],"class_list":["post-10457","post","type-post","status-publish","format-standard","has-post-thumbnail","hentry","category-cine","category-historia-del-movimiento-y-de-la-clase-obrera","tag-italia","tag-mario-monicelli"],"aioseo_notices":[],"_links":{"self":[{"href":"https:\/\/espai-marx.net\/index.php?rest_route=\/wp\/v2\/posts\/10457","targetHints":{"allow":["GET"]}}],"collection":[{"href":"https:\/\/espai-marx.net\/index.php?rest_route=\/wp\/v2\/posts"}],"about":[{"href":"https:\/\/espai-marx.net\/index.php?rest_route=\/wp\/v2\/types\/post"}],"author":[{"embeddable":true,"href":"https:\/\/espai-marx.net\/index.php?rest_route=\/wp\/v2\/users\/5"}],"replies":[{"embeddable":true,"href":"https:\/\/espai-marx.net\/index.php?rest_route=%2Fwp%2Fv2%2Fcomments&post=10457"}],"version-history":[{"count":0,"href":"https:\/\/espai-marx.net\/index.php?rest_route=\/wp\/v2\/posts\/10457\/revisions"}],"wp:featuredmedia":[{"embeddable":true,"href":"https:\/\/espai-marx.net\/index.php?rest_route=\/wp\/v2\/media\/10459"}],"wp:attachment":[{"href":"https:\/\/espai-marx.net\/index.php?rest_route=%2Fwp%2Fv2%2Fmedia&parent=10457"}],"wp:term":[{"taxonomy":"category","embeddable":true,"href":"https:\/\/espai-marx.net\/index.php?rest_route=%2Fwp%2Fv2%2Fcategories&post=10457"},{"taxonomy":"post_tag","embeddable":true,"href":"https:\/\/espai-marx.net\/index.php?rest_route=%2Fwp%2Fv2%2Ftags&post=10457"}],"curies":[{"name":"wp","href":"https:\/\/api.w.org\/{rel}","templated":true}]}}