{"id":10483,"date":"2021-10-08T05:00:23","date_gmt":"2021-10-08T04:00:23","guid":{"rendered":"https:\/\/espai-marx.net\/?p=10483"},"modified":"2021-10-07T08:03:27","modified_gmt":"2021-10-07T07:03:27","slug":"antonio-turiel-csic-si-la-temperatura-global-aumenta-tres-grados-en-espana-solo-seria-habitable-la-cornisa-cantabrica","status":"publish","type":"post","link":"https:\/\/espai-marx.net\/?p=10483","title":{"rendered":"Antonio Turiel (CSIC): \u00abSi la temperatura global aumenta tres grados, en Espa\u00f1a solo ser\u00eda habitable la cornisa cant\u00e1brica\u00bb"},"content":{"rendered":"<p><strong>\u00c1lvaro Caballero<\/strong><\/p>\n<p>Agosto ha sido un mes clave\u00a0en la lucha contra el cambio clim\u00e1tico. Mientras se suced\u00edan desastres naturales como los\u00a0<a href=\"https:\/\/www.rtve.es\/noticias\/20210807\/fuego-devora-mediterraneo-incendios-grecia-turquia-crisis-climatica\/2152140.shtml\">incendios<\/a>\u00a0en California, Siberia o el Mediterr\u00e1neo, sal\u00eda a la luz la\u00a0<strong>primera parte del\u00a0<a href=\"https:\/\/www.rtve.es\/noticias\/20210809\/cambio-climatico-temperaturas-27-grados-2100\/2155562.shtml\">principal informe sobre el calentamiento global<\/a>,<\/strong>\u00a0el elaborado por el\u00a0Grupo Intergubernamental de Expertos para el Cambio Clim\u00e1tico (<a href=\"https:\/\/www.rtve.es\/television\/20210803\/ipcc-informa-cambio-climatico-medioambiente\/2149100.shtml\">IPCC<\/a>).<\/p>\n<p>En esta parte del informe, del Grupo I del IPCC, los expertos de Naciones Unidas\u00a0alertaban de que muchos efectos del calentamiento global eran\u00a0<strong>\u00abirreversibles\u00bb durante siglos o milenios y de que la humanidad era \u00abinnegablemente\u00bb responsable de este proceso<\/strong>. Al mismo tiempo, una\u00a0<a href=\"https:\/\/www.rtve.es\/noticias\/20210819\/emisiones-deberan-tocar-techo-2025-cambio-climatico\/2161620.shtml\">filtraci\u00f3n del estudio que prepara el grupo III,<\/a>\u00a0adelantada por Ctxt y a la que ha tenido acceso RTVE, muestra c\u00f3mo los expertos elevan el tono sobre las medidas necesarias para evitar los efectos m\u00e1s catastr\u00f3ficos del cambio clim\u00e1tico.<\/p>\n<p>Antonio Turiel (Le\u00f3n, 1970), es doctor en f\u00edsica, investigador del CSIC y experto en energ\u00eda y cambio clim\u00e1tico. En esta entrevista con RTVE.es, asegura que las conclusiones del borrador trasladan mensajes m\u00e1s \u00abcontundentes\u00bb de lo que suele ser habitual en el normalmente cauto IPCC. Cita, por ejemplo, el\u00a0<strong>\u00abcambio radical\u00bb respecto a la tendencia actual que supone la recomendaci\u00f3n de llegar al m\u00e1ximo de las emisiones de gases de efecto invernadero en 2025<\/strong>, o que pida no abrir nuevas centrales t\u00e9rmicas, aunque se muestra pesimista respecto al cumplimiento de estas medidas por parte de los pa\u00edses.<\/p>\n<p><strong>Pregunta: \u00bfPor qu\u00e9 se ha filtrado este informe del IPCC?<\/strong><\/p>\n<p>Respuesta: Lo han filtrado cient\u00edficos que est\u00e1n trabajando en el IPCC porque est\u00e1n hartos. Estos informes, antes de presentarse en p\u00fablico, tienen que recibir la aprobaci\u00f3n de una especie de comit\u00e9 pol\u00edtico con representantes de todos los pa\u00edses de la ONU. Lo que hacen siempre es descafeinar las conclusiones. Si haces una horquilla de que la temperatura media sube entre 1,5 y 5 grados, se quedan siempre del lado de 1,5.<\/p>\n<p>Hay un cierto hartazgo, pero no solo, tambi\u00e9n hay preocupaci\u00f3n, porque cada vez que hay una nueva revisi\u00f3n las previsiones siempre van a peor porque no se toman medidas.<\/p>\n<p><strong>P: \u00bfQu\u00e9 es lo m\u00e1s relevante de este informe?<\/strong><\/p>\n<p>R: Tiene algunas perlas bastante fuertes. Algunas de las cosas m\u00e1s contundentes son que las emisiones tienen que llegar a su m\u00e1ximo antes de 2025, lo cual indica un cambio radical. No podemos seguir subiendo, como ha venido ocurriendo a pesar de la COVID. Tendr\u00edan que llegar a 0 en 2075 como muy tarde para que haya alguna posibilidad de que salgamos de esta<\/p>\n<p>Se deber\u00edan dejar de hacer nuevas centrales t\u00e9rmicas de carb\u00f3n y de gas, incluidos los ciclos combinados, y las que est\u00e1n en marcha deber\u00edan cerrarse en un plazo m\u00e1ximo de 10 a\u00f1os cuando tienen una vida media de m\u00e1s de 30 a\u00f1os.<\/p>\n<p>Se establece bastante conexi\u00f3n entre crecimiento econ\u00f3mico y emisiones, sobre todo sobre la extracci\u00f3n de materiales. Es un toque de atenci\u00f3n a las tecnolog\u00edas verdes, que requieren mucha extracci\u00f3n. Habla tambi\u00e9n de cambios importantes en los patrones de consumo: disminuci\u00f3n del consumo de carne o de la movilidad.<\/p>\n<p><strong>P: \u00bfCrees que es posible que ocurra esto, que toquen techo antes de 2025?\u00a0<\/strong><\/p>\n<p>R: No, yo lo veo imposible. Tendr\u00eda que haber una revoluci\u00f3n a escala mundial. Si seguimos con las pol\u00edticas actuales no se llegar\u00e1 al pico, no se cerrar\u00e1n centrales t\u00e9rmicas e incluso se abrir\u00e1n algunas nuevas.<\/p>\n<p>Tendr\u00edamos garantizados los dos grados de aumento de temperatura media de la Tierra a mitad de siglo y a tres a finales<b>.\u00a0<\/b>Esto es una burrada. La \u00fanica cosa que puede frenar las emisiones y nos puede salvar el pellejo es el pico de la producci\u00f3n de petr\u00f3leo.<\/p>\n<p><strong>P: \u00bfQu\u00e9 supondr\u00eda un aumento de la temperatura media de tres\u00a0grados?<em>\u00a0<\/em><\/strong><\/p>\n<p>R: Con dos grados de aumento de la temperatura global, en verano en Espa\u00f1a ser\u00edan habituales temperaturas de 50 grados, porque aqu\u00ed la subida est\u00e1 siendo m\u00e1s grande que la media mundial. Un incremento de tres grados a nivel mundial\u00a0querr\u00eda decir que aqu\u00ed se superar\u00edan los 60 grados. Y 60 grados es incompatible con la vida, as\u00ed de simple.<\/p>\n<p>Un escenario de aumento de tres grados har\u00eda que en Espa\u00f1a la \u00fanica zona habitable realmente fuera la cornisa cant\u00e1brica y alrededores. El resto ser\u00eda inhabitable, salvo alguna zona del Pirineo y Prepirineo.<\/p>\n<p><strong>P: \u00bfPara cu\u00e1ndo se espera que lleguemos al pico del petr\u00f3leo?<\/strong><\/p>\n<p>R: Ya ha pasado. Fue en 2018. No vamos a remontar porque las petroleras est\u00e1n reduciendo la inversi\u00f3n. Repsol est\u00e1 cerrando el departamento de exploraci\u00f3n de nuevos yacimientos y desde 2014 ha reducido un 90% sus inversiones en b\u00fasqueda de nuevos yacimientos. Naturgy est\u00e1 haciendo movimientos semejantes. Todas las petroleras est\u00e1n desinvirtiendo a nivel global. En el conjunto del planeta, las petroleras han desinvertido un 60% desde 2014. Ya no buscan porque la producci\u00f3n de petr\u00f3leo no es rentable.<\/p>\n<p>Esto ha hecho que la producci\u00f3n de di\u00e9sel ya est\u00e1 estancada y con tendencia a bajar desde 2015. Esto, con un cambio en la normativa mar\u00edtima, hace que haya mucha presi\u00f3n y demanda sobre el di\u00e9sel. Este a\u00f1o hay un encarecimiento brutal de los costes del transporte mar\u00edtimo, que se ha multiplicado por tres.<\/p>\n<p>Lo m\u00e1s gordo que nos viene en oto\u00f1o es un problema con el suministro de alimentos, porque la escasez de di\u00e9sel afecta a la maquinaria en los cultivos y al transporte. Adem\u00e1s, habr\u00e1 problemas con el suministro del gas sobre todo en Europa, porque el gas tambi\u00e9n est\u00e1 llegando a su m\u00e1ximo. Se prepara un oto\u00f1o caliente.<\/p>\n<p>Eso explica en parte tambi\u00e9n al encarecimiento de la electricidad, que sube porque el gas est\u00e1 en precios m\u00e1ximos. Es un problema que va a persistir, aunque en oto\u00f1o habr\u00e1 menos demanda el\u00e9ctrica y los precios se relajar\u00e1n.<\/p>\n<p><strong>P: \u00bfLas energ\u00edas renovables tienen la capacidad de sustituir las f\u00f3siles?\u00a0<\/strong><\/p>\n<p>R: El problema de las renovables que es son m\u00e1s dif\u00edciles de gestionar a nivel de producci\u00f3n de electricidad. Todav\u00eda no hay nada que permita hacer un aprovechamiento m\u00e1ximo.<\/p>\n<p>Hay otro problema, que es que las renovables tienen muy dif\u00edcil sustituir todo el consumo de energ\u00eda que no es el\u00e9ctrica. En Espa\u00f1a la electricidad es solo el 23% del consumo de energ\u00eda. Del resto, una parte se puede electrificar pero otra es muy dif\u00edcil y otra, como la producci\u00f3n del acero, es imposible.<\/p>\n<p><strong>P: El IPCC calcula que el coste de la mitigaci\u00f3n ser\u00e1 del 0,1% del PIB global al a\u00f1o. \u00bfEs compatible crecimiento econ\u00f3mico con lucha contra el cambio clim\u00e1tico?<\/strong><\/p>\n<p>R: Estas estimaciones econ\u00f3micas no tienen en cuanta el problema de la limitaci\u00f3n de los recursos, se trabaja como si fueran infinitos. Habr\u00e1 una competici\u00f3n por recursos cr\u00edticos para las energ\u00edas renovables: por el litio para las bater\u00edas o la plata para los conectores de las placas solares. Hace tres meses la Agencia Internacional de la Energ\u00eda sac\u00f3 un informe sobre materiales cr\u00edticos en el que dice que para poder abastecer las necesidades globales para esta transici\u00f3n energ\u00e9tica se tendr\u00edan que multiplicar la producci\u00f3n por aut\u00e9nticas barbaridades (por 42 el litio, por 21 el cobalto) de aqu\u00ed a 2040.<\/p>\n<p>La recomendaci\u00f3n de la AIE a los pa\u00edses de la OCDE es que acaparasen estos materiales, para intentar hacer su transici\u00f3n. Pa\u00edses como China se est\u00e1n replegando sobre s\u00ed mismos porque el coste del contenedor empieza a no salir a cuenta, por la escasez de di\u00e9sel. Si la abundancia de petr\u00f3leo barato favoreci\u00f3 la globalizaci\u00f3n, la escasez favorecer\u00e1 la relocalizaci\u00f3n.<\/p>\n<p>En 2012 hicimos un modelo de sustituci\u00f3n de toda la energ\u00eda por renovable. Durante 30 a\u00f1os se tiene que establecer una especie de ec\u00f3noma de guerra en la que se destine el 10% del PIB cada a\u00f1o simplemente para financiar la transici\u00f3n, y eso sin tener en cuenta las restricciones.<\/p>\n<p><strong>P: \u00bfEntonces habr\u00e1 que decrecer s\u00ed o s\u00ed?<\/strong><\/p>\n<p>R: Que vamos a decrecer lo veo inevitable, la elecci\u00f3n es si ese decrecimiento\u00a0lo queremos hacer pilotado o ca\u00f3tico. No hay base material para seguir creciendo.<\/p>\n<p>Fuente: <a href=\"https:\/\/www.rtve.es\/noticias\/20210821\/antonio-turiel-csic-aumento-tres-grados-espana-habitable-norte\/2162483.shtml\">https:\/\/www.rtve.es\/noticias\/20210821\/antonio-turiel-csic-aumento-tres-grados-espana-habitable-norte\/2162483.shtml<\/a><\/p>\n","protected":false},"excerpt":{"rendered":"<p>\u00c1lvaro Caballero Agosto ha sido un mes clave\u00a0en la lucha contra el cambio clim\u00e1tico. Mientras se suced\u00edan desastres naturales como<\/p>\n","protected":false},"author":5,"featured_media":10484,"comment_status":"open","ping_status":"open","sticky":false,"template":"","format":"standard","meta":{"footnotes":""},"categories":[1564,1563,1565],"tags":[],"class_list":["post-10483","post","type-post","status-publish","format-standard","has-post-thumbnail","hentry","category-crisis-ecologica","category-crisis-ecosocial","category-crisis-energetica"],"aioseo_notices":[],"_links":{"self":[{"href":"https:\/\/espai-marx.net\/index.php?rest_route=\/wp\/v2\/posts\/10483","targetHints":{"allow":["GET"]}}],"collection":[{"href":"https:\/\/espai-marx.net\/index.php?rest_route=\/wp\/v2\/posts"}],"about":[{"href":"https:\/\/espai-marx.net\/index.php?rest_route=\/wp\/v2\/types\/post"}],"author":[{"embeddable":true,"href":"https:\/\/espai-marx.net\/index.php?rest_route=\/wp\/v2\/users\/5"}],"replies":[{"embeddable":true,"href":"https:\/\/espai-marx.net\/index.php?rest_route=%2Fwp%2Fv2%2Fcomments&post=10483"}],"version-history":[{"count":0,"href":"https:\/\/espai-marx.net\/index.php?rest_route=\/wp\/v2\/posts\/10483\/revisions"}],"wp:featuredmedia":[{"embeddable":true,"href":"https:\/\/espai-marx.net\/index.php?rest_route=\/wp\/v2\/media\/10484"}],"wp:attachment":[{"href":"https:\/\/espai-marx.net\/index.php?rest_route=%2Fwp%2Fv2%2Fmedia&parent=10483"}],"wp:term":[{"taxonomy":"category","embeddable":true,"href":"https:\/\/espai-marx.net\/index.php?rest_route=%2Fwp%2Fv2%2Fcategories&post=10483"},{"taxonomy":"post_tag","embeddable":true,"href":"https:\/\/espai-marx.net\/index.php?rest_route=%2Fwp%2Fv2%2Ftags&post=10483"}],"curies":[{"name":"wp","href":"https:\/\/api.w.org\/{rel}","templated":true}]}}