{"id":10516,"date":"2021-10-11T05:00:49","date_gmt":"2021-10-11T04:00:49","guid":{"rendered":"https:\/\/espai-marx.net\/?p=10516"},"modified":"2021-10-18T13:48:01","modified_gmt":"2021-10-18T12:48:01","slug":"entrevista-a-jose-luis-martin-ramos-sobre-historia-del-pce-xii","status":"publish","type":"post","link":"https:\/\/espai-marx.net\/?p=10516","title":{"rendered":"Entrevista a Jos\u00e9 Luis Mart\u00edn Ramos sobre Historia del PCE (XII)"},"content":{"rendered":"<p><strong>Salvador L\u00f3pez Arnal<\/strong><\/p>\n<p><strong>\u00abEl \u201cqui\u00f1onismo\u201d propiamente no existi\u00f3, fue una invenci\u00f3n de la direcci\u00f3n del partido cuando quiso recuperar la autoridad que hab\u00eda perdido sobre la organizaci\u00f3n del interior.\u00bb<\/strong><\/p>\n<p><em>Jos\u00e9 Luis Mart\u00edn Ramos es catedr\u00e1tico em\u00e9rito de Historia Contempor\u00e1nea de la Universidad Aut\u00f3noma de Barcelona. Sus investigaciones se han centrado en la historia del socialismo y el comunismo. Sus \u00faltimas obras son <\/em>El Frente Popular: victoria y derrota de la democracia en Espa\u00f1a<em> (2016) y <\/em>Guerra y revoluci\u00f3n en Catalu\u00f1a, 1936-1939<em> (2018).<\/em><\/p>\n<p><em>Centramos nuestra conversaci\u00f3n en su \u00faltimo libro: <\/em>Historia del PCE<em>, Madrid: Los Libros de la Catarata, 2021, 254 p\u00e1ginas.<\/em><\/p>\n<p><strong><a href=\"https:\/\/espai-marx.net\/wp-content\/uploads\/2021\/03\/historia-del-PCE.jpg\"><img loading=\"lazy\" decoding=\"async\" class=\"wp-image-9321 alignleft\" src=\"https:\/\/espai-marx.net\/wp-content\/uploads\/2021\/03\/historia-del-PCE-651x1024.jpg\" alt=\"\" width=\"200\" height=\"314\" srcset=\"https:\/\/espai-marx.net\/wp-content\/uploads\/2021\/03\/historia-del-PCE-651x1024.jpg 651w, https:\/\/espai-marx.net\/wp-content\/uploads\/2021\/03\/historia-del-PCE-191x300.jpg 191w, https:\/\/espai-marx.net\/wp-content\/uploads\/2021\/03\/historia-del-PCE.jpg 763w\" sizes=\"auto, (max-width: 200px) 100vw, 200px\" \/><\/a>Seguimos en la tercera parte: \u00abEntre democracia y socialismo\u00bb, en el primer cap\u00edtulo: \u00abTiempo de resistencia\u00bb. Lo componen tres apartados: 1. Derrota, dispersi\u00f3n y desorientaci\u00f3n. 2. La Uni\u00f3n Nacional espa\u00f1ola. 3. Inercia resistente y recuperaci\u00f3n de la propuesta republicana. Nos hab\u00edamos quedado en este punto.<\/strong><\/p>\n<p><strong>Hablas, como no pod\u00eda ser otra manera, de Heriberto Qui\u00f1ones, detenido, torturado y ejecutado por la polic\u00eda, un experimentando cuadro de origen moldavo del aparato de la IC que se fug\u00f3 de la c\u00e1rcel de Valencia sobornando al cura de la prisi\u00f3n y puso en cuesti\u00f3n la direcci\u00f3n del Partido en M\u00e9xico. \u00bfQu\u00e9 pol\u00edtica defendi\u00f3? \u00bfQu\u00e9 fue lo m\u00e1s esencial del qui\u00f1onismo?<\/strong><\/p>\n<p>El \u00abqui\u00f1onismo\u00bb propiamente no existi\u00f3, fue una invenci\u00f3n de la direcci\u00f3n del partido cuando quiso recuperar la autoridad que hab\u00eda perdido sobre la organizaci\u00f3n del interior. Lo que puso en cuesti\u00f3n Qui\u00f1ones no fue la l\u00ednea del PCE ni la direcci\u00f3n en s\u00ed mismo, sino que esa direcci\u00f3n, ausente por fuerza del pa\u00eds, pudiera estar en condiciones de dirigir la organizaci\u00f3n y la acci\u00f3n pol\u00edtica de los militantes del interior.<\/p>\n<p>Se trata de un viejo problema en el movimiento comunista en general, que ya se hab\u00eda presentado antes \u2013por ejemplo, en Yugoslavia o en Portugal en los a\u00f1os veinte\u2013, y que se volver\u00e1 a presentar m\u00e1s tarde, como en Grecia, en la que la disyuntiva llev\u00f3 a una escisi\u00f3n formal de dos partidos.<\/p>\n<p><strong>\u00bfEn qu\u00e9 consist\u00eda la nueva pol\u00edtica de Unidad Nacional espa\u00f1ola propuesta por Dimitrov tras la intervenci\u00f3n nazi en los Balcanes? \u00bfUna resurrecci\u00f3n ampliada del Frente Popular?<\/strong><\/p>\n<p>S\u00ed, recuperar la propuesta del frente popular, ampliada ahora en t\u00e9rminos de unidad nacional ante los invasores y sus colaboradores internos fascistas o simplemente de la derecha colaboracionista.<\/p>\n<p><strong>Hablas de una importante reuni\u00f3n celebrada en el verano de 1942 en Montauban, en el Sur de Francia, donde est\u00e1 enterrado el presidente Aza\u00f1a, convocada por Monz\u00f3n. \u00bfQu\u00e9 se acord\u00f3 en esa reuni\u00f3n?<\/strong><\/p>\n<p>En la reuni\u00f3n se ratifica la posici\u00f3n dirigente de Monz\u00f3n sobre la organizaci\u00f3n del partido en Francia y en Espa\u00f1a, y se hace la primera propuesta efectiva de constituir una plataforma amplia, la Uni\u00f3n Nacional Espa\u00f1ola, no sobre la base de los alineamientos de la guerra civil sino de la nueva situaci\u00f3n y del rechazo a la entrada, directa o indirecta, de Espa\u00f1a en la guerra mundial al lado del Eje y en favor del restablecimiento de un r\u00e9gimen de libertad, que no ten\u00eda forzosamente que pasar por la restauraci\u00f3n de la Rep\u00fablica, aunque pod\u00eda finalmente concluir en ello si los espa\u00f1oles as\u00ed lo aprobaban en un refer\u00e9ndum libre.<\/p>\n<p><strong>Cuentas tambi\u00e9n que Monz\u00f3n, que desde Francia se traslad\u00f3 finalmente al interior, a Espa\u00f1a, lleg\u00f3 a incluir entre sus contactos a Juan March, y que \u00e9ste se mostr\u00f3 dispuesto a financiarle. \u00bfQu\u00e9 inter\u00e9s pod\u00eda tener March, el mismo banquero que financi\u00f3 el golpe fascista, en apoyar la pol\u00edtica de la Unidad Nacional espa\u00f1ola?<\/strong><\/p>\n<p>El inter\u00e9s de March se le tendr\u00eda que preguntar a \u00e9l. Seguramente desarrollar una posici\u00f3n pol\u00edtica propia para curarse en salud sobre lo que pudiera pasar.<\/p>\n<p>Lo importante es que Monz\u00f3n no la acept\u00f3.<\/p>\n<p><strong>Se\u00f1alas que, en tu opini\u00f3n, la posibilidad de la intervenci\u00f3n aliada en nuestro pa\u00eds siempre estuvo sobrevalorada, y no solo por los comunistas. \u00bfPor qu\u00e9? \u00bfPor irrealismo pol\u00edtico? \u00bfConfusi\u00f3n de deseos y realidad?<\/strong><\/p>\n<p>Sobre todo por esto \u00faltimo, y porque los aliados as\u00ed lo hab\u00edan dado a entender, hasta que se desentendieron p\u00fablicamente en la Nota Tripartita (EEUU, Reino Unido, Francia) de marzo de 1946 en la que los tres gobiernos occidentales hicieron una condena gen\u00e9rica del r\u00e9gimen franquista \u2013sin consecuencias reales\u2013 y sobre todo dijeron que los espa\u00f1oles se apa\u00f1aran por s\u00ed mismos para acabar con la dictadura si no la quer\u00edan. Un brindis al sol dada la situaci\u00f3n de la dictadura y el rechazo tambi\u00e9n de los tres gobiernos a un derrocamiento insurreccional de Franco.<\/p>\n<p><strong>Explicas que en Espa\u00f1a, la previsi\u00f3n del final de la guerra gener\u00f3 inquietud en el Gobierno y en las \u00e9lites, y expectaci\u00f3n y alegr\u00eda en las clases populares. \u00abHubo huelgas y concentraciones de de paseantes por las calles en celebraci\u00f3n del desembarco aliado en Europa y la derrota de Hitler y Mussolini, en 1944 y 1945, en Barcelona y en Madrid\u00bb. \u00bfFueron reprimidas por el r\u00e9gimen? \u00bfFueron masivas? \u00bfLa gente ten\u00eda esperanza que la situaci\u00f3n cambiara?<\/strong><\/p>\n<p>Fueron importantes, no hubo c\u00e1lculos de participaci\u00f3n que yo sepa, pero tuvieron que ser significativas, si no la prensa no se habr\u00eda hecho eco. Tomaron por sorpresa al r\u00e9gimen que no lleg\u00f3 a reprimirlas porque tuvieron una duraci\u00f3n puntual.<\/p>\n<p>Seguro que hab\u00eda mucha gente con esperanza de que la situaci\u00f3n cambiara y pensando tambi\u00e9n que eso estaba en manos de los aliados; porque las manos propias estaban desarmadas.<\/p>\n<p><strong>Haces referencia a Pere Canals, quien recibi\u00f3, comentas, el encargo de Comorera de reactivar el PSUC y de devolverle su independencia org\u00e1nica, que Qui\u00f1ones y Monz\u00f3n, se\u00f1alas, hab\u00edan ignorado por completo. \u00bfQui\u00e9n fue Pere Canals?<\/strong><\/p>\n<p>Fue un cuadro con una trayectoria interesante. Natural de San Feliu de Guixols, obrero metal\u00fargico, milita en la Federaci\u00f3n Comunista Catalano-Balear en la segunda mitad de los a\u00f1os veinte, pero es enviado a Mallorca para organizar el PCE, y permaneci\u00f3 en la isla hasta el verano de 1936. Regres\u00f3 a Barcelona para participar en la Espartaquiada, la Olimpiada Popular, y le cogi\u00f3 la sublevaci\u00f3n por lo que no pudo regresar a Mallorca.<\/p>\n<p>Se integr\u00f3 en el PCE y fue miembro de la Comisi\u00f3n de Organizaci\u00f3n del Comit\u00e9 Central del PSUC. Es decir, era un cuadro de confianza. Se exilia en 1939 y tras pasar por M\u00e9xico, y creo que tambi\u00e9n por Chile, se incorpora al aparato clandestino del PCE en Buenos Aires, con Claud\u00edn y Carrillo, que trabajaba para establecer el enlace con el interior de Espa\u00f1a.<\/p>\n<p>Finalmente es enviado en 1943, por cuenta del PSUC y por orden de Comorera, para recuperar el control del PSUC del interior, perdido desde finales de 1939. Ni Qui\u00f1ones ni Monz\u00f3n quisieron dar trato org\u00e1nico diferente a la organizaci\u00f3n de Catalu\u00f1a, por lo que el PSUC virtualmente hab\u00eda dejado de existir como tal en el pa\u00eds.<\/p>\n<p>Paralelamente a Canals se enviaron otros cuadros, entre ellos Serradell y Margarita Abril, que proced\u00edan de las juventudes y ten\u00edan menor rango. Canals hizo escala en Madrid, como estaba previsto, y se reuni\u00f3 con Monz\u00f3n, como estaba previsto; le deslumbr\u00f3 el navarro y Canals cometi\u00f3 el error de aceptar la propuesta de Monz\u00f3n de que se quedara en Madrid y se integrara en la ejecutiva del interior del PCE. Segu\u00eda siendo un cuadro de confianza para el PCE. Comorera protest\u00f3 y a finales de 1944 consigui\u00f3 que Canals fuera por fin a Barcelona y se hiciera con la direcci\u00f3n del PSUC; por cierto que fue Canales qui\u00e9n dio protecci\u00f3n a Monz\u00f3n hasta que lo descubri\u00f3 la polic\u00eda.<\/p>\n<p>Cuando Carrillo lleg\u00f3 al Sur de Francia y empez\u00f3 la purga de los que hab\u00edan colaborado con Monz\u00f3n se limit\u00f3 a hacerle una reprimenda a Canals, pero lo mantuvo en Catalu\u00f1a en su responsabilidad. Comorera no pudo llegar a Francia hasta finales de 1945, por maniobras de Uribe y Pasionaria.<\/p>\n<p><strong>No abuso, no te pregunto por esas maniobras. Prosigue por favor.<\/strong><\/p>\n<p>As\u00ed que lleg\u00f3 reclam\u00f3 la presencia de Canals, para que le rindiera cuentas de su desobediencia. Se la ten\u00eda jurada. En 1939, Pere Canals hab\u00eda apoyado la propuesta de Pere Ardiaca y otros de dar por finalizada la historia del PSUC e integrarlo en el PCE como organizaci\u00f3n regional de Catalu\u00f1a. En 1943, antes de ser enviado al interior, volvi\u00f3 a defender esa posici\u00f3n a ra\u00edz de la disoluci\u00f3n de la IC en mayo, y la p\u00e9rdida de la condici\u00f3n que el PSUC ten\u00eda de \u00absecci\u00f3n nacional\u00bb de la IC.<\/p>\n<p>De todos aquellos enfrentamientos lo hab\u00eda salvado siempre el aparato del PCE y quien sabe si directamente la Comisi\u00f3n de Cuadros de la IC. Esta vez no lo pudo salvar Carrillo, que lo hab\u00eda preservado del destino que tuvieron los colaboradores de Monz\u00f3n. En diciembre de 1945, Canals pas\u00f3 la frontera. Ya en Francia lleg\u00f3 a escribir una carta a su compa\u00f1era diciendo que estaba bien y que pensaba regresar pronto a Catalu\u00f1a.<\/p>\n<p>Nunca regres\u00f3; desapareci\u00f3 de la faz de la tierra, pero este caso no es imputable a nadie de la direcci\u00f3n del PCE, solo a Comorera, que en 1950 en el transcurso de su ruptura con el PCE y con el PSUC, se vanaglori\u00f3 de haber dado a Canals su cometido. No fue el mejor momento de Comorera y s\u00ed fue el peor de Canals.<\/p>\n<p><strong>No sab\u00eda nada de esto \u00faltimo. Tampoco insisto, aunque me quedo con las ganas.<\/strong><\/p>\n<p><strong>La operaci\u00f3n del Valle de Ar\u00e1n, del 19 al 25 de octubre, la operaci\u00f3n Reconquista de Espa\u00f1a, \u00bffue un desastre en tu opini\u00f3n? \u00bfEstuvo mal organizada? \u00bfEra inviable? No eran pocos los miembros del Ej\u00e9rcito Guerrillero espa\u00f1ol, hablas de 9 mil hombres. Tras derrotar a tropas alemanas a la defensiva y en retirada, se hab\u00edan adue\u00f1ado en agosto de 1944 de buena parte de la regi\u00f3n pirenaica francesa. Parec\u00eda, pod\u00eda parecer que la cosa estaba madura para un nuevo asalto.<\/strong><\/p>\n<p>Estuvo mal planteada militarmente por parte de Monz\u00f3n; pensando que tomando un valle cerrado de cara a Espa\u00f1a podr\u00eda ocuparlo f\u00e1cilmente y convertirlo en sede de un gobierno provisional de la UNE, que reclamar\u00eda el reconocimiento de los aliados y su intervenci\u00f3n contra Franco.<\/p>\n<p>Obviamente no pensaba derrocar a Franco con los 9 mil guerrilleros \u2013no todos participaron en esa invasi\u00f3n, estaban en otras penetraciones\u2013 sino en provocar la intervenci\u00f3n aliada. Contaba con que el \u00e9xito de la entrada en el Valle y movilizaciones y acciones de apoyo en el interior de Espa\u00f1a le dar\u00edan tiempo suficiente para que la jugada tuviera la salida que buscaba.<\/p>\n<p>No fue as\u00ed, la entrada no fue tal \u00e9xito; el sur de Francia estaba lleno de esp\u00edas franquistas y la invasi\u00f3n no cogi\u00f3 de sorpresa a Franco. De manera que no pudo consolidarse sino todo lo contrario, tuvo que situarse a la defensiva.<\/p>\n<p>En Espa\u00f1a no hubo las reacciones previstas, ni siquiera las acciones guerrilleras. No se ganaba el tiempo necesario para ninguna reacci\u00f3n pol\u00edtica y los guerrilleros en el Valle de Ar\u00e1n estaban a punto del colapso. En eso lleg\u00f3 Carrillo y mand\u00f3 parar. Dijo L\u00f3pez Tovar, comandante del cuerpo de invasi\u00f3n, que Carrillo lo hizo seg\u00fan su propio consejo.<\/p>\n<p>Sea como fuere la direcci\u00f3n del PCE achac\u00f3 el fracaso a Monz\u00f3n y a L\u00f3pez Tovar.<\/p>\n<p><strong>Lleg\u00f3 Santiago, comentas homenajeando a Carlos Puebla, lo acabas de hacer ahora, y mand\u00f3 parar, ordenando el fin de la invasi\u00f3n. Antes se hab\u00eda pasado por Argelia, \u00abdonde puso fin a la colaboraci\u00f3n de un grupo del partido con la CIA\u00bb. \u00bfQu\u00e9 grupo fue ese? \u00bfUna colaboraci\u00f3n con la CIA? \u00bfLa CIA no se fund\u00f3 a\u00f1os m\u00e1s tarde?<\/strong><\/p>\n<p>\u00a1Ese es un gazapo! Gracias por dec\u00edrmelo, hay que corregir. Obviamente no se trata de la CIA, sino de la OSS, (Office of Strategic Services), antecedente de la CIA.<\/p>\n<p>La OSS contact\u00f3 con un grupo de comunistas exiliados en Or\u00e1n y los manipul\u00f3 para incluirlos en una operaci\u00f3n propia, la \u00abOperaci\u00f3n Banana\u00bb, para obtener informaci\u00f3n sobre el interior de Espa\u00f1a, aprovechando la red comunista. Carlos Fern\u00e1ndez Rodr\u00edguez lo explica muy bien en su libro, que antes coment\u00e1bamos.<\/p>\n<p>Carrillo pas\u00f3 por el Norte de \u00c1frica antes de marchar hacia Francia y desautoriz\u00f3 por completo la colaboraci\u00f3n con la OSS y con la \u00abOperaci\u00f3n Banana\u00bb, que acab\u00f3 tr\u00e1gicamente, desentendi\u00e9ndose la embajada de EEUU de los pobres militantes enredados en una operaci\u00f3n que hab\u00edan cre\u00eddo que respond\u00eda a los pactos por las alturas, entre los aliados.<\/p>\n<p><strong>\u00bfFue razonable y sensato el cambio impulsado por Carrillo en el combate guerrillero del interior? Del levantamiento popular al hostigamiento del R\u00e9gimen: \u00bfEra ese el plan de trabajo razonable?<\/strong><\/p>\n<p>Un cambio razonable, pero insuficiente; se tard\u00f3 tiempo en digerir la consolidaci\u00f3n de la dictadura y la ineficacia de la acci\u00f3n guerrillera, con su elevado coste de personas y de apoyos.<\/p>\n<p>Personas y apoyos que podr\u00edan haber sido transferidos a la l\u00ednea de oposici\u00f3n que finalmente se adopt\u00f3 a partir de mediados de los cincuenta.<\/p>\n<p>Pero hay que a\u00f1adir que el mantenimiento de la acci\u00f3n guerrillera ya no fue decisi\u00f3n de Carrillo sino del Bur\u00f3 Pol\u00edtico del PCE. Carrillo actu\u00f3 en 1945-1946 en Francia por delegaci\u00f3n del ejecutivo. \u00c9l no era todav\u00eda miembro y mucho menos secretario general. La direcci\u00f3n estaba en manos de Uribe y Pasionaria y la generaci\u00f3n del partido de la Rep\u00fablica; \u00e9l era de la siguiente generaci\u00f3n, la de las juventudes.<\/p>\n<p><strong>Hablas de un encuentro de Carrillo con Negr\u00edn en febrero de 1945. \u00bfQu\u00e9 pretend\u00eda Carrillo? \u00bfQu\u00e9 pol\u00edtica defend\u00eda Negr\u00edn en aquel entonces?<\/strong><\/p>\n<p>Carrillo, la direcci\u00f3n del PCE, quer\u00eda que Negr\u00edn aceptara la Presidencia de la Junta Suprema de Uni\u00f3n Nacional Espa\u00f1ola, que a su vez lo defender\u00eda como jefe del gobierno en el exilio. Negr\u00edn rehus\u00f3 y tampoco acept\u00f3 la intenci\u00f3n del PCE de votar en las Cortes del exilio su continuidad. Sab\u00eda que no contaba con el apoyo del PSOE ni de lo que quedaba de las Cortes en el exilio y cerr\u00f3 su etapa de jefe del gobierno con la mayor dignidad facilitando la transici\u00f3n hacia el gobierno encabezado por Giral.<\/p>\n<p><strong>Insisto. \u00bfPor qu\u00e9 dimiti\u00f3 Negr\u00edn cuando las cortes republicanas en el exilio se reunieron en agosto de 1945 en M\u00e9xico? \u00bfCansancio, edad, desacuerdos? \u00bfQu\u00e9 signific\u00f3 que fuera Jos\u00e9 Giral el nuevo presidente de gobierno, sustituido m\u00e1s tarde por Llopis?<\/strong><\/p>\n<p>En \u00faltima instancia dimiti\u00f3 para hacer posible un gobierno en el exilio, elegido por la mayor\u00eda de las Cortes, \u00e9l no ten\u00eda ese apoyo.<\/p>\n<p>El candidato con mayor apoyo fue Giral, porque era republicano. El PSOE estaba dividido, el PCE no contaba, y los diputados catalanes apoyaban tambi\u00e9n a Giral. Y Giral era una figura que se consideraba aceptable por parte de los gobiernos occidentales.<\/p>\n<p>Cuando se consum\u00f3 la decepci\u00f3n sobre la no intervenci\u00f3n aliada contra Franco, Giral dimiti\u00f3 y se form\u00f3 un nuevo gobierno encabezado por el socialista Llopis, en febrero de 1947.<\/p>\n<p><strong>\u00bfFue Prieto un anticomunista? \u00bfPor qu\u00e9 su empe\u00f1\u00f3 en que el PCE abandonase el nuevo gobierno republicano, el presidido por Llopis?<\/strong><\/p>\n<p>Antag\u00f3nico con los comunistas siempre; tambi\u00e9n es verdad que en los a\u00f1os veinte se las tuvo tiesas con los comunistas y lleg\u00f3 a padecer un intento de atentado por parte de Jes\u00fas Hern\u00e1ndez. Aunque en 1935 fue \u00e9l quien tuvo el buen criterio de proponer un pacto a tres con republicanos y comunistas, en contra de Largo Caballero que solo lo quer\u00eda con los comunistas, y de Aza\u00f1a, que no lo quer\u00eda con los comunistas.<\/p>\n<p>Durante la guerra el PCE le critic\u00f3, no sin raz\u00f3n, de ser un derrotista, cosa importante porque estaba al frente del Ministerio de Defensa. Acus\u00f3 a los comunistas de ser responsables de verse obligado a dimitir, pero en realidad lo hizo dimitir Negr\u00edn porque Prieto se invalid\u00f3 a s\u00ed mismo para seguir en ese ministerio al hacer p\u00fablicas sus dudas sobre las posibilidades republicanas en la guerra.<\/p>\n<p>Desde entonces dijo, y se lo acab\u00f3 creyendo, que estaba siendo perseguido por los comunistas. En 1947, forz\u00f3 el abandono del gobierno del PCE, en un momento en que los comunistas italianos y franceses tambi\u00e9n eran expulsados de los gobiernos. Lo hizo por su identificaci\u00f3n de la pol\u00edtica de guerra fr\u00eda y la esperanza de que un gobierno republicano del exilio sin comunistas tuviera m\u00e1s oportunidades que con ellos, incluso en el acercamiento con los mon\u00e1rquicos que ya estaba trabajando.<\/p>\n<p><strong>Tomemos otro descanso. El \u00faltimo de este cap\u00edtulo.<\/strong><\/p>\n<p>De acuerdo.<\/p>\n<p>&nbsp;<\/p>\n<p><strong>Entregas anteriores:<\/strong><\/p>\n<p>-Entrevista a Jos\u00e9 Luis Mart\u00edn Ramos sobre Historia del PCE (I): \u201cEl Frente Popular y la lucha antifranquista son los periodos de mayor influencia social\u201d <a href=\"https:\/\/espai-marx.net\/?p=9319\">https:\/\/espai-marx.net\/?p=9319<\/a><\/p>\n<p>-Entrevista a Jos\u00e9 Luis Mart\u00edn Ramos sobre Historia del PCE (II). <a href=\"https:\/\/espai-marx.net\/?p=9431\">https:\/\/espai-marx.net\/?p=9431<\/a><\/p>\n<p>-Entrevista a Jos\u00e9 Luis Mart\u00edn Ramos sobre Historia del PCE (III). <a href=\"https:\/\/espai-marx.net\/?p=9498\">https:\/\/espai-marx.net\/?p=9498<\/a><\/p>\n<p>-Entrevista a Jos\u00e9 Luis Mart\u00edn Ramos sobre Historia del PCE (IV) <a href=\"https:\/\/espai-marx.net\/?p=9655\">https:\/\/espai-marx.net\/?p=9655<\/a><\/p>\n<p>-Entrevista a Jos\u00e9 Luis Mart\u00edn Ramos sobre Historia del PCE (V). <a href=\"https:\/\/espai-marx.net\/?p=9872\">https:\/\/espai-marx.net\/?p=9872<\/a><\/p>\n<p>-Entrevista a Jos\u00e9 Luis Mart\u00edn Ramos sobre Historia del PCE (VI) <a href=\"https:\/\/espai-marx.net\/?p=10059\">https:\/\/espai-marx.net\/?p=10059<\/a><\/p>\n<p>-Entrevista a Jos\u00e9 Luis Mart\u00edn Ramos sobre Historia del PCE (VII) <a href=\"https:\/\/espai-marx.net\/?p=10110\">https:\/\/espai-marx.net\/?p=10110<\/a><\/p>\n<p>-Entrevista a Jos\u00e9 Luis Mart\u00edn Ramos sobre Historia del PCE (VIII) <a href=\"https:\/\/espai-marx.net\/?p=10167\">https:\/\/espai-marx.net\/?p=10167<\/a><\/p>\n<p>-Entrevista a Jos\u00e9 Luis Mart\u00edn Ramos sobre Historia del PCE (IX) <a href=\"https:\/\/espai-marx.net\/?p=10212\">https:\/\/espai-marx.net\/?p=10212<\/a><\/p>\n<p>-Entrevista a Jos\u00e9 Luis Mart\u00edn Ramos sobre Historia del PCE (X) <a href=\"https:\/\/espai-marx.net\/?p=10261\">https:\/\/espai-marx.net\/?p=10261<\/a><\/p>\n<p>-Entrevista a Jos\u00e9 Luis Mart\u00edn Ramos sobre Historia del PCE (XI) <a href=\"https:\/\/espai-marx.net\/?p=10466\">https:\/\/espai-marx.net\/?p=10466<\/a><\/p>\n<p>&nbsp;<\/p>\n","protected":false},"excerpt":{"rendered":"<p>Salvador L\u00f3pez Arnal \u00abEl \u201cqui\u00f1onismo\u201d propiamente no existi\u00f3, fue una invenci\u00f3n de la direcci\u00f3n del partido cuando quiso recuperar la<\/p>\n","protected":false},"author":5,"featured_media":10517,"comment_status":"open","ping_status":"open","sticky":false,"template":"","format":"standard","meta":{"footnotes":""},"categories":[17,26],"tags":[920,1677,1765],"class_list":["post-10516","post","type-post","status-publish","format-standard","has-post-thumbnail","hentry","category-historia","category-historia-del-comunismo","tag-entrevista-a-autor","tag-historia-del-pce","tag-jose-luis"],"aioseo_notices":[],"_links":{"self":[{"href":"https:\/\/espai-marx.net\/index.php?rest_route=\/wp\/v2\/posts\/10516","targetHints":{"allow":["GET"]}}],"collection":[{"href":"https:\/\/espai-marx.net\/index.php?rest_route=\/wp\/v2\/posts"}],"about":[{"href":"https:\/\/espai-marx.net\/index.php?rest_route=\/wp\/v2\/types\/post"}],"author":[{"embeddable":true,"href":"https:\/\/espai-marx.net\/index.php?rest_route=\/wp\/v2\/users\/5"}],"replies":[{"embeddable":true,"href":"https:\/\/espai-marx.net\/index.php?rest_route=%2Fwp%2Fv2%2Fcomments&post=10516"}],"version-history":[{"count":0,"href":"https:\/\/espai-marx.net\/index.php?rest_route=\/wp\/v2\/posts\/10516\/revisions"}],"wp:featuredmedia":[{"embeddable":true,"href":"https:\/\/espai-marx.net\/index.php?rest_route=\/wp\/v2\/media\/10517"}],"wp:attachment":[{"href":"https:\/\/espai-marx.net\/index.php?rest_route=%2Fwp%2Fv2%2Fmedia&parent=10516"}],"wp:term":[{"taxonomy":"category","embeddable":true,"href":"https:\/\/espai-marx.net\/index.php?rest_route=%2Fwp%2Fv2%2Fcategories&post=10516"},{"taxonomy":"post_tag","embeddable":true,"href":"https:\/\/espai-marx.net\/index.php?rest_route=%2Fwp%2Fv2%2Ftags&post=10516"}],"curies":[{"name":"wp","href":"https:\/\/api.w.org\/{rel}","templated":true}]}}