{"id":10522,"date":"2021-10-12T05:00:07","date_gmt":"2021-10-12T04:00:07","guid":{"rendered":"https:\/\/espai-marx.net\/?p=10522"},"modified":"2021-10-23T19:36:34","modified_gmt":"2021-10-23T18:36:34","slug":"cuba-debate-abierto","status":"publish","type":"post","link":"https:\/\/espai-marx.net\/?p=10522","title":{"rendered":"Cuba, debate abierto"},"content":{"rendered":"<p>M\u00e1s all\u00e1 de su crisis permanente, Cuba est\u00e1 en una encrucijada. Por primera vez en muchos a\u00f1os, han surgido movimientos populares que demandan profundos cambios a la sociedad cubana. Pero \u00bfcu\u00e1ntos de estas demandas son debidas a un descontento popular o a una situaci\u00f3n econ\u00f3mica de bloqueo que se ha agravado estos \u00faltimos a\u00f1os?.<\/p>\n<p>El gobierno cubano, no ha tenido m\u00e1s remedio que hacer reformas, impulsadas por la situaci\u00f3n, pero \u00bfest\u00e1n siendo efectivas? \u00bfse est\u00e1 perdiendo el esp\u00edritu revolucionario que ha llevado a la isla a tener un car\u00e1cter \u00fanico?<\/p>\n<p>Para responder a estas cuestiones, planteamos un debate abierto, moderado y tranquilo en el que participar\u00e1n personas que est\u00e1n viviendo de cerca la situaci\u00f3n cubana.<\/p>\n<p>El s\u00e1bado 23 de octubre, a las 6 de tarde, hora espa\u00f1ola, v\u00eda internet por Zoom.<\/p>\n<p>&nbsp;<\/p>\n<p><a href=\"https:\/\/espai-marx.net\/wp-content\/uploads\/2021\/10\/cartel-CUBA.png\"><img loading=\"lazy\" decoding=\"async\" class=\"aligncenter wp-image-10523\" src=\"https:\/\/espai-marx.net\/wp-content\/uploads\/2021\/10\/cartel-CUBA-212x300.png\" alt=\"\" width=\"387\" height=\"548\" srcset=\"https:\/\/espai-marx.net\/wp-content\/uploads\/2021\/10\/cartel-CUBA-212x300.png 212w, https:\/\/espai-marx.net\/wp-content\/uploads\/2021\/10\/cartel-CUBA-724x1024.png 724w, https:\/\/espai-marx.net\/wp-content\/uploads\/2021\/10\/cartel-CUBA-768x1086.png 768w, https:\/\/espai-marx.net\/wp-content\/uploads\/2021\/10\/cartel-CUBA-1087x1536.png 1087w, https:\/\/espai-marx.net\/wp-content\/uploads\/2021\/10\/cartel-CUBA.png 1240w\" sizes=\"auto, (max-width: 387px) 100vw, 387px\" \/><\/a><\/p>\n","protected":false},"excerpt":{"rendered":"<p>M\u00e1s all\u00e1 de su crisis permanente, Cuba est\u00e1 en una encrucijada. Por primera vez en muchos a\u00f1os, han surgido movimientos<\/p>\n","protected":false},"author":3,"featured_media":10523,"comment_status":"open","ping_status":"open","sticky":false,"template":"","format":"standard","meta":{"footnotes":""},"categories":[880,1263,29,13,30],"tags":[1739],"class_list":["post-10522","post","type-post","status-publish","format-standard","has-post-thumbnail","hentry","category-actividades","category-democracia-y-territorio","category-internacional","category-la-izquierda-a-debate","category-mundo-mundo","tag-cuba"],"aioseo_notices":[],"_links":{"self":[{"href":"https:\/\/espai-marx.net\/index.php?rest_route=\/wp\/v2\/posts\/10522","targetHints":{"allow":["GET"]}}],"collection":[{"href":"https:\/\/espai-marx.net\/index.php?rest_route=\/wp\/v2\/posts"}],"about":[{"href":"https:\/\/espai-marx.net\/index.php?rest_route=\/wp\/v2\/types\/post"}],"author":[{"embeddable":true,"href":"https:\/\/espai-marx.net\/index.php?rest_route=\/wp\/v2\/users\/3"}],"replies":[{"embeddable":true,"href":"https:\/\/espai-marx.net\/index.php?rest_route=%2Fwp%2Fv2%2Fcomments&post=10522"}],"version-history":[{"count":0,"href":"https:\/\/espai-marx.net\/index.php?rest_route=\/wp\/v2\/posts\/10522\/revisions"}],"wp:featuredmedia":[{"embeddable":true,"href":"https:\/\/espai-marx.net\/index.php?rest_route=\/wp\/v2\/media\/10523"}],"wp:attachment":[{"href":"https:\/\/espai-marx.net\/index.php?rest_route=%2Fwp%2Fv2%2Fmedia&parent=10522"}],"wp:term":[{"taxonomy":"category","embeddable":true,"href":"https:\/\/espai-marx.net\/index.php?rest_route=%2Fwp%2Fv2%2Fcategories&post=10522"},{"taxonomy":"post_tag","embeddable":true,"href":"https:\/\/espai-marx.net\/index.php?rest_route=%2Fwp%2Fv2%2Ftags&post=10522"}],"curies":[{"name":"wp","href":"https:\/\/api.w.org\/{rel}","templated":true}]}}