{"id":1058,"date":"2009-02-15T00:00:00","date_gmt":"2009-02-15T00:00:00","guid":{"rendered":"https:\/\/espai-marx.net\/?p=1058"},"modified":"2020-02-25T04:42:47","modified_gmt":"2020-02-25T03:42:47","slug":"perder-pasada-no-se-puede","status":"publish","type":"post","link":"https:\/\/espai-marx.net\/?p=1058","title":{"rendered":"\u00bfPerder pasada? No se puede"},"content":{"rendered":"<p>Manifesto, 2 de \u00a0febrero 09<\/p>\n<p><i>Escrib\u00eda Gabriele Polo<a title=\"\" href=\"#_ftn1\" name=\"_ftnref1\"><b>[1]<\/b><\/a>, en su editorial de la semana pasada: \u201cDado que tanto se habla de reconstrucci\u00f3n desde abajo, de v\u00ednculos con el territorio, de echarle la culpa al centro&#8230; entonces quiz\u00e1 \u2013en relaci\u00f3n con las elecciones europeas- \u00a0mejor dejarlas pasar y centrarse en la pol\u00edtica \u201cdesde abajo\u201d. Ser\u00eda incluso una protesta clara contra la reducci\u00f3n de la actividad p\u00fablica a inter\u00e9s privado\u201d. Quien ha participado en el debate en nuestras p\u00e1ginas se ha manifestado, generalmente contrario a esta hip\u00f3tesis y se ha pronunciado, al contrario, -y a menudo \u201ca toda costa\u201d- en pro de alguna versi\u00f3n de lista com\u00fan de la izquierda. Continuamos en consecuencia el debate publicando la intervenci\u00f3n de Rossana Rossanda -contraria a cualquier forma de abstenci\u00f3n, al \u201c perder pasada\u201d de las elecciones europeas \u2013 propuesto en el \u201cmanifiesto\u201d del domingo:<\/i><\/p>\n<p><i>\u00a0<\/i><\/p>\n<p>La direcci\u00f3n del manifiesto propone una no presentaci\u00f3n de las izquierdas en las elecciones del parlamento europeo. No estoy de acuerdo.\u00bf C\u00f3mo podemos permitirnos\u00a0 negar \u00a0la posibilidad de expresarse a toda una franja de sociedad que no se siente representada por el PD? Es una franja que asciende,\u00a0 a pesar de la presencia del DS, a m\u00e1s del 13 por ciento, pero los peque\u00f1os partidos todav\u00eda en presencia, principalmente Refundaci\u00f3n Comunista, se guardaron muy bien de alcanzar un acuerdo alectoral \u2013cada cual se busc\u00f3 los votos por su cuenta , y alcanz\u00f3 la correspondiente mayor o menor miseria; y despu\u00e9s de las elecciones, tras las que todav\u00eda ten\u00edan menos peso, continuaron divididos, cuanto m\u00e1s perd\u00edan, m\u00e1s se divid\u00edan, hasta quedar reducidos a los pocos millares de personas que se encuentran\u00a0 alrededor de los grup\u00fasculos dirigentes.Tras estos poco edificantes acontecimientos los citados grupos no han aprendido nada y ahora se lamentan de\u00a0 que el PDL y el PD pongan un tope electoral m\u00ednimo del 4 por ciento, porcentaje que ninguno de ellos , por s\u00ed solo, est\u00e1 en condiciones de alcanzar y que adem\u00e1s \u2013para diversi\u00f3n del PD- no quieren alcanzar. Que reviente el \u00a0que quiera poder votar, o que vote a Veltroni o a Di Pietro, un antiguo muchacho de centro o un justicialista de derechas. Si no es para \u00a0ellos, no ser\u00e1 para nadie. Apr\u00e8s de moi le d\u00e9luge. La oposici\u00f3n a la actual Europa \u2013casi inexistente porque a parte de competir y pugnar entre s\u00ed, no sabe pensar en otra cosa, sobre la crisis- no rechista, sobre el Oriente Medio no ha hecho m\u00e1s que sostener a Israel en la guerra de Gaza \u2013adem\u00e1s ha estado representada por el PSE, es decir, por una especie de nada- .No es una casualidad que hayamos llegado a esto. Es el resultado de la convicci\u00f3n de todas las izquierdas e izquierdillas, y de gran parte de su exigua base \u201cmilitante\u201d de que instituciones y partidos son, id\u00e9nticamente, la misma cosa. \u00bfNo aciertan a formar un partido de una cierta consistencia? Pues la representaci\u00f3n se la van repartir el centro y la derecha. Del m\u00e1s que aproximado intento de la Izquierda\u00a0 Arcoiris, que deb\u00eda pasar a ser, de golpe, \u201cel\u201d partido de la izquierda no han sabido extraer la deducci\u00f3n de que una cosa es dar voz , o una coalici\u00f3n de voces, a la inquietud cr\u00edtica de la sociedad compleja y otra cosa es dar forma a un grupo anticapitalista que se propone establecer un nexo entre los conflictos existentes entre capital y trabajo, modo capitalista de producci\u00f3n y relaciones entre hombres y mujeres, l\u00f3gica del capital y defensa del ecosistema, modo de producir e instituciones; esto es, \u00a0a las cuestiones no resueltas durante el siglo veinte, sobre las cuales somos m\u00e1s capaces de\u00a0 hacer chistes que de hacer un an\u00e1lisis. Mejor perder una pasada.Como si esto fuese un baile en el que se vuelve a entrar cuando a uno le viene en gana<\/p>\n<p>Sin embargo, el Parlamento es un observatorio importante para comprender el continente que nos\u00a0 condiciona y el por qu\u00e9 de su cada vez m\u00e1s escaso peso en el mundo. No es que decida mucho, pero puede oponerse, saber y hacer saber. Y no es todav\u00eda una instituci\u00f3n bilateral. Menuda ocurrencia, reducirla a tal cosa. Se me responder\u00e1: pero esos a quienes tambi\u00e9n nosotros denominamos \u201cmatojos\u201d\u00a0 no se ponen de acuerdo. Respondo. Primero, \u00a0no hay que concederles una coartada. Segundo, all\u00ed donde \u00e9stos est\u00e9n ausentes o sean demasiado d\u00e9biles para hacerla, podemos proponer que se forme una lista de candidatos que no sean y no ambicionen convertirse en l\u00edderes de tal o cual sigla, sino que est\u00e9n dispuestos a comprometer dinero y voluntad para decir: \u201cSin embargo, existe una izquierda italiana\u201d\u00bfAcaso no conocemos muchedumbres de juristas, constitucionalistas,\u00a0 economistas, lavoristas, sindicalistas, trabajadores rojos y expertos, mujeres que reflexionan sobre feminismo, ec\u00f3logos, soci\u00f3logos, cient\u00edficos, etc que tendr\u00edan mucho que decir y que ning\u00fan partido escucha? \u00bfNo hemos tenido siempre la impresi\u00f3n de que ahora las elecciones de los candidatos a las instituciones est\u00e1n rodeadas de secretismos, ocultos bajo la coartada de las primarias a la italiana? \u00bfDE manera que son candidatos dirigentes muy bien relacionados ,o tienen como candidato cada vez m\u00e1s a trepas obedientes?\u00bfQue han hecho de las europeas una mera ocasi\u00f3n para medir las relaciones de fuerza internas?<\/p>\n<p>No estoy proponiendo una lista de Il Manifesto, no nos corresponde a nosotros. Pero es nuestro deber hacer sonar la alarma, provocar una conmoci\u00f3n, movilizar y movilizar, reunir\u00a0 y hacer que se re\u00fanan las personas necesarias. Hacer todos los d\u00edas la cr\u00f3nica de la imposibilidad no es muy interesante. Ni es lo propio, tampoco, de ese diario que toma seriamente partido, que decimos ser.<\/p>\n<p>Rossana Rossanda<\/p>\n<p>&nbsp;<\/p>\n<p><a title=\"\" href=\"#_ftnref1\" name=\"_ftn1\">[1]<\/a> Gabriele Polo es codirector del diario Il Manifesto. En consecuencia, estamos ante un debate en el seno de Il Manifesto<\/p>\n","protected":false},"excerpt":{"rendered":"<p>Rossana Rossanda<\/p>\n<p>\u00bfPerder pasada? No se puede<\/p>\n<p>Manifesto, 2 de \u00a0febrero 09 <\/p>\n<p> Escrib\u00eda Gabriele Polo[1], en su editorial de la semana pasada: \u201cDado que tanto se habla de reconstrucci\u00f3n desde abajo, de v\u00ednculos con el territorio, de echarle la culpa al centro&#8230; entonces quiz\u00e1 \u2013en relaci\u00f3n con las elecciones europeas- \u00a0mejor dejarlas pasar y centrarse en la pol\u00edtica \u201cdesde abajo\u201d. Ser\u00eda incluso una protesta clara contra la reducci\u00f3n de la actividad p\u00fablica a inter\u00e9s privado\u201d. Quien ha participado en el debate en nuestras p\u00e1ginas se ha manifestado, generalmente contrario a esta hip\u00f3tesis y se ha pronunciado, al contrario, -y a menudo \u201ca toda costa\u201d- en pro de alguna versi\u00f3n de lista com\u00fan de la izquierda. Continuamos en consecuencia el debate publicando la intervenci\u00f3n de Rossana Rossanda -contraria a cualquier forma de abstenci\u00f3n, al \u201c perder pasada\u201d de las elecciones europeas \u2013 propuesto en el \u201cmanifiesto\u201d del domingo:<\/p>\n","protected":false},"author":9,"featured_media":0,"comment_status":"open","ping_status":"open","sticky":false,"template":"","format":"standard","meta":{"footnotes":""},"categories":[13],"tags":[],"class_list":["post-1058","post","type-post","status-publish","format-standard","hentry","category-la-izquierda-a-debate"],"aioseo_notices":[],"_links":{"self":[{"href":"https:\/\/espai-marx.net\/index.php?rest_route=\/wp\/v2\/posts\/1058","targetHints":{"allow":["GET"]}}],"collection":[{"href":"https:\/\/espai-marx.net\/index.php?rest_route=\/wp\/v2\/posts"}],"about":[{"href":"https:\/\/espai-marx.net\/index.php?rest_route=\/wp\/v2\/types\/post"}],"author":[{"embeddable":true,"href":"https:\/\/espai-marx.net\/index.php?rest_route=\/wp\/v2\/users\/9"}],"replies":[{"embeddable":true,"href":"https:\/\/espai-marx.net\/index.php?rest_route=%2Fwp%2Fv2%2Fcomments&post=1058"}],"version-history":[{"count":0,"href":"https:\/\/espai-marx.net\/index.php?rest_route=\/wp\/v2\/posts\/1058\/revisions"}],"wp:attachment":[{"href":"https:\/\/espai-marx.net\/index.php?rest_route=%2Fwp%2Fv2%2Fmedia&parent=1058"}],"wp:term":[{"taxonomy":"category","embeddable":true,"href":"https:\/\/espai-marx.net\/index.php?rest_route=%2Fwp%2Fv2%2Fcategories&post=1058"},{"taxonomy":"post_tag","embeddable":true,"href":"https:\/\/espai-marx.net\/index.php?rest_route=%2Fwp%2Fv2%2Ftags&post=1058"}],"curies":[{"name":"wp","href":"https:\/\/api.w.org\/{rel}","templated":true}]}}