{"id":1061,"date":"2009-02-20T00:00:00","date_gmt":"2009-02-20T00:00:00","guid":{"rendered":"https:\/\/espai-marx.net\/?p=1061"},"modified":"2020-02-25T04:36:50","modified_gmt":"2020-02-25T03:36:50","slug":"georges-labica-una-vida-exemplar","status":"publish","type":"post","link":"https:\/\/espai-marx.net\/?p=1061","title":{"rendered":"Georges Labica, una vida exemplar"},"content":{"rendered":"<h3><a href=\"http:\/\/lallibertatdelsantics.blogspot.com\/2009\/02\/en-la-mort-dun-dels-nostres.html\">En la mort d&#8217;un dels nostres<\/a><\/h3>\n<p><a name=\"BLOGGER_PHOTO_ID_5303006043836327650\"><\/a> <a href=\"http:\/\/2.bp.blogspot.com\/_5pbJ4FOxNG0\/SZgP5nydJuI\/AAAAAAAAAQA\/Ja1xjYw98IA\/s1600-h\/labica+a+valldoreix.jpg\"><img decoding=\"async\" src=\"http:\/\/2.bp.blogspot.com\/_5pbJ4FOxNG0\/SZgP5nydJuI\/AAAAAAAAAQA\/Ja1xjYw98IA\/s200\/labica+a+valldoreix.jpg\" \/><\/a>A la foto, Georges i Nadya amb alguns amics seus, a Valldoreix Joaquin, M\u00aa Angels, Vera, H\u00e9ctor, Montse i Mercedes. Dies feli\u00e7os.<\/p>\n<p>&nbsp;<\/p>\n<p>Vinc de con\u00e8ixer la mort de Georges Labica. Imagino a Nadya en els moments de la terrible soledat que ens queda quan ens deixa la persona que hem estimat i admirat tant de temps.<\/p>\n<p>La persona que ens ha ensenyat tantes coses. Que ens ha ensenyat pels seus escrits i intervencions i, sobretot per la seva vida. Una vida, per a dir-ho amb el cl\u00e0ssic, exemplar.<\/p>\n<p>Imagino a Nadya i no puc fer altra cosa que plorar al mateix temps que ella, ni que sigui a mil quil\u00f2metres de dist\u00e0ncia.<\/p>\n<p>Georges mai no es pleg\u00e0 davant cap poder del m\u00f3n. No s&#8217;hi pleg\u00e0 quan en la guerra d&#8217;Alg\u00e8ria l&#8217;esquerra francesa mirava cap a una banda, titllant els lluitadors algerians de terroristes. No s&#8217;hi pleg\u00e0 quan durant el maig del 68 la direcci\u00f3 del PCF era incapa\u00e7 de comprendre all\u00f2 que passava al carrer, a les f\u00e0briques i a les universitats.<\/p>\n<p>No s&#8217;hi pleg\u00e0 quan el 1979, public\u00e0 junt als seus camarades Etienne Balibar, Guy Bois y Jean-Pierre Lefebvre el seu magistral \u00abOuvrons la fen\u00eatre camarades!\u00bb, com a intervenci\u00f3 pol\u00edtica davant del XXIII congr\u00e8s del PCF. No s&#8217;hi pleg\u00e0 quan fou expulsat d&#8217;aquell partit per una direcci\u00f3 que seguia sense entendre r\u00e9s de r\u00e9s.<\/p>\n<p>Recordo Georges en un lluny\u00e0 1991 en que el v\u00e0rem invitar a la fundaci\u00f3 Pere Ardiaca i va pronunciar una confer\u00e8ncia amb t\u00edtol \u00abEl comunisme no ha quedat enrera\u00bb, que ens permet\u00e8 d&#8217;orientar-nos en aquell mar de la confussi\u00f3, de les ren\u00fancies, de les desorientacions que es vivien en aquells dur anys. Llavors fou quan el vaig con\u00e8ixer.<\/p>\n<p>El recordar\u00e9 com animador de la nova experiencia de la revista Actuel Marx i dels Congresos Marx Internacional. Eren moment dif\u00edcils per a el marxisme, alguns volien tirar el nen amb l&#8217;aigua bruta. El seu c\u00e0rrec de rector de la Universitat de Paris X ( Nanterre) fou un bon ajut en aquestes tasques. En un d&#8217;aquest congressos ell i la Nadya varen tenir la gentilesa d&#8217;acollir-me a casa seva per tal de fer m\u00e9s suportable una estan\u00e7a al congr\u00e9s sense cap altre suport econ\u00f2mic. Mai no he tingut uns hostes tant atents ni fraternals.<\/p>\n<p>El recordo tamb\u00e9 l&#8217;any 1998 l&#8217;any del 150 aniversari del Manifest en aquella impressionant conferencia internacional a Paris, en que semblava possible una repressa unit\u00e0ira i plural del marxisme.<\/p>\n<p>El recordo a la Universitat Aut\u00f2noma de Barcelona el maig de l&#8217;any 2001, en que fou presentat pel director del departament d&#8217;hist\u00f2ria moderna i contempor\u00e0nia, Francesc Espinet.<\/p>\n<p>El recordo a Amayuelas en la trobada anual de formaci\u00f3 de Corriente Roja. El segon cop que ell hi va anar, jo no hi vaig poder acudir.<\/p>\n<p>Dificil d&#8217;oblidar la seva intervenci\u00f3 a la trobada \u00abComunismes\u00bb, organitzada per Espai Marx, La FIM, i El Viejo Topo, a Barcelona, l&#8217;any 2006.<\/p>\n<p>Intervencions totes elles memorables. Intervencions d&#8217;un fil\u00f2sof comunista, rigor\u00f3s, coherent, un del darrers grans del segle XX.<\/p>\n<p>En algunes ocasions havia proposat als amics de Sabadell per la Rep\u00fablica la posibilitat de portar-lo a una dels nostres cursos de republicanisme. Ja no ser\u00e0 possible<\/p>\n<p><b>Amic Georges, que la terra et sigui lleu!\u00a0<\/b><\/p>\n<p><b>Viur\u00e0s sempre en la nostra mem\u00f2ria!<\/b><\/p>\n<p>Podeu llegir coses escrites per en Georges Labica a les seg\u00fcents adreces:<\/p>\n<p>Plan oficial de Georges Labica:<\/p>\n<p><a href=\"http:\/\/labica.lahaine.org\/\">http:\/\/labica.lahaine.org\/<\/a><\/p>\n<p>\u00bfViolencia?\u00bfqu\u00e9 violencia?<\/p>\n<p><a href=\"http:\/\/www.kaosenlared.net\/noticia\/violencia-que-violencia\">http:\/\/www.kaosenlared.net\/noticia\/violencia-que-violencia<\/a><\/p>\n<p>Demasiados hombres:<\/p>\n<p><a href=\"http:\/\/www.moviments.net\/espaimarx\/index.php?lang=cat&amp;query=b337e84de8752b27eda3a12363109e80&amp;view=section\">http:\/\/www.moviments.net\/espaimarx\/index.php?lang=cat&amp;query=b337e84de8752b27eda3a12363109e80&amp;view=section<\/a><\/p>\n<p>Trobada \u00abComunismos\u00bb:<\/p>\n<p><a href=\"http:\/\/www.kaosenlared.net\/noticia\/jornadas-comunismos-balance-siglo-xx-galeria-fotografica-sonido-confer\">http:\/\/www.kaosenlared.net\/noticia\/jornadas-comunismos-balance-siglo-xx-galeria-fotografica-sonido-confer<\/a><\/p>\n<p>Maximilien Robespierre: la causa del poble.<\/p>\n<p><a href=\"http:\/\/www.moviments.net\/espaimarx\/index.php?lang=cat&amp;query=ffeabd223de0d4eacb9a3e6e53e5448d&amp;view=section\">http:\/\/www.moviments.net\/espaimarx\/index.php?lang=cat&amp;query=ffeabd223de0d4eacb9a3e6e53e5448d&amp;view=section<\/a><\/p>\n<p>Presidenciales 2007. La cueva del ciego<\/p>\n<p><a href=\"http:\/\/www.moviments.net\/espaimarx\/index.php?lang=cat&amp;query=d58072be2820e8682c0a27c0518e805e&amp;view=section\">http:\/\/www.moviments.net\/espaimarx\/index.php?lang=cat&amp;query=d58072be2820e8682c0a27c0518e805e&amp;view=section<\/a><\/p>\n<p>Nuevo libro de Georges Labica:<\/p>\n<p><a href=\"http:\/\/www.moviments.net\/espaimarx\/index.php?lang=cat&amp;query=944bdd9636749a0801c39b6e449dbedc&amp;view=section\">http:\/\/www.moviments.net\/espaimarx\/index.php?lang=cat&amp;query=944bdd9636749a0801c39b6e449dbedc&amp;view=section<\/a><\/p>\n","protected":false},"excerpt":{"rendered":"<p><P> A la foto, Georges i Nadya amb alguns amics seus, a Valldoreix Joaquin, M&ordf; Angels, Vera, H&eacute;ctor, Montse i Mercedes. Dies feli&ccedil;os.<\/P><P> <\/P><P> <\/P><P> <\/P><P> <\/P><P> Georges Labica, una vida exemplar<\/P><\/p>\n","protected":false},"author":9,"featured_media":0,"comment_status":"open","ping_status":"open","sticky":false,"template":"","format":"standard","meta":{"footnotes":""},"categories":[8],"tags":[1301,1030],"class_list":["post-1061","post","type-post","status-publish","format-standard","hentry","category-filosofia","tag-georges-labica","tag-obituario"],"aioseo_notices":[],"_links":{"self":[{"href":"https:\/\/espai-marx.net\/index.php?rest_route=\/wp\/v2\/posts\/1061","targetHints":{"allow":["GET"]}}],"collection":[{"href":"https:\/\/espai-marx.net\/index.php?rest_route=\/wp\/v2\/posts"}],"about":[{"href":"https:\/\/espai-marx.net\/index.php?rest_route=\/wp\/v2\/types\/post"}],"author":[{"embeddable":true,"href":"https:\/\/espai-marx.net\/index.php?rest_route=\/wp\/v2\/users\/9"}],"replies":[{"embeddable":true,"href":"https:\/\/espai-marx.net\/index.php?rest_route=%2Fwp%2Fv2%2Fcomments&post=1061"}],"version-history":[{"count":0,"href":"https:\/\/espai-marx.net\/index.php?rest_route=\/wp\/v2\/posts\/1061\/revisions"}],"wp:attachment":[{"href":"https:\/\/espai-marx.net\/index.php?rest_route=%2Fwp%2Fv2%2Fmedia&parent=1061"}],"wp:term":[{"taxonomy":"category","embeddable":true,"href":"https:\/\/espai-marx.net\/index.php?rest_route=%2Fwp%2Fv2%2Fcategories&post=1061"},{"taxonomy":"post_tag","embeddable":true,"href":"https:\/\/espai-marx.net\/index.php?rest_route=%2Fwp%2Fv2%2Ftags&post=1061"}],"curies":[{"name":"wp","href":"https:\/\/api.w.org\/{rel}","templated":true}]}}