{"id":10631,"date":"2021-10-30T05:00:05","date_gmt":"2021-10-30T04:00:05","guid":{"rendered":"https:\/\/espai-marx.net\/?p=10631"},"modified":"2021-10-30T04:31:38","modified_gmt":"2021-10-30T03:31:38","slug":"el-desafio-ambiental-y-sus-implicaciones-sociales","status":"publish","type":"post","link":"https:\/\/espai-marx.net\/?p=10631","title":{"rendered":"El desaf\u00edo ambiental y sus implicaciones sociales"},"content":{"rendered":"<p><span class=\"style-scope yt-formatted-string\" dir=\"auto\">Alternatiba organiz\u00f3 el 15 de Marzo de 2019 una conferencia en Hika Ateneo, Bilbao, enmarcada en su d\u00e9cimo aniversario, para reflexionar en torno a los desaf\u00edos medioambientales y los impactos sociales de los mismos. Lo hizo de la mano de dos personas expertas en la materia, Nuria del Viso Pab\u00f3n y Luis Gonz\u00e1lez Reyes, con I\u00f1aki B\u00e1rcena Hinojal moderando la jornada. El objetivo de la jornada, titulada \u201cEl desaf\u00edo ambiental y sus implicaciones sociales\u201d, es analizar las repercusiones de la extralimitaci\u00f3n del sistema en lo que a producci\u00f3n, uso de recursos naturales y energ\u00eda se refiere. <\/span><\/p>\n<p><span class=\"style-scope yt-formatted-string\" dir=\"auto\">Luis Gonz\u00e1lez Reyes es miembro de Ecologistas en Acci\u00f3n desde su fundaci\u00f3n hasta 2015 en su Secretar\u00eda Confederal, como co-coordinador durante 9 a\u00f1os. Doctor en qu\u00edmicas, es socio de la cooperativa Gar\u00faa, dedicada a facilitar las transiciones ecosociales. Es especialista en formaci\u00f3n e investigaci\u00f3n en temas relacionados con el ecologismo y la pedagog\u00eda, \u00e1mbito en el que es colaborador habitual de varias universidades. Tambi\u00e9n trabaja en FUHEM como responsable de ecosocializaci\u00f3n de sus centros escolares. Es autor o coautor de una veintena de libros sobre distintas facetas del ecologismo social. <\/span><\/p>\n<p>La segunda parte, con la intervenci\u00f3n de Nuria del Viso, se encuentra <a href=\"https:\/\/www.youtube.com\/watch?v=ornMsxZf4sU\">aqu\u00ed<\/a>.<\/p>\n<p><iframe loading=\"lazy\" title=\"Luis Gonzalez Reyes. Charla \u00abEl desaf\u00edo ambiental y sus implicaciones sociales\u00bb (1\/2)\" width=\"800\" height=\"450\" src=\"https:\/\/www.youtube.com\/embed\/sZH4-7ZsrKE?feature=oembed\" frameborder=\"0\" allow=\"accelerometer; autoplay; clipboard-write; encrypted-media; gyroscope; picture-in-picture; web-share\" referrerpolicy=\"strict-origin-when-cross-origin\" allowfullscreen><\/iframe><\/p>\n","protected":false},"excerpt":{"rendered":"<p>Alternatiba organiz\u00f3 el 15 de Marzo de 2019 una conferencia en Hika Ateneo, Bilbao, enmarcada en su d\u00e9cimo aniversario, para<\/p>\n","protected":false},"author":5,"featured_media":0,"comment_status":"open","ping_status":"open","sticky":false,"template":"","format":"standard","meta":{"footnotes":""},"categories":[1563,833],"tags":[],"class_list":["post-10631","post","type-post","status-publish","format-standard","hentry","category-crisis-ecosocial","category-videos"],"aioseo_notices":[],"_links":{"self":[{"href":"https:\/\/espai-marx.net\/index.php?rest_route=\/wp\/v2\/posts\/10631","targetHints":{"allow":["GET"]}}],"collection":[{"href":"https:\/\/espai-marx.net\/index.php?rest_route=\/wp\/v2\/posts"}],"about":[{"href":"https:\/\/espai-marx.net\/index.php?rest_route=\/wp\/v2\/types\/post"}],"author":[{"embeddable":true,"href":"https:\/\/espai-marx.net\/index.php?rest_route=\/wp\/v2\/users\/5"}],"replies":[{"embeddable":true,"href":"https:\/\/espai-marx.net\/index.php?rest_route=%2Fwp%2Fv2%2Fcomments&post=10631"}],"version-history":[{"count":0,"href":"https:\/\/espai-marx.net\/index.php?rest_route=\/wp\/v2\/posts\/10631\/revisions"}],"wp:attachment":[{"href":"https:\/\/espai-marx.net\/index.php?rest_route=%2Fwp%2Fv2%2Fmedia&parent=10631"}],"wp:term":[{"taxonomy":"category","embeddable":true,"href":"https:\/\/espai-marx.net\/index.php?rest_route=%2Fwp%2Fv2%2Fcategories&post=10631"},{"taxonomy":"post_tag","embeddable":true,"href":"https:\/\/espai-marx.net\/index.php?rest_route=%2Fwp%2Fv2%2Ftags&post=10631"}],"curies":[{"name":"wp","href":"https:\/\/api.w.org\/{rel}","templated":true}]}}