{"id":10742,"date":"2021-11-20T05:00:17","date_gmt":"2021-11-20T04:00:17","guid":{"rendered":"https:\/\/espai-marx.net\/?p=10742"},"modified":"2021-11-20T03:12:30","modified_gmt":"2021-11-20T02:12:30","slug":"jornadas-del-colapso","status":"publish","type":"post","link":"https:\/\/espai-marx.net\/?p=10742","title":{"rendered":"Jornadas del colapso"},"content":{"rendered":"<p>El 23 y 24 de octubre de 2021 se celebraron en Barcelona las Jornadas del Colapso organizadas por la <a href=\"https:\/\/escuelaecocritica.wordpress.com\/\" target=\"_blank\" rel=\"noopener noreferrer\">Escuela de Econom\u00eda Cr\u00edtica<\/a> \u2013p\u00e1gina en la que tambi\u00e9n est\u00e1n disponibles los archivos en audio\u2013. En su <a href=\"https:\/\/www.youtube.com\/channel\/UCQYfsNYVINZysecr2PdwglQ\">canal de Youtube<\/a> Tienen una <a href=\"https:\/\/www.youtube.com\/watch?v=vVmGb_-eFPU&amp;list=PL4xthXvz1PQmfpIbPZEG-tEFsla8AGiOK\">lista de reproducci\u00f3n<\/a> de todas las ponencias, que presentamos aqu\u00ed de manera individualizada:<\/p>\n<p><strong>Avance de presentaci\u00f3n de las Jornadas<\/strong><\/p>\n<p><iframe loading=\"lazy\" title=\"Jornadas del Colapso - 23 y 24 Octubre TEASER\" width=\"800\" height=\"450\" src=\"https:\/\/www.youtube.com\/embed\/vVmGb_-eFPU?feature=oembed\" frameborder=\"0\" allow=\"accelerometer; autoplay; clipboard-write; encrypted-media; gyroscope; picture-in-picture; web-share\" referrerpolicy=\"strict-origin-when-cross-origin\" allowfullscreen><\/iframe><\/p>\n<p class=\"title style-scope ytd-video-primary-info-renderer\"><strong>Ivonne Y\u00e0\u00f1ez (Acci\u00f3n Ecol\u00f3gica Ecuador)<br \/>\nInterseccionalidades desde el Sur<\/strong><\/p>\n<p><iframe loading=\"lazy\" title=\"Jornadas del Colapso_ Ivonne Y\u00e0\u00f1ez (Acci\u00f3n Ecol\u00f3gica Ecuador)_ Interseccionalidades desde el Sur.\" width=\"800\" height=\"450\" src=\"https:\/\/www.youtube.com\/embed\/gdu38Ilcasc?feature=oembed\" frameborder=\"0\" allow=\"accelerometer; autoplay; clipboard-write; encrypted-media; gyroscope; picture-in-picture; web-share\" referrerpolicy=\"strict-origin-when-cross-origin\" allowfullscreen><\/iframe><\/p>\n<p class=\"title style-scope ytd-video-primary-info-renderer\"><strong>Emiliano Ter\u00e1n (Observatorio de Ecolog\u00eda Pol\u00edticas de Venezuela)<br \/>\nRepensarnos desde las entra\u00f1as del colapso: extractivismo, sostenimiento de la vida y re-existencias en Venezuela<br \/>\n<\/strong><\/p>\n<p><iframe loading=\"lazy\" title=\"Jornadas del Colapso_ Emiliano Ter\u00e1n (Observatorio de Ecolog\u00eda Pol\u00edticas de Venezuela)\" width=\"800\" height=\"450\" src=\"https:\/\/www.youtube.com\/embed\/r7lg2qqnJ0Y?feature=oembed\" frameborder=\"0\" allow=\"accelerometer; autoplay; clipboard-write; encrypted-media; gyroscope; picture-in-picture; web-share\" referrerpolicy=\"strict-origin-when-cross-origin\" allowfullscreen><\/iframe><\/p>\n<p class=\"title style-scope ytd-video-primary-info-renderer\"><strong>Antonio Turiel (ICM-CSIC)<br \/>\nLa crisis energ\u00e9tica: los a\u00f1os decisivos<\/strong><\/p>\n<p><iframe loading=\"lazy\" title=\"Jornadas del Colapso_ Antonio Turiel (ICM-CSIC)_ La crisis energ\u00e9tica: los a\u00f1os decisivos\" width=\"800\" height=\"450\" src=\"https:\/\/www.youtube.com\/embed\/70e_l9lXxI4?feature=oembed\" frameborder=\"0\" allow=\"accelerometer; autoplay; clipboard-write; encrypted-media; gyroscope; picture-in-picture; web-share\" referrerpolicy=\"strict-origin-when-cross-origin\" allowfullscreen><\/iframe><\/p>\n<p class=\"title style-scope ytd-video-primary-info-renderer\"><strong>Marta Musi\u0107 (t.i.c.t.a.c.)<br \/>\nHacia un pluriverso decolonial feminista: Construyendo pol\u00edticas de esperanza frente al colapso<br \/>\n<\/strong><\/p>\n<p><iframe loading=\"lazy\" title=\"Jornadas del Colapso_ Marta Musi\u0107 (t.i.c.t.a.c.)_ Hacia un pluriverso decolonial feminista\" width=\"800\" height=\"450\" src=\"https:\/\/www.youtube.com\/embed\/4tcj1ncb2sA?feature=oembed\" frameborder=\"0\" allow=\"accelerometer; autoplay; clipboard-write; encrypted-media; gyroscope; picture-in-picture; web-share\" referrerpolicy=\"strict-origin-when-cross-origin\" allowfullscreen><\/iframe><\/p>\n<p class=\"title style-scope ytd-video-primary-info-renderer\"><strong>David Gonz\u00e1lez (Sustraiak)<br \/>\nGesti\u00f3n agroecol\u00f3gica del territorio para la adaptaci\u00f3n al colapso<br \/>\n<\/strong><\/p>\n<p><iframe loading=\"lazy\" title=\"Jornadas del Colapso_ David Gonz\u00e1lez (Sustraiak)_ Gesti\u00f3n agroecol\u00f3gica\" width=\"800\" height=\"450\" src=\"https:\/\/www.youtube.com\/embed\/FDm_Dc_t1AI?feature=oembed\" frameborder=\"0\" allow=\"accelerometer; autoplay; clipboard-write; encrypted-media; gyroscope; picture-in-picture; web-share\" referrerpolicy=\"strict-origin-when-cross-origin\" allowfullscreen><\/iframe><\/p>\n","protected":false},"excerpt":{"rendered":"<p>El 23 y 24 de octubre de 2021 se celebraron en Barcelona las Jornadas del Colapso organizadas por la Escuela<\/p>\n","protected":false},"author":5,"featured_media":0,"comment_status":"open","ping_status":"open","sticky":false,"template":"","format":"standard","meta":{"footnotes":""},"categories":[1563,833],"tags":[],"class_list":["post-10742","post","type-post","status-publish","format-standard","hentry","category-crisis-ecosocial","category-videos"],"aioseo_notices":[],"_links":{"self":[{"href":"https:\/\/espai-marx.net\/index.php?rest_route=\/wp\/v2\/posts\/10742","targetHints":{"allow":["GET"]}}],"collection":[{"href":"https:\/\/espai-marx.net\/index.php?rest_route=\/wp\/v2\/posts"}],"about":[{"href":"https:\/\/espai-marx.net\/index.php?rest_route=\/wp\/v2\/types\/post"}],"author":[{"embeddable":true,"href":"https:\/\/espai-marx.net\/index.php?rest_route=\/wp\/v2\/users\/5"}],"replies":[{"embeddable":true,"href":"https:\/\/espai-marx.net\/index.php?rest_route=%2Fwp%2Fv2%2Fcomments&post=10742"}],"version-history":[{"count":0,"href":"https:\/\/espai-marx.net\/index.php?rest_route=\/wp\/v2\/posts\/10742\/revisions"}],"wp:attachment":[{"href":"https:\/\/espai-marx.net\/index.php?rest_route=%2Fwp%2Fv2%2Fmedia&parent=10742"}],"wp:term":[{"taxonomy":"category","embeddable":true,"href":"https:\/\/espai-marx.net\/index.php?rest_route=%2Fwp%2Fv2%2Fcategories&post=10742"},{"taxonomy":"post_tag","embeddable":true,"href":"https:\/\/espai-marx.net\/index.php?rest_route=%2Fwp%2Fv2%2Ftags&post=10742"}],"curies":[{"name":"wp","href":"https:\/\/api.w.org\/{rel}","templated":true}]}}