{"id":1077,"date":"2009-03-01T00:00:00","date_gmt":"2009-03-01T00:00:00","guid":{"rendered":"https:\/\/espai-marx.net\/?p=1077"},"modified":"2020-02-25T04:30:29","modified_gmt":"2020-02-25T03:30:29","slug":"un-sinverguenza-en-la-alcaldia-de-zaragoza","status":"publish","type":"post","link":"https:\/\/espai-marx.net\/?p=1077","title":{"rendered":"Un sinverg\u00fcenza en la Alcald\u00eda de Zaragoza"},"content":{"rendered":"<p>Carlos Fern\u00e1ndez Liria lo arguy\u00f3 recientemente al escribir un comentario sobre \u201cCamino\u201d: sea cual sea el concepto que tengamos de sociedad buena, razonable y justa, acaso con discrepancias en algunos v\u00e9rtices de la definici\u00f3n, es f\u00e1cil acordar que en ninguna de esas concepciones cabr\u00eda la existencia de una asociaci\u00f3n sexista, turbia, sectaria, oscura, similar a la del Opus Dei. No parece compatible la presencia social, con sus inevitables derivadas pol\u00edticas, de una asociaci\u00f3n con sus finalidades, y con procedimientos como los suyos, y la permanencia no falsaria del Estado de Derecho.<\/p>\n<p>La realidad, eso que llaman realidad, baila sin embargo al comp\u00e1s de otra m\u00fasica. En el Reino de Espa\u00f1a, no s\u00f3lo financiamos sus negocios privados con dinero p\u00fablico (pensemos en las escuelas concertadas y en las pr\u00e1cticas anticonstitucionales que llevan su logo), sino que adem\u00e1s, disparate de disparates, pretendemos nombrar la calle de una ciudad que combati\u00f3 el antifranquismo como pocas, en condiciones nada f\u00e1ciles por lo dem\u00e1s, con el nombre de su fundador Jos\u00e9 Mar\u00eda Escriv\u00e1 de Balaguer, un hombre que falleci\u00f3 en 1975 y que estuvo implicado hasta el tu\u00e9tano en el criminal mundo del r\u00e9gimen franquista. De hecho, como es sabido, en algunos per\u00edodos de aquel r\u00e9gimen dirigido por un general golpista que acumul\u00f3 fortuna, varios ministerios centrales estaban dirigidos directamente por numerarios de la organizaci\u00f3n (L\u00f3pez Bravo, L\u00f3pez Rod\u00f3, etc), una organizaci\u00f3n que subordina claramente a la mujer (recuerden algunas im\u00e1genes de \u201cCamino\u201d) y ayud\u00f3 a intentar depurar de la Universidad espa\u00f1ola todo lo que tuviera que ver, aunque fuera remotamente, con resistencia ante la dictadura y pensamiento cr\u00edtico. La organizaci\u00f3n, por lo dem\u00e1s, asesora en la actualidad a la esposa del Rey de Espa\u00f1a en la forma en que lo hace. Recordemos sus recientes declaraciones sobre temas de actualidad en el libro de la periodista opusde\u00edsta Pilar Urbano.<\/p>\n<p>Jos\u00e9 M\u00aa Escriv\u00e1 de Balaguer, no es ninguna inconsistencia, naci\u00f3 en Barbastro. Ha sido canonizado por la Iglesia y fue condecorado no con una sino con dos medallas de honor por aquel dictador que mand\u00f3 asesinar a Juli\u00e1n Grimau y Puig Antich. De hecho, fue su confesor espiritual. Su sombra es alargada. Toda mi familia, sin excepciones pr\u00e1cticamente, proviene de un pueblecito que dista 15 kil\u00f3metros de ese pueblo-ciudad, centro comarcal del Somontano. El legado de Escriv\u00e1 es tan omnipresente que en varias por no decir en todas las iglesias de la ciudad, hasta fecha muy reciente, 2007 cuando menos, exist\u00edan inscripciones en sus fachadas, con ostentaci\u00f3n no disimulada, con las conocidas y rancias consignas en torno a los muertos, a Dios, la Patria y la Falange. \u00a133 a\u00f1os despu\u00e9s de la muerte de aquel general que firmaba penas de muerte, que se dec\u00eda patriota y que vendi\u00f3 Espa\u00f1a al nazismo y al fascismo italiano y m\u00e1s tarde a Estados Unidos!<\/p>\n<p>El se\u00f1or Belloch ha tenido adem\u00e1s la caradura, sin precedentes conocidos, de afirmar que Escriv\u00e1 de Balaguer ha sido el aragon\u00e9s m\u00e1s importante de la segunda mitad del siglo XX y el de mayor proyecci\u00f3n internacional, exceptuando a Luis Bu\u00f1uel. \u00a1Qu\u00e9 pensar\u00e1 en su tumba el director de <i>Sim\u00f3n del desierto<\/i> ante tama\u00f1a barbaridad!<\/p>\n<p>Pero no s\u00f3lo eso. La decisi\u00f3n, seg\u00fan parece, ha sido tomada ya en Junta de Gobierno y tiene que aprobarla el pr\u00f3ximo pleno. La intenci\u00f3n inicial del se\u00f1or Alcalde era incluir la calle dedicada a Escriv\u00e1 de Balaguer entre las 43 calles de las ciudad que tambi\u00e9n van a cambiar de nombre en cumplimiento de la Ley de la Memoria Hist\u00f3rica. Como lo leen, sin error por mi parte. Como si cambi\u00e1ramos una calle dedicada a Mill\u00e1n Astray por otra dedicada al cardenal Gom\u00e0. Ni m\u00e1s ni menos. En este caso, en la propuesta inicial del se\u00f1or Belloch, la calle del general franquista Sueiro iba a llamarse calle de Jos\u00e9 Mar\u00eda Escriv\u00e1 de Balaguer bajo el amparo de la Ley de\u2026 \u00a1Memoria hist\u00f3rica!. Cambi\u00f3 de idea el se\u00f1or Alcalde socialista, no por convencimiento, sino para no romper el consenso sobre la aplicaci\u00f3n de la ley.<\/p>\n<p>La ley se ha aprobado recientemente, una discutida y discutible Ley de la Memoria Hist\u00f3rica. M\u00e1s pronto que tarde, si el disparate del amigo del asesor de Carlos Slim atraca finalmente en mal puerto, habr\u00e1 que aprobar otra ley que borre nombres que pertenecen, con todo merecimiento, a la historia universal de la infamia. Que un dirigente denominado socialista, alcalde de una gran ciudad, amigo \u00edntimo de la actual vicepresidente del Gobierno, biministro del responsable m\u00e1ximo de la permanencia de Espa\u00f1a en la OTAN y de numerosas actuaciones de los GAL, un alcalde que traslada desde un despacho al sal\u00f3n de plenos un gran crucifijo en cada reuni\u00f3n de la corporaci\u00f3n, un servidor p\u00fablico que intervino directamente o apoy\u00f3 la decisi\u00f3n de la empresa municipal de censurar la publicidad sobre Dios y su inexistencia en los autobuses de la ciudad, un alcalde que declara p\u00fablicamente que lo primero que debe hacerse al llegar a Zaragoza, como dice hacer \u00e9l, es rezar ante la Virgen del Pilar, un s\u00edmbolo como es sabido del franquismo m\u00e1s casposo y m\u00e1s militar-nacional-cat\u00f3lico, pues bien que un alcalde con esta mochila siga siendo dirigente socialista, un hombre de peso en el PSOE\u00a0 aragon\u00e9s, dice con claridad, y sin ninguna sombra de duda, la podredumbre pol\u00edtica, cultural, social, a la que se ha llegado en este pa\u00eds. Si la transici\u00f3n merece un retrato instant\u00e1neo que la muestre sin adornos edulcorados y encubridores, no puede haber duda en la elecci\u00f3n: 33 a\u00f1os despu\u00e9s de la muerte del dictador, un alcalde de un partido que se llama \u201csocialista\u201d dedica una calle de su ciudad al fundador de una de las organizaciones m\u00e1s nefastas, sectarias, machistas, elitistas y depravadas que conoce la Historia de Espa\u00f1a y, probablemente, la historia del mundo.<\/p>\n<p>Por lo dem\u00e1s, se calcula que entre 1936 y 1946, m\u00e1s de 3.000 republicanos fueron asesinados en la ciudad. Los restos de muchos ellos descansan en la fosa com\u00fan del cementerio. No hay ning\u00fan recuerdo para ellos. Las canciones musicales suenan con otra escala en el Municipio. Definitivamente, los tiempos est\u00e1n cambiando.<\/p>\n","protected":false},"excerpt":{"rendered":"<p>Carlos Fern\u00e1ndez Liria lo arguy\u00f3 recientemente al escribir un comentario sobre \u201cCamino\u201d: sea cual sea el concepto que tengamos de sociedad buena, razonable y justa, acaso con discrepancias en algunos v\u00e9rtices de la definici\u00f3n, es f\u00e1cil acordar que en ninguna de esas concepciones cabr\u00eda la existencia de una asociaci\u00f3n sexista, turbia, sectaria, oscura, similar a la del Opus Dei. No parece compatible la presencia social, con sus inevitables derivadas pol\u00edticas, de una asociaci\u00f3n con sus finalidades, y con procedimientos como los suyos, y la permanencia no falsaria del Estado de Derecho.<\/p>\n<p>La realidad, eso que llaman realidad, baila sin embargo al comp\u00e1s de otra m\u00fasica. En el Reino de Espa\u00f1a, no s\u00f3lo financiamos sus negocios privados con dinero p\u00fablico (pensemos en las escuelas concertadas y en las pr\u00e1cticas anticonstitucionales que llevan su logo), sino que adem\u00e1s, disparate de disparates, pretendemos nombrar la calle de una ciudad que combati\u00f3 el antifranquismo como pocas, en condiciones nada f\u00e1ciles por lo dem\u00e1s, con el nombre de su fundador Jos\u00e9 Mar\u00eda Escriv\u00e1 de Balaguer, un hombre que falleci\u00f3 en 1975 y que estuvo implicado hasta el tu\u00e9tano en el criminal mundo del r\u00e9gimen franquista. De hecho, como es sabido, en algunos per\u00edodos de aquel r\u00e9gimen dirigido por un general golpista que acumul\u00f3 fortuna, varios ministerios centrales estaban dirigidos directamente por numerarios de la organizaci\u00f3n (L\u00f3pez Bravo, L\u00f3pez Rod\u00f3, etc), una organizaci\u00f3n que subordina claramente a la mujer (recuerden algunas im\u00e1genes de \u201cCamino\u201d) y ayud\u00f3 a intentar depurar de la Universidad espa\u00f1ola todo lo que tuviera que ver, aunque fuera remotamente, con resistencia ante la dictadura y pensamiento cr\u00edtico. La organizaci\u00f3n, por lo dem\u00e1s, asesora en la actualidad a la esposa del Rey de Espa\u00f1a en la forma en que lo hace. Recordemos sus recientes declaraciones sobre temas de actualidad en el libro de la periodista opusde\u00edsta Pilar Urbano.\u00a0\u00a0 <\/p>\n<p>Jos\u00e9 M\u00aa Escriv\u00e1 de Balaguer, no es ninguna inconsistencia, naci\u00f3 en Barbastro. Ha sido canonizado por la Iglesia y fue condecorado no con una sino con dos medallas de honor por aquel dictador que mand\u00f3 asesinar a Juli\u00e1n Grimau y Puig Antich. De hecho, fue su confesor espiritual. Su sombra es alargada. Toda mi familia, sin excepciones pr\u00e1cticamente, proviene de un pueblecito que dista 15 kil\u00f3metros de ese pueblo-ciudad, centro comarcal del Somontano. El legado de Escriv\u00e1 es tan omnipresente que en varias por no decir en todas las iglesias de la ciudad, hasta fecha muy reciente, 2007 cuando menos, exist\u00edan inscripciones en sus fachadas, con ostentaci\u00f3n no disimulada, con las conocidas y rancias consignas en torno a los muertos, a Dios, la Patria y la Falange. \u00a133 a\u00f1os despu\u00e9s de la muerte de aquel general que firmaba penas de muerte, que se dec\u00eda patriota y que vendi\u00f3 Espa\u00f1a al nazismo y al fascismo italiano y m\u00e1s tarde a Estados Unidos!<\/p>\n<p>El se\u00f1or Belloch ha tenido adem\u00e1s la caradura, sin precedentes conocidos, de afirmar que Escriv\u00e1 de Balaguer ha sido el aragon\u00e9s m\u00e1s importante de la segunda mitad del siglo XX y el de mayor proyecci\u00f3n internacional, exceptuando a Luis Bu\u00f1uel. \u00a1Qu\u00e9 pensar\u00e1 en su tumba el director de Sim\u00f3n del desierto ante tama\u00f1a barbaridad! <\/p>\n","protected":false},"author":9,"featured_media":0,"comment_status":"open","ping_status":"open","sticky":false,"template":"","format":"standard","meta":{"footnotes":""},"categories":[13],"tags":[],"class_list":["post-1077","post","type-post","status-publish","format-standard","hentry","category-la-izquierda-a-debate"],"aioseo_notices":[],"_links":{"self":[{"href":"https:\/\/espai-marx.net\/index.php?rest_route=\/wp\/v2\/posts\/1077","targetHints":{"allow":["GET"]}}],"collection":[{"href":"https:\/\/espai-marx.net\/index.php?rest_route=\/wp\/v2\/posts"}],"about":[{"href":"https:\/\/espai-marx.net\/index.php?rest_route=\/wp\/v2\/types\/post"}],"author":[{"embeddable":true,"href":"https:\/\/espai-marx.net\/index.php?rest_route=\/wp\/v2\/users\/9"}],"replies":[{"embeddable":true,"href":"https:\/\/espai-marx.net\/index.php?rest_route=%2Fwp%2Fv2%2Fcomments&post=1077"}],"version-history":[{"count":0,"href":"https:\/\/espai-marx.net\/index.php?rest_route=\/wp\/v2\/posts\/1077\/revisions"}],"wp:attachment":[{"href":"https:\/\/espai-marx.net\/index.php?rest_route=%2Fwp%2Fv2%2Fmedia&parent=1077"}],"wp:term":[{"taxonomy":"category","embeddable":true,"href":"https:\/\/espai-marx.net\/index.php?rest_route=%2Fwp%2Fv2%2Fcategories&post=1077"},{"taxonomy":"post_tag","embeddable":true,"href":"https:\/\/espai-marx.net\/index.php?rest_route=%2Fwp%2Fv2%2Ftags&post=1077"}],"curies":[{"name":"wp","href":"https:\/\/api.w.org\/{rel}","templated":true}]}}