{"id":10856,"date":"2021-12-12T05:00:30","date_gmt":"2021-12-12T04:00:30","guid":{"rendered":"https:\/\/espai-marx.net\/?p=10856"},"modified":"2021-12-12T03:22:08","modified_gmt":"2021-12-12T02:22:08","slug":"comentarios-a-sobre-el-hundimiento-de-la-izquierda-en-el-campo-de-pedro-lopeh","status":"publish","type":"post","link":"https:\/\/espai-marx.net\/?p=10856","title":{"rendered":"Sobre el hundimiento de la izquierda en el campo -con un comentario de Jaime Ramajo-"},"content":{"rendered":"<div dir=\"auto\"><em>Mis compa\u00f1eros de EspaiMarx me han pedido que publique este comentario al magn\u00edfico art\u00edculo de Pedro Lopeh que est\u00e1 debajo. Yo no estoy seguro de que merezca la pena, pero de lo que s\u00ed estoy seguro es del criterio de mis compa\u00f1eros de EspaiMarx, much\u00edsimo mejor que el m\u00edo. Por tanto, obedezco. En todo caso, si el lector anda escaso de tiempo, le recomiendo que salte directamente al art\u00edculo de Pedro Lopeh, que puede encontrar debajo:<\/em><\/div>\n<div dir=\"auto\"><\/div>\n<div dir=\"auto\">Conoc\u00eda el art\u00edculo y al autor (un magn\u00edfico acordeonista, dicho sea de paso). De este tema y de las futuras movilizaciones del campo estoy bien informado. Uno de los pocos amigos que me quedan en mi peque\u00f1o pueblo de Extremadura es lo que se puede denominar un \u00abl\u00edder sindical\u00bb que ha tenido el honor de ser invitado a abandonar tres partidos de izquierda y ahora anda metido en una organizaci\u00f3n sindical agr\u00edcola local.<\/div>\n<div dir=\"auto\">El problema es la precarizaci\u00f3n o proletarizaci\u00f3n laboral. Los campesinos, est\u00e1n al borde de la subsistencia. La leche est\u00e1 m\u00e1s barata que el agua. En muchos cultivos, sale m\u00e1s rentable dejarlos pudrir que recogerlos. Durante muchos a\u00f1os se ha intentado compensar esto con el incremento de la productividad con la agroindustria. Pero se ha llegado al l\u00edmite en muchos sectores. Y la \u00abalternativa ecol\u00f3gica\u00bb NO \u00a0es rentable. As\u00ed de claro. Mi amigo est\u00e1 deseando ser ecol\u00f3gico. Pero a largo plazo, no es rentable. La merma de producci\u00f3n no le compensa el aumento de precio por ser ecol\u00f3gico. Eso me ha dicho despu\u00e9s de intentarlo seriamente en varias fincas, durante cinco a\u00f1os. (Otra cosa ser\u00e1 cuando NO QUEDE MAS REMEDIO que ser ecologista, si no hay fertilizantes)<\/div>\n<div dir=\"auto\">Sabe que ASAJA, que es de se\u00f1oritos, que les van a utilizar pol\u00edticamente. Pero es que tienen raz\u00f3n. Y la raz\u00f3n no es de izquierdas ni de derechas, est\u00e1n al borde de la quiebra. La agricultura es muy rentable a gran escala con econom\u00edas de escala. A peque\u00f1a escala, la agroindustria no funciona. Y las \u00absoluciones verdes\u00bb muchas de ellas est\u00e1n muy despegadas de la realidad. Otra an\u00e9cdota: otro conocido intent\u00f3 ser agricultor ecol\u00f3gico con todas sus fuerzas, intentando vender sus productos a Grupos de Consumo (yo form\u00e9 parte de uno). Dur\u00f3 dos a\u00f1os. Y eso que ten\u00eda unas expectativas de nivel de vida muy bajas.<\/div>\n<div dir=\"auto\">El ecologismo lo ha de imponer las crisis econ\u00f3micas. No hay otro camino, desgraciadamente. Se da la paradoja del \u00abbien com\u00fan\u00bb o del \u00abfree rider\u00bb que explico a mis alumnos de econom\u00eda. Nadie est\u00e1 dispuesto a renunciar a su nivel \u00a0de vida, ni de beneficios. Los agricultores del Jerte claman por precios m\u00ednimos, pero luego compran las patatas egipcias, las alcachofas peruanas, o los esp\u00e1rragos chinos en el \u00a0Carrefour. Seg\u00fan se vaya degradando la econom\u00eda, van a ir saltando las costuras sociales. Y se van a caer las caretas de cart\u00f3n \u00abecol\u00f3gicas\u00bb de muchos frente a ba\u00f1os de cruel realidad econ\u00f3mica. No hay otro camino que el camino del dolor, desgraciadamente.<\/div>\n<div dir=\"auto\">Y para no dejar este mal sabor de boca, os dejo un v\u00eddeo de Pedro Lopeh tocando el acorde\u00f3n, que lo hace divinamente. A la hija de mi amigo, le doy clases de acorde\u00f3n los Domingos y luego me quedo charlando con \u00e9l, un minifundista agricultor muy sensato que se ha visto obligado a volver a la vendimia francesa para sobrevivir.<\/div>\n<div dir=\"auto\">Jaime Ramajo Escalera<\/div>\n<div dir=\"auto\"><\/div>\n<div dir=\"auto\">\n<p><iframe loading=\"lazy\" title=\"Pedro L\u00f3peh \/ Suspiros de Espa\u00f1a\" width=\"800\" height=\"450\" src=\"https:\/\/www.youtube.com\/embed\/YXSKP_lH-tk?feature=oembed\" frameborder=\"0\" allow=\"accelerometer; autoplay; clipboard-write; encrypted-media; gyroscope; picture-in-picture; web-share\" referrerpolicy=\"strict-origin-when-cross-origin\" allowfullscreen><\/iframe><\/p>\n<\/div>\n<div dir=\"auto\">\n<div>\n<h1>Sobre el hundimiento de la izquierda en el campo<\/h1>\n<p><em>Somos conscientes de que tenemos que prepararnos para enmendar con humildad multitud de usos y costumbres, pero \u00e9chennos una mano, no nos bombardeen ni nos dejen solos<\/em><\/p>\n<p>El campo se prepara para una temporada de movilizaciones en protesta por los bajos precios de venta y la subida generalizada de costes, circunstancias que ponen en l\u00f3gico peligro la viabilidad de las explotaciones. Algunas agrupaciones extreme\u00f1as han preparado la huelga para este 2 de diciembre y, a partir de ah\u00ed, es previsible que diferentes sindicatos y gremios del campo de todo el pa\u00eds se vayan sumando en fechas posteriores, lo que augura unas navidades trepidantes si tenemos en cuenta que otros sectores tambi\u00e9n prev\u00e9n acciones similares.<\/p>\n<p>Ante el anuncio de los parones campesinos, algunos prebostes de la pol\u00edtica de laboratorio se han lanzado a desacreditar la huelga tach\u00e1ndola de paro patronal, precisi\u00f3n terminol\u00f3gica que vuelve a poner de manifiesto el eterno desprecio de los cient\u00edficos sociales por la gente que pisa la tierra. Que la huelga la convoque ASAJA, falange de peones al servicio de los se\u00f1oritos bajo la apariencia de sindicato, no deber\u00eda cegarnos, sino aumentar nuestra curiosidad pol\u00edtica, porque nos va la vida en ello. Es cierto que estas movilizaciones, orquestadas desde arriba para derrumbar al gobierno, huelen a la t\u00edpica maniobra para soliviantar al personal de cara a elecciones pr\u00f3ximas y son fruto de las eternas querencias golpistas de la derecha ib\u00e9rica, pero lo cierto es que ASAJA est\u00e1 ganando algo parecido a eso que llamamos\u00a0<em>consenso<\/em>\u00a0en las zonas rurales. Que en la cooperativa agraria de un pueblo como el m\u00edo, cuya asamblea la componen dos centenares de peque\u00f1os olivareros sin trabajadores al cargo y con una de las rentas m\u00e1s bajas del pa\u00eds, el seguimiento de la huelga convocada por la derecha vaya a ser del 100% deber\u00eda hacer saltar las alarmas de toda izquierda que aspire a no morir de olvido. Claro que la huelga es ininteligible y disparatada en el terreno de las propuestas concretas, puesto que los mismos que hace tan s\u00f3lo una semana votaron a favor de la PAC (PP, PSOE, Vox y Ciudadanos) dentro de unas horas han llamado a la movilizaci\u00f3n de sus figuras agrarias en contra de ella, puesto que los mismos que votan ultraliberalismo desaforado ma\u00f1ana pedir\u00e1n ambiguas medidas estatales para garantizar precios m\u00ednimos, pero repito, imploro y suplico: pong\u00e1monos a comprender y frenar la sangr\u00eda de (falso) sentido com\u00fan en beneficio de la derecha; una derecha que, para m\u00e1s inri, en los \u00faltimos tiempos hace gala de un dominio nada simb\u00f3lico de la violencia, sensaci\u00f3n terrible que remite a las \u00e9pocas que usted y yo sabemos. Nos estamos jugando el pellejo, el trabajo, el ostracismo y la muerte civil en los pueblos, pero todav\u00eda algunos colegas tienen el valor de venir con displicencia a hablar de paros patronales, cuando no a vendernos con lis\u00e9rgico af\u00e1n que el futuro pasa por convertirnos todos en gu\u00edas de rutas ornitol\u00f3gicas para burguesitos domingueros.<\/p>\n<p>Antes de esbozar algunas razones de nuestra derrota, d\u00e9jenme que les diga a aquellos marxistas con orejeras que, desde hace d\u00e9cadas, el campesino profesional medio no es due\u00f1o de sus medios de producci\u00f3n, puesto que estamos todos endeudados hasta el tu\u00e9tano, sino una suerte de falso aut\u00f3nomo al servicio de bancos, administraciones p\u00fablicas y consumidores. Al igual que los docentes que compran su plaza en una cooperativa, el \u00fanico horizonte pr\u00f3spero del campesino pasa por llegar a la jubilaci\u00f3n con todo pagado y vender su patrimonio agrario a la generaci\u00f3n venidera para disfrutar as\u00ed, quiz\u00e1s, de una jubilaci\u00f3n digna. La diferencia con respecto al docente es que, en el \u00ednterin, cualquier vaiv\u00e9n del mercado, un c\u00e1lculo inexacto de las posibilidades, una serie de malas cosechas encadenadas, una desgracia ambiental tomada con chuler\u00eda por el seguro, una brote epid\u00e9mico o los inescrutables designios de la legislaci\u00f3n te pueden llevar por la calle de la amargura eterna. Yo no dir\u00eda, por tanto, que el campesino es ni siquiera un patr\u00f3n de s\u00ed mismo, pero qu\u00e9 sabe uno a estas alturas, si ya hasta nos dicen que el lobo es un gran aliado de los pastores porque ayuda a controlar las enfermedades del ganado. Aunque hay que reconocer que entre el lobo y el veterinario, muchos preferimos al lobo, pero ese es otro tema.<\/p>\n<p>Creo que huelga decir que las causas de cualquier deriva ideol\u00f3gica en una zona o sector concreto suele obedecer a una multiplicidad de factores complejos. Tratar de describir todos los motivos en un art\u00edculo es una osad\u00eda, as\u00ed que tomen lo que les voy a decir a continuaci\u00f3n como un despotrique personal al abrigo de un foro cibern\u00e9tico en el que nos juntamos personas con ciertas afinidades ideol\u00f3gicas. No se extra\u00f1en si en otro foro me ven esgrimir lo contrario (\u00a1hasta yo he defendido radicalmente al lobo ante la derecha!), pero entre nosotros, como hay confianza, me voy a permitir apuntar hacia algunos temas de cariz cultural que, en mi opini\u00f3n, pueden tener y han tenido efectos devastadores entre aquellos que no tienen tan clara su filiaci\u00f3n pol\u00edtica como este pobre iluso escribiente. En muchos casos, de hecho, el error de la izquierda estriba en una simple cuesti\u00f3n t\u00e1ctica, lo cual se arreglar\u00eda con una miaja de empat\u00eda con los ind\u00edgenas del campo antes de lanzar ciertas consignas maximalistas, pero parece pedir mucho. Resultar\u00eda tan sencillo hacerlo bien, que duele ver el empecinamiento ilustrado en dilapidar el prestigio de la izquierda en el campo.<\/p>\n<blockquote><p>En muchos casos, el error de la izquierda estriba en una simple cuesti\u00f3n t\u00e1ctica, lo cual se arreglar\u00eda con una miaja de empat\u00eda con los ind\u00edgenas del campo<\/p><\/blockquote>\n<p>La gente del campo se siente agraviada, desprovista de toda muestra de cari\u00f1o, pelele al albur de cualquier contingencia y especie amenazada de muerte. Les aseguro que a diario, aun entre gente querida, siento la mirada inquisitorial de aquellos que han abrazado una suerte de nueva moral progresista, escucho desvar\u00edos sobre el sector agroganadero, huelo el tufillo clasista de los que se creen que trabajan con sus neuronas y percibo esa ignorancia terriblemente lacerante del que se aventura a intentar encajar tu forma de vida en sus paradigmas mentales, no al rev\u00e9s. El via crucis puede empezar por la ma\u00f1ana temprano cuando abres tu diario digital favorito y constatas que se ofrece informaci\u00f3n naturalista como informaci\u00f3n rural, con el agravante de que suele ir ligada al establecimiento de un falso manique\u00edsmo. No falla: busquen informaci\u00f3n rural en su medio de referencia y encontrar\u00e1n art\u00edculos sobre el lobo, el lince o la cig\u00fce\u00f1a negra, \u00a1pero pocos sobre los precios del campo y los problemas de sus habitantes! Muchos de esos reportajes son bell\u00edsimos, pero cuando se enfrenta de manera un poco artera al animal en cuesti\u00f3n con el desarrollo tradicional de una actividad agraria, de forma instintiva los indios tendemos a un ejercicio de corporativismo especista que consiste en tener en cuenta las circunstancias y necesidades materiales de los seres humanos. Hasta hace poco eso se conoc\u00eda como empat\u00eda y era una de las soluciones a la maldad en el mundo, pero ahora me temo que est\u00e1 mal visto. Dicho lo cual, el 99% de la informaci\u00f3n noticiable sobre el rural no pasa por los animales salvajes, se lo aseguro, as\u00ed que nos extra\u00f1a y nos duele la asimetr\u00eda a la hora de tratar nuestra realidad. Hagan una secci\u00f3n de naturaleza, otra de gente que vive en el campo y dejen de enfrentarnos de forma peliculera, \u00bfes tan dif\u00edcil de entender? Las ciudades suponen m\u00e1s obst\u00e1culo a la biodiversidad que Villafresno de la Comarca y no veo los art\u00edculos sobre el lince en la secci\u00f3n de urbanismo.<\/p>\n<p>A la par que estas noticias sobre hermosos animales es com\u00fan encontrar comentarios que claman por la poca eficacia de los cuerpos, fuerzas y mafias del Estado ante alguna supuesta agresi\u00f3n al medio ambiente. No s\u00e9 a ustedes, pero a m\u00ed me duele el alma cuando compruebo que el Seprona, los guardias forestales o su cuerpo de mercenarios favorito ha pasado a ser el mejor amigo de esos que se autodenominan ecologistas. Desconozco en qu\u00e9 punto la izquierda ha pasado a ser obscenamente punitiva, pero ha pasado. Cr\u00e9anme si les digo que sobrevivimos a duras penas a una brutal persecuci\u00f3n burocr\u00e1tica, que implica a m\u00faltiples administraciones (desde la local hasta Bruselas), con diferentes legislaciones (muchas veces, absurdas y cambiantes) y una digitalizaci\u00f3n forzosa de muchos tr\u00e1mites, todo lo cual hace que cualquier trabajador del campo pueda ser denunciado en cualquier momento porque incumple alguna normativa, del tipo que sea: ambiental, de tr\u00e1fico, administrativa&#8230; Que en esas circunstancias le demos p\u00e1bulo a los elementos de represi\u00f3n del Estado, siempre tan pulcros a la hora de tratar a los de arriba y tan s\u00e1dicos con los de abajo, es desolador. Usted no sabe, de verdad que no, que por regar un almendro con una garrafita de agua tra\u00edda de casa para que no se seque en verano le pueden encasquetar, en mi comarca, miles euros de multa, porque es un delito contra el medio ambiente. Cuando pasa eso, \u00a1que pasa!, no falla quien grita que les est\u00e1 bien empleado a los que tienen pozos de sondeo sin declarar (ay, el prejuicio\u2026), haciendo caso omiso a los detalles del caso: una garrafa de agua mineral, amigo, no un pozo: observe la realidad antes de describirla, hombre. Aqu\u00ed est\u00e1 prohibido hasta coger pi\u00f1as del campo para encender la estufa, a pesar de que se supone que son grandes propagadoras de los incendios y es convenientes limpiar los suelos, pero si el arbitrio benem\u00e9rito opina que puedes lucrarte con ellas, \u00a1zas!, multa al canto y que viva el medio ambiente. En paralelo a las prohibiciones tenemos los permisos, oh, \u00a1los permisos! Hay que pedir permisos para todo: para mover una oveja, para podar una chaparra que amenaza la pobre con caerse, para quemar el ram\u00f3n de tus olivos, para transportar tus aceitunas, para plantar cualquier tipo de \u00e1rbol\u2026 Es exasperante e imposible de cumplir a rajatabla, por lo que no deber\u00edamos celebrar el arte estatal de fre\u00edrte a sanciones que te arruinan la vida.<\/p>\n<blockquote><p>Llevamos d\u00e9cadas intentado deconstruir el fen\u00f3meno nocivo del turismo sobre el medio y sobre las gentes, pero luego nos lo sirven en la mesa como promesa de futuro<\/p><\/blockquote>\n<p>Si el ecologismo punitivo aliado de la Guardia Civil no fuera suficiente para acabar con la credibilidad de la izquierda en el campo, hay que sumar los efectos del ecologismo m\u00e1gico: ese que propugna que todo metro de campo debe estar protegido y que ello es bueno para los habitantes de las zonas rurales, de hecho, es nuestra \u00fanica v\u00eda de supervivencia. Las zonas ZEPA, ZEC, Reservas de la Biosfera y dem\u00e1s s\u00f3lo son palos en los lomos de la gente humilde, porque suponen una mir\u00edada de tr\u00e1mites y estudios para cualquier min\u00fascula intervenci\u00f3n en tu parcela, cosa que, al final, casi siempre te proh\u00edben. Como dice mi madre, si no nos dejan vivir de nuestra tierra, \u00a1que nos la expropien, que nos paguen por hacer un beneficio al mundo! Pero que no nos proh\u00edban la subsistencia. Actualmente, algunos estamos obligados a dejar corredores naturales en nuestras p\u00edrricas fincas, como si nos sobrara la superficie de cultivo, como si fuera barata comprar m\u00e1s. La pol\u00edtica de protecci\u00f3n de espacios es una de las herramientas m\u00e1s clasistas que se han perpetrado jam\u00e1s en estos lares. \u00bfSaben por qu\u00e9? Porque a las zocas ricas, y no miro a nadie, nunca\u00a0<em>les protegen<\/em>\u00a0nada. Pero aqu\u00ed, suerte que tenemos, nos conminan a ser\u00a0<em>conservados<\/em>. Nos obligan, f\u00edjense lo que les digo, a trabajar sin maquinaria en algunos casos, a podar con serrucho. No nos merecemos el progreso, somos indignos de \u00e9l porque somos\u00a0<em>naturales<\/em>. Extremadura nunca podr\u00e1 dejar de ser una ruina porque est\u00e1 protegida de arriba abajo. Nos han comprado los derechos de emisi\u00f3n de carbono, pero en versi\u00f3n europea, que es m\u00e1s cruel porque implica que tenemos que vivir como en la Edad de Piedra mientras nos visitan los alemanes en todoterrenos blancos para ver buitres negros.<\/p>\n<p>Por si fuera poco partido que remontar, el ecologismo m\u00e1gico se ha empe\u00f1ado en convencernos de que vivir en la prehistoria se compensa con el turismo rural. S\u00ed, s\u00ed, han o\u00eddo bien. Llevamos d\u00e9cadas intentado deconstruir el fen\u00f3meno nocivo del turismo sobre el medio y sobre las gentes, pero luego nos lo sirven en la mesa como promesa de futuro. Tambi\u00e9n se ha empe\u00f1ado en convencernos de todo tipo de proyectos peregrinos que, aun cargados de sentimientos hermosos, no son m\u00e1s que dislates de gente un pel\u00edn desubicada, siendo suaves. Hay art\u00edculos por ah\u00ed, que prefiero no enlazar, en los que defienden que el lobo (nuestro quijote de hoy) puede servir para frenar la despoblaci\u00f3n y dinamizar el entorno rural. En serio, no es broma: es una desfachatez ignominiosa y una falta de respeto descomunal hacia todos los que sudamos la gota gorda para ganarnos el pan en el campo. \u00bfC\u00f3mo carajo va a servir el lobo para fijar poblaci\u00f3n? \u00bfQuer\u00e9is dejar ya la vaina del ecoturismo, os lo pedimos por favor?<\/p>\n<blockquote><p>Entendemos perfectamente las razones de las personas que deciden alimentarse de otra forma y de que compartimos luchas como las que nos enfrentan con las macrogranjas<\/p><\/blockquote>\n<p>Pero la izquierda a\u00fan puede acabar de tirar los puentes que la conectan con el campo, con la realidad de la gente humilde que habita pastos y montes. Lo hace cada vez que olvida que la producci\u00f3n ecol\u00f3gica s\u00f3lo est\u00e1 al alcance de algunos capitales y tierras privilegiadas, as\u00ed que deber\u00eda dejar la mirada enfurru\u00f1ada hacia quien, de momento, no ha podido hacer la transici\u00f3n. Lo hace cada vez que acepta, sin m\u00e1s ni m\u00e1s, que un producto vegetal es menos contaminante que uno c\u00e1rnico, o cuando olvida que en la mayor\u00eda de las fincas hortofrut\u00edcolas de ecol\u00f3gico extensivo se emplea a mano de obra medio esclava, engranaje perverso al que no deber\u00edamos contribuir. Lo hace cada vez que nos niega el derecho antropol\u00f3gico a comer animales que criamos y nos injuria mediante campa\u00f1as manipuladoras y taimadas, a pesar de lo cual entendemos perfectamente las razones de las personas que deciden alimentarse de otra forma y de que compartimos luchas como las que nos enfrentan con las macrogranjas o con el carnivorismo de chulet\u00f3n rojigualdo. Lo hace cada vez que nos ponen como ejemplo de futuro para todo un sector productivo a su primo el inform\u00e1tico que tiene una huerta ecol\u00f3gica con cuatro tomates que vende injustificadamente caros a tres incautos, porque la salvaci\u00f3n individual no tiene por qu\u00e9 servir de modelo para la salvaci\u00f3n colectiva. Y lo hace cada vez que pone otro ladrillo m\u00e1s en la construcci\u00f3n de discursos y teor\u00edas sin considerar la verdadera realidad agraria. Si se fijan, el campesino es el \u00fanico colectivo con el que no se cuenta nunca a la hora de debatir sobre su propio futuro. Cuando la izquierda rupturista quiere hablar de campo suele llamar a un ecologista, como si eso significara algo al respecto de lo que nos ocupa. Se trata de un episodio paranormal que a\u00fan trato de explicarme, honestamente. \u00bfPor qu\u00e9 no llaman a un ecologista y s\u00f3lo a un ecologista cuando hay que hablar sobre el futuro de la metalurgia? \u00bfEs que la industria incide menos en el medio natural que la agricultura? \u00bfPara cu\u00e1ndo un Ministerio de Industria y Medio Ambiente? Yo he visto jornadas sobre agricultura y ganader\u00eda sin campesinos profesionales, se lo juro, s\u00f3lo con aficionados al huerto en el barrio. Me encanta el huerto en el barrio, pero no s\u00e9 si quiero que esa gente marque las directrices de la pol\u00edtica de izquierdas sobre el campo, para qu\u00e9 enga\u00f1arles.<\/p>\n<p>Tantos y tantos errores, fruto de la estulticia, la soberbia, el clasismo o la nula visi\u00f3n t\u00e1ctica son munici\u00f3n potente y gratuita para el enemigo, que no es tonto y nos est\u00e1 barriendo en la batalla cultural del campo. No les hacen falta gur\u00fas maquiav\u00e9licos ni dos neuronas bien puestas para lanzar esl\u00f3ganes como ca\u00f1onazos: \u201cSe moviliza m\u00e1s gente para que no muevan un nido de cig\u00fce\u00f1a de un tejado particular que para frenar un desahucio\u201d. Sabemos que es demagogia barata, pero, por si acaso, no intenten refutar con datos la afirmaci\u00f3n anterior, no vaya a ser que nos llevemos un tremendo chasco.<\/p>\n<\/div>\n<div>Fuente: <em>Ctxt<\/em> (<a href=\"https:\/\/ctxt.es\/es\/20211101\/Firmas\/37996\/agricultura-huelga-asaja-izquierda-ecologismo.htm\">https:\/\/ctxt.es\/es\/20211101\/Firmas\/37996\/agricultura-huelga-asaja-izquierda-ecologismo.htm<\/a>)<\/div>\n<\/div>\n","protected":false},"excerpt":{"rendered":"<p>Mis compa\u00f1eros de EspaiMarx me han pedido que publique este comentario al magn\u00edfico art\u00edculo de Pedro Lopeh que est\u00e1 debajo.<\/p>\n","protected":false},"author":3,"featured_media":10857,"comment_status":"open","ping_status":"open","sticky":false,"template":"","format":"standard","meta":{"footnotes":""},"categories":[1567,3,1564,47,1557],"tags":[1791,1792],"class_list":["post-10856","post","type-post","status-publish","format-standard","has-post-thumbnail","hentry","category-campesinado","category-condiciones-de-vida","category-crisis-ecologica","category-notes-de-lectura-sobre-ecologia-social","category-sociedad","tag-campo","tag-pedro-lopeh"],"aioseo_notices":[],"_links":{"self":[{"href":"https:\/\/espai-marx.net\/index.php?rest_route=\/wp\/v2\/posts\/10856","targetHints":{"allow":["GET"]}}],"collection":[{"href":"https:\/\/espai-marx.net\/index.php?rest_route=\/wp\/v2\/posts"}],"about":[{"href":"https:\/\/espai-marx.net\/index.php?rest_route=\/wp\/v2\/types\/post"}],"author":[{"embeddable":true,"href":"https:\/\/espai-marx.net\/index.php?rest_route=\/wp\/v2\/users\/3"}],"replies":[{"embeddable":true,"href":"https:\/\/espai-marx.net\/index.php?rest_route=%2Fwp%2Fv2%2Fcomments&post=10856"}],"version-history":[{"count":0,"href":"https:\/\/espai-marx.net\/index.php?rest_route=\/wp\/v2\/posts\/10856\/revisions"}],"wp:featuredmedia":[{"embeddable":true,"href":"https:\/\/espai-marx.net\/index.php?rest_route=\/wp\/v2\/media\/10857"}],"wp:attachment":[{"href":"https:\/\/espai-marx.net\/index.php?rest_route=%2Fwp%2Fv2%2Fmedia&parent=10856"}],"wp:term":[{"taxonomy":"category","embeddable":true,"href":"https:\/\/espai-marx.net\/index.php?rest_route=%2Fwp%2Fv2%2Fcategories&post=10856"},{"taxonomy":"post_tag","embeddable":true,"href":"https:\/\/espai-marx.net\/index.php?rest_route=%2Fwp%2Fv2%2Ftags&post=10856"}],"curies":[{"name":"wp","href":"https:\/\/api.w.org\/{rel}","templated":true}]}}