{"id":10878,"date":"2021-12-10T05:00:25","date_gmt":"2021-12-10T04:00:25","guid":{"rendered":"https:\/\/espai-marx.net\/?p=10878"},"modified":"2021-12-10T02:42:20","modified_gmt":"2021-12-10T01:42:20","slug":"recuerdo-de-j-m-valverde-desde-su-tumba","status":"publish","type":"post","link":"https:\/\/espai-marx.net\/?p=10878","title":{"rendered":"Recuerdo de J.M. Valverde desde su tumba"},"content":{"rendered":"<p style=\"text-align: right;\">S\u00f3lo oir\u00e1s mi silencio, como rumor de fuente,<br \/>\ncomo la paz de un lago, creada por tus manos,<br \/>\ntray\u00e9ndote el reflejo de Dios para alabarte.<br \/>\nConfundidas las almas<br \/>\nen las anchas llanuras del silencio, en su noche<br \/>\nsin borde, esperaremos&#8230;<br \/>\n<strong>Jos\u00e9 Mar\u00eda Valverde<\/strong><\/p>\n<p>&nbsp;<\/p>\n<p>Nada literario, nada sobre su variada y rica obra como cr\u00edtico literario, pensador, traductor, historiador de las ideas y la literatura. Ni siquiera como poeta, su faceta primordial y preferida, eclipsada, contra su voluntad y deseo, por sus otras facetas docentes y literarias.<\/p>\n<p>Nuestro recuerdo desde este alto llano numantino, donde reposan sus cenizas junto a las de Pilar, su esposa, es el recuerdo de la persona m\u00e1s \u00edntima, de sus gestos, de sus chistes, de sus confidencias, de sus incertidumbres&#8230;, y de sus miradas, de sus \u00faltimas miradas, las de \u00abla hora de la verdad\u00bb, como \u00e9l sol\u00eda llamar a ese momento al que uno, habi\u00e9ndose despojado de todo lo superfluo, se enfrenta \u00abligero de equipaje, casi desnudo, como los hijos de la mar\u00bb, en palabras de su querido Antonio Machado.<\/p>\n<p>Nada sobre su palabra, sobre la que tanto se ha dicho y escrito. \u00abSe escribe porque no se tiene bastante car\u00e1cter como para no escribir\u00bb, repet\u00eda esta cita de Karl Kraus.<\/p>\n<p>En estas tardes estivales tranquilas y de montes de violeta, divisando desde su tumba los campos de trigo y girasoles que pintan de verde y amarillo los campos sorianos, nos quedamos con sus gestos corporales: su arqueo de cejas y sus largas manos con los que redondeaba sus palabras y transmit\u00eda sus hondas impresiones; sus chistes mil veces contados y que tanto le hubiera gustado recopilar y publicarlos (de forma an\u00f3nima, \u00a1claro!, a\u00f1ad\u00eda); sus confidencias, algunas no exentas de cierta \u00abmaldad\u00bb e ingenioso sarcasmo; sus penetrantes e insondables miradas, que \u2013\u00a1qui\u00e9n sabe!\u2013 tal vez expresaran \u00abeste mundo inefable que adivino, \/ esta revelaci\u00f3n que nunca acierto \/ a expresar, que me aprieta y que me mata\u00bb.<\/p>\n<p>Pero sobre todo nos quedamos con sus silencios \u2013\u00abaspecto sonoro de la nada\u00bb, en \u00abmairenianas\u00bb palabras\u2013, que se hicieron m\u00e1s acusados en los \u00faltimos tiempos (esos tiempos de la \u00abhora de la verdad\u00bb).<\/p>\n<p>Esos silencios tan significativos y, por supuesto, tan intensamente dialogados consigo mismo en ese \u00abYo-que-me-hablo y Yo-que-me-escucho\u00bb. Esos silencios impenetrables de los que apenas alguna vez dejaba escapar alguna pista: \u00abConfiamos \/ en que no ser\u00e1 verdad \/ nada de lo que pensamos\u00bb, repet\u00eda enigm\u00e1ticamente (de nuevo, con palabras de A. Machado) con cierta frecuencia, abriendo as\u00ed un resquicio a la esperanza a sus viejas angustias e incertidumbres de siempre, reflejadas en una estremecedora carta \u2013escrita unos meses antes de su fallecimiento\u2013 a Evangelista Vilanova, monje de Montserrat: \u00abPorque escribiendo y hablando he podido quedar bien, pero siempre he estado en \u201cnoche oscura\u201d (&#8230;) Desde siempre he contado con que llegar\u00eda al final en tinieblas: eso s\u00ed, sin dejar de clamar, de luchar \u2013contra m\u00ed\u2013\u00bb.<\/p>\n<p>Veinticinco a\u00f1os despu\u00e9s de su muerte, sobre su tumba coronada por una elegante, por su sobriedad y sencillez, cruz de hierro de la escultora Carme Riera Dom\u00e8nech, en la soledad y el silencio del cementerio de este peque\u00f1o pueblo de los campos de Soria, que tan bellamente cant\u00f3 su admirado maestro Antonio Machado, el recuerdo de sus silencios y miradas nos sobrecoge y emociona: \u00ab&#8230; prosigan su vivir interrumpido: \/ yo vuelvo a mi silencio sin respuestas\u00bb.<\/p>\n<p>En Hinojosa del Campo (Soria), agosto de 2021<br \/>\n\u00c1ngel Mart\u00ednez Ciriano (yerno de Jos\u00e9 Mar\u00eda Valverde)<\/p>\n<p><a href=\"https:\/\/espai-marx.net\/wp-content\/uploads\/2021\/12\/Tumba-Valverde.png\"><img loading=\"lazy\" decoding=\"async\" class=\"wp-image-10879 aligncenter\" src=\"https:\/\/espai-marx.net\/wp-content\/uploads\/2021\/12\/Tumba-Valverde-768x1024.png\" alt=\"\" width=\"493\" height=\"658\" srcset=\"https:\/\/espai-marx.net\/wp-content\/uploads\/2021\/12\/Tumba-Valverde-768x1024.png 768w, https:\/\/espai-marx.net\/wp-content\/uploads\/2021\/12\/Tumba-Valverde-225x300.png 225w, https:\/\/espai-marx.net\/wp-content\/uploads\/2021\/12\/Tumba-Valverde-1152x1536.png 1152w, https:\/\/espai-marx.net\/wp-content\/uploads\/2021\/12\/Tumba-Valverde-1536x2048.png 1536w, https:\/\/espai-marx.net\/wp-content\/uploads\/2021\/12\/Tumba-Valverde-1320x1760.png 1320w, https:\/\/espai-marx.net\/wp-content\/uploads\/2021\/12\/Tumba-Valverde.png 1773w\" sizes=\"auto, (max-width: 493px) 100vw, 493px\" \/><\/a><\/p>\n","protected":false},"excerpt":{"rendered":"<p>S\u00f3lo oir\u00e1s mi silencio, como rumor de fuente, como la paz de un lago, creada por tus manos, tray\u00e9ndote el<\/p>\n","protected":false},"author":5,"featured_media":10881,"comment_status":"open","ping_status":"open","sticky":false,"template":"","format":"standard","meta":{"footnotes":""},"categories":[19],"tags":[1796],"class_list":["post-10878","post","type-post","status-publish","format-standard","has-post-thumbnail","hentry","category-cultura","tag-jose-maria-valverde"],"aioseo_notices":[],"_links":{"self":[{"href":"https:\/\/espai-marx.net\/index.php?rest_route=\/wp\/v2\/posts\/10878","targetHints":{"allow":["GET"]}}],"collection":[{"href":"https:\/\/espai-marx.net\/index.php?rest_route=\/wp\/v2\/posts"}],"about":[{"href":"https:\/\/espai-marx.net\/index.php?rest_route=\/wp\/v2\/types\/post"}],"author":[{"embeddable":true,"href":"https:\/\/espai-marx.net\/index.php?rest_route=\/wp\/v2\/users\/5"}],"replies":[{"embeddable":true,"href":"https:\/\/espai-marx.net\/index.php?rest_route=%2Fwp%2Fv2%2Fcomments&post=10878"}],"version-history":[{"count":0,"href":"https:\/\/espai-marx.net\/index.php?rest_route=\/wp\/v2\/posts\/10878\/revisions"}],"wp:featuredmedia":[{"embeddable":true,"href":"https:\/\/espai-marx.net\/index.php?rest_route=\/wp\/v2\/media\/10881"}],"wp:attachment":[{"href":"https:\/\/espai-marx.net\/index.php?rest_route=%2Fwp%2Fv2%2Fmedia&parent=10878"}],"wp:term":[{"taxonomy":"category","embeddable":true,"href":"https:\/\/espai-marx.net\/index.php?rest_route=%2Fwp%2Fv2%2Fcategories&post=10878"},{"taxonomy":"post_tag","embeddable":true,"href":"https:\/\/espai-marx.net\/index.php?rest_route=%2Fwp%2Fv2%2Ftags&post=10878"}],"curies":[{"name":"wp","href":"https:\/\/api.w.org\/{rel}","templated":true}]}}