{"id":1095,"date":"2009-03-22T00:00:00","date_gmt":"2009-03-22T00:00:00","guid":{"rendered":"https:\/\/espai-marx.net\/?p=1095"},"modified":"2020-02-23T16:09:49","modified_gmt":"2020-02-23T15:09:49","slug":"tres-preguntas-y-un-interrogante-no-inesencial","status":"publish","type":"post","link":"https:\/\/espai-marx.net\/?p=1095","title":{"rendered":"Tres preguntas (y un interrogante no inesencial)"},"content":{"rendered":"<p>Primera pregunta.<\/p>\n<p>Supongamos que no conocemos detalles pol\u00edticos sobre la composici\u00f3n del govern de la Generalitat ni sobre la conselleria del Interior de ese mismo gobierno. Somos ciudadanos jupiterinos y venimos de visita. Supongamos que sin necesidad de acudir a medios alternativos estamos suficientemente informados de lo ocurrido en Barcelona el mi\u00e9rcoles 18 de marzo de 2009 y que incluso hemos visto algunas im\u00e1genes de lo sucedido, im\u00e1genes que, obvio es decirlo, recordaban los tiempos oscuros de nuestra historia. Por ejemplo, aquellas manifestaciones ciudadanas antifascistas de febrero de 1976 reprimidas por la polic\u00eda del se\u00f1or Mart\u00edn Villa, el presidente de Sogecable y mandam\u00e1s de PRISA.<\/p>\n<p>\u00bfQu\u00e9 es razonable pensar? \u00bfQu\u00e9 deber\u00edamos exigir como ciudadanos informados? \u00bfEs irresponsable, por imprudente, izquierdista o por no tocar realidad, demandar explicaciones claras y dimisiones de responsables pol\u00edticos? \u00bfPuede satisfacernos que el director de los Mossos hable ahora, visto lo visto y sabido lo sabido, de cambiar su protocolo de actuaci\u00f3n? \u00bfPodemos aceptar las disculpas del conseller del Interior quien, al mismo tiempo, ha justificado la intervenci\u00f3n de los Mossos en el desalojo del recinto universitario aunque no sus actuaciones posteriores? \u00bfYa est\u00e1? \u00bfListo para el olvido?<\/p>\n<p>Sin hurgar en la herida. Cuando se le pregunt\u00f3 a Jordi Guillot, entonces, si no recuerdo mal, secretario general de ICV, por la aceptaci\u00f3n de la conselleria del interior de la Generalitat por parte de la coalici\u00f3n ICV-EuiA (uno de los disparates pol\u00edticos mayores que yo tengo en mente), el senador Guillot anunci\u00f3 que la ciudadan\u00eda ver\u00eda con total claridad la diferencia de gesti\u00f3n de una conselleria tan especial por parte de una organizaci\u00f3n de izquierdas. \u00bfEs esto lo que ten\u00edamos que ver? \u00bfD\u00f3nde radica entonces la diferencia derecha-izquierda en este \u00e1mbito? \u00bfQu\u00e9 ha aportado la gesti\u00f3n de ICV-EUiA a la gesti\u00f3n anterior de la se\u00f1ora Tura del PSC-PSOE? \u00bfQu\u00e9 hemos conocidos las torturas y malos tratos practicados en la comisar\u00eda de Les Corts? Tal vez \u00e9ste sea el \u00fanico punto que pueda esgrimirse.<\/p>\n<p>Segunda pregunta.<\/p>\n<p>No hace falta entrar en la batalla pol\u00edtico-cultural de las cifras. Basta haber acudido a la\u00a0 manifestaci\u00f3n del 19 de marzo en Barcelona para afirmar razonable y sosegadamente que ha sido la manifestaci\u00f3n ciudadana, en el \u00e1mbito educativo, m\u00e1s importante de toda la historia de Catalunya. Sin exageraci\u00f3n: clara en sus objetivos vindicativos, con masiva concurrencia, con pancartas y esl\u00f3ganes razonables, con real participaci\u00f3n de los y las manifestantes que no transitaban como paseantes dominicales en un parque. Etc\u00e9tera.<\/p>\n<p>\u00bfY el d\u00eda despu\u00e9s? \u00bfEs necesario que dimita el conseller? No lo har\u00e1 si no se le presiona. Si lo hacen para situar en su lugar alguien que mantenga posiciones y estilos afines, poco se habr\u00e1 avanzado. Lo urgente y necesario a estas alturas: cambios (en plural) en la conselleria, retirada de la nueva Ley de educaci\u00f3n y cambio sustantivo en la pol\u00edtica educativa de la Generalitat: instrucci\u00f3n real del estudiantado, disminuci\u00f3n radical de la ratio en los cursos de la ESO, evitar que las empresas dicten sus deseos y \u00f3rdenes en el \u00e1mbito de los ciclos, extender la formaci\u00f3n cient\u00edfica y c\u00edvica entre todos el estudiantado preuniversitario, reconsideraci\u00f3n -en serio y sin enga\u00f1os- de la financiaci\u00f3n de la escuela privada concertada (especialmente la religiosa). Etc\u00e9tera.<\/p>\n<p>Corolario interrogativo.<\/p>\n<p>El pasado s\u00e1bado 14 de marzo, en una reuni\u00f3n de EUiA en Santa Coloma, el Coordinador General de la organizaci\u00f3n no pareci\u00f3 estar convencido, tras una intervenci\u00f3n en este sentido, de que haya que alterar ni repensar la participaci\u00f3n de EUiA en la coalici\u00f3n ni en su apoyo al gobierno de la Generalitat. Dar\u00e9 un ejemplo de lo que implican estas posiciones pol\u00edticas, un ejemplo entre muchos otros.<\/p>\n<p>El Coordinador general de EUiA realiz\u00f3 reiterados llamamientos a la participaci\u00f3n de los asistentes en la manifestaci\u00f3n de ese mismo s\u00e1bado por la tarde. La convocaban CCOO y UGT, despu\u00e9s de que ambos sindicatos no hayan participado en varias convocatorias contra la crisis. Acudieron a la que ellos convocaron no s\u00f3lo dirigentes del PSC sino incluso cuadros y dirigentes de CiU. \u00a1Dirigentes de CiU se\u00a0 manifestaban, al lado de los sindicatos de trabajadores contra la \u201ccrisis\u201d! No digo que no tuviera aspectos positivos iniciativa. Llamo la atenci\u00f3n sobre algunas de sus aristas m\u00e1s institucionales.<\/p>\n<p>Jordi Miralles no dijo ni una sola palabra en sus intervenciones, acaso por olvido (pero s\u00ed fue as\u00ed es muy significativo), sobre la manifestaci\u00f3n de 19 de marzo, mucho m\u00e1s masiva trat\u00e1ndose, como se ha indicado, de una manifestaci\u00f3n de educadores y educados, con admirables y necesarios apoyos ciudadanos. En esta manifestaci\u00f3n del 19 no hubo ni una sola pancarta, ni una sola, de EUiA. Ni un papel, ni una octavilla. Nada dijimos en la manifestaci\u00f3n de educaci\u00f3n m\u00e1s importante, insisto, que ha habido hasta la fecha en la historia de Catalunya. \u00bfEs razonable? \u00bfAs\u00ed debe actuar una fuerza que se dice anticapitalista y que aplaude formalmente discursos de este tenor?<\/p>\n<p>Tercera pregunta.<\/p>\n<p>ICV e IU han llegado a un acuerdo sobre las elecciones europeas. \u00bfQu\u00e9 acuerdo? Ambas formaciones codecidir\u00e1n \u2013t\u00e9rmino de nueva acu\u00f1aci\u00f3n- y compartir\u00e1n un mismo grupo parlamentario. \u00bfQu\u00e9 grupo? No se sabe. Primeros les elegimos y luego ellos, los elegidos, se re\u00fanen en un \u201c\u00f3rgano mixto de cooperaci\u00f3n\u201d que tomar\u00e1 la decisi\u00f3n valorando los resultados globales de las elecciones. ICV preserva su soberan\u00eda para irse e inscribirse en Los Verdes.\u00a0 Jordi Guillot, vicepresidente de ICV, ha declarado que \u201cEl pacto es satisfactorio y responde a la voluntad de articular un proyecto de izquierdas y ecologista\u201d. Est\u00e1 todo dicho.<\/p>\n<p>M\u00e1s all\u00e1 de supuestas coincidencias program\u00e1ticas -que no son reales en absoluto y, si lo son, es que IU toca suelo o es una \u201cbuena voluntad\u201d organizativa sin restricciones ni l\u00edmites en su ingenuidad-, es obvio que el pacto no responde a esa voluntad de articulaci\u00f3n y que s\u00ed responde en cambio a la fuerza y habilidades negociadoras de ICV y de sus algo serviles aliados (PCC y POR b\u00e1sicamente) en las filas de EUiA. El desvar\u00edo es may\u00fasculo y pasar\u00e1, si pasa, si llega el acuerdo definitivo, a la historia universal del disparate, incluso de la infamia pol\u00edtica.<\/p>\n<p>\u00bfC\u00f3mo es posible pensar que se puede presentar una lista electoral a las elecciones europeas \u2013insisto: europeas, al parlamento europeo- sin decir a la ciudadan\u00eda a qu\u00e9 grupo pol\u00edtico parlamentario se van a incorporar los elegidos?\u00a0 \u00bfC\u00f3mo que un grupo org\u00e1nico mixto decidir\u00e1 en funci\u00f3n de los resultados? La soluci\u00f3n, al ser conjunta, significar\u00eda que o se va al grupo de los Verdes (ambos) o al grupo de la Izquierda europea (ambos tambi\u00e9n aunque no creo en absoluto que ICV tenga intenci\u00f3n de cumplir el pacto suscrito a no ser que est\u00e9 fijado ante notario e incluso en este caso habr\u00eda que verlo). \u00bfDe qu\u00e9 se trata, de qu\u00e9 c\u00e1lculos hablamos? Si en Catalunya ha ido mal y en el resto del Estado, mejor, entonces a la Izquierda europea; si en Catalunya ha ido bien y en el resto de Espa\u00f1a mal, entonces vamos al grupo de Los Verdes. \u00bfEs esto? \u00bfPuede ser esto? Iniciativa, sea cual sea el resultado, jam\u00e1s firmar\u00e1 su incorporaci\u00f3n al grupo de Izquierda europea. El \u00f3rgano mixto jam\u00e1s llegar\u00e1 a un acuerdo en ese caso. ICV s\u00f3lo aceptar\u00e1 su incorporaci\u00f3n, o la de todos los elegidos, a Los Verdes. Es de libro escolar.<\/p>\n<p>\u00bfCabe una sugerencia? \u00bfY si IU pasa de ICV, que pueden ir solitos, verdes, felices y ecologistas de deb\u00f2, en serio\u00a0 (\u00a1qu\u00e9 risa t\u00eda Felisa!) a las elecciones europeas, y atiende en cambio la posibilidad de llegar a acuerdos con otras fuerzas que aspiran a intervenir en el espacio anticapitalista y que tampoco lo van a conseguir, en Espa\u00f1a cuanto menos, si no llegan a acuerdos con otras fuerzas afines?<\/p>\n","protected":false},"excerpt":{"rendered":"<p>TRES PREGUNTAS (Y UN INTERROGANTE NO INESENCIAL)<\/p>\n<p>SALVADOR L\u00d3PEZ ARNAL<\/p>\n<p>\u00a0\u00a0\u00a0\u00a0 Primera pregunta. <\/p>\n<p>Supongamos que no conocemos detalles pol\u00edticos sobre la composici\u00f3n del govern de la Generalitat ni sobre la conselleria del Interior de ese mismo gobierno. Somos ciudadanos jupiterinos y venimos de visita. Supongamos que sin necesidad de acudir a medios alternativos estamos suficientemente informados de lo ocurrido en Barcelona el mi\u00e9rcoles 18 de marzo de 2009 y que incluso hemos visto algunas im\u00e1genes de lo sucedido, im\u00e1genes que, obvio es decirlo, recordaban los tiempos oscuros de nuestra historia. Por ejemplo, aquellas manifestaciones ciudadanas antifascistas de febrero de 1976 reprimidas por la polic\u00eda del se\u00f1or Mart\u00edn Villa, el presidente de Sogecable y mandam\u00e1s de PRISA.<\/p>\n","protected":false},"author":9,"featured_media":0,"comment_status":"open","ping_status":"open","sticky":false,"template":"","format":"standard","meta":{"footnotes":""},"categories":[13],"tags":[],"class_list":["post-1095","post","type-post","status-publish","format-standard","hentry","category-la-izquierda-a-debate"],"aioseo_notices":[],"_links":{"self":[{"href":"https:\/\/espai-marx.net\/index.php?rest_route=\/wp\/v2\/posts\/1095","targetHints":{"allow":["GET"]}}],"collection":[{"href":"https:\/\/espai-marx.net\/index.php?rest_route=\/wp\/v2\/posts"}],"about":[{"href":"https:\/\/espai-marx.net\/index.php?rest_route=\/wp\/v2\/types\/post"}],"author":[{"embeddable":true,"href":"https:\/\/espai-marx.net\/index.php?rest_route=\/wp\/v2\/users\/9"}],"replies":[{"embeddable":true,"href":"https:\/\/espai-marx.net\/index.php?rest_route=%2Fwp%2Fv2%2Fcomments&post=1095"}],"version-history":[{"count":0,"href":"https:\/\/espai-marx.net\/index.php?rest_route=\/wp\/v2\/posts\/1095\/revisions"}],"wp:attachment":[{"href":"https:\/\/espai-marx.net\/index.php?rest_route=%2Fwp%2Fv2%2Fmedia&parent=1095"}],"wp:term":[{"taxonomy":"category","embeddable":true,"href":"https:\/\/espai-marx.net\/index.php?rest_route=%2Fwp%2Fv2%2Fcategories&post=1095"},{"taxonomy":"post_tag","embeddable":true,"href":"https:\/\/espai-marx.net\/index.php?rest_route=%2Fwp%2Fv2%2Ftags&post=1095"}],"curies":[{"name":"wp","href":"https:\/\/api.w.org\/{rel}","templated":true}]}}