{"id":11006,"date":"2022-01-09T05:00:54","date_gmt":"2022-01-09T04:00:54","guid":{"rendered":"https:\/\/espai-marx.net\/?p=11006"},"modified":"2022-01-08T15:57:19","modified_gmt":"2022-01-08T14:57:19","slug":"la-nueva-reforma-laboral-cierra-la-puerta-a-las-kellys","status":"publish","type":"post","link":"https:\/\/espai-marx.net\/?p=11006","title":{"rendered":"La nueva reforma laboral cierra la puerta a \u2018las kellys\u2019"},"content":{"rendered":"<p>Hace tiempo que dej\u00f3 de hablarse de \u00abderogaci\u00f3n\u00bb de la anterior reforma laboral \u2013de la del 2010, firmada por el PSOE, ni siquiera nos acordamos\u2013 pero el acuerdo final deja renuncias en la mesa de negociaci\u00f3n e incumple algunas de las promesas del pacto de gobierno. Es cierto que contiene mejoras, como un intento de reducir la temporalidad de los contratos \u2013aunque el despido sigue saliendo barato\u2013, la prevalencia del convenio del sector sobre el de la empresa \u2013aunque b\u00e1sicamente en cuesti\u00f3n de salarios\u2013 o la recuperaci\u00f3n de la cl\u00e1usula de ultraactividad \u2013muy importante ya que si no hay acuerdo en la negociaci\u00f3n de un nuevo convenio se mantienen las condiciones establecidas en el anterior\u2013. Es decir, hay modificaciones en la actual propuesta que no pueden despreciarse.<\/p>\n<p>Sin embargo, tampoco puede afirmarse \u2013a golpe de argumentario, como si las conquistas sociales pudiesen ganarse con el relato\u2013 que sea un acuerdo hist\u00f3rico de recuperaci\u00f3n de derechos. Hay puntos centrales de la reforma laboral de 2012 que siguen en pie, y que est\u00e1n muy lejos de haber sido derogados. Sabemos que la negociaci\u00f3n se ha hecho en condiciones de enorme presi\u00f3n por parte del sector empresarial, de Bruselas y del mismo PSOE, en la que ha jugado un papel determinante la vicepresidenta Nadia Calvi\u00f1o. Aunque tambi\u00e9n es cierto que se han hecho sin movilizaci\u00f3n sindical y social, cuando era mucho lo que estaba en juego. Aqu\u00ed asistimos a la paradoja de los discursos que llaman a \u00abno movilizarse para no pon\u00e9rselo dif\u00edcil al gobierno\u00bb mientras por otro lado se nos dice que si no se llega m\u00e1s lejos en las reformas \u00abes porque no hay presi\u00f3n social\u00bb.<\/p>\n<p>Hay un punto que resulta especialmente cr\u00edtico y que est\u00e1 pasando desapercibido: c\u00f3mo quedan reguladas las externalizaciones \u2013la actividad de subcontratar\u2013 es clave porque afecta a los colectivos de trabajadores y trabajadoras m\u00e1s precarizados. Subcontratar significa que una empresa \u2013o el Estado\u2013 puede externalizar una parte de su actividad a otra empresa que es quien la lleva a cabo \u2013por ejemplo en servicios de seguridad, limpieza, sector de cuidados, mensajer\u00eda, transporte, log\u00edstica o marketing, pero tambi\u00e9n industriales\u2013. Desde la reforma laboral de 2012 se abri\u00f3 la posibilidad de incluir tareas estructurales de las empresas, es decir, aquellas troncales para su funcionamiento, cuando antes no estaba permitido. Por ejemplo, anteriormente los hoteles pod\u00edan subcontratar el mantenimiento de los ascensores, pero no el de limpieza de habitaciones, que es una actividad estructural para la empresa, y en cambio despu\u00e9s de la reforma laboral del PP s\u00ed. Estas externalizaciones cada vez son m\u00e1s comunes y se han impuesto de forma acelerada en numerosas actividades. Esto en la pr\u00e1ctica ha supuesto un empeoramiento generalizado de las condiciones laborales y un aumento de la precariedad, sobre todo porque las empresas multiservicios pod\u00edan aplicar su propio convenio \u2013negociado sin garant\u00edas muchas veces\u2013 o el de su sector de actividad, en vez del que se aplicar\u00eda en la empresa principal que subcontrata. Esto implic\u00f3, por ejemplo, que a las camareras de pisos \u2013<em>las kellys<\/em>\u2013 externalizadas de los hoteles se les aplicara un convenio de la empresa multiservicios que las contrataba, o el de limpieza, en lugar del de hosteler\u00eda, cuando ellas segu\u00edan haciendo un trabajo troncal para el funcionamiento del hotel.<\/p>\n<p>En los \u00faltimos tiempos, su movilizaci\u00f3n se volvi\u00f3 paradigm\u00e1tica y se convirtieron en emblema pol\u00edtico de esta lucha contra la precariedad. La externalizaci\u00f3n de su trabajo a trav\u00e9s de estas subcontratas\u00a0<a href=\"https:\/\/ctxt.es\/es\/20200203\/Politica\/31051\/feminismo-mujeres-reforma-laboral-kellys-precariedad-8m-nuria-alabao.htm\" target=\"_blank\" rel=\"noopener\">implicaba para ellas reducciones important\u00edsimas de salarios \u2013hasta un 40%\u2013 y p\u00e9rdida de derechos en todos los aspectos de su actividad<\/a>. Todo el mundo se tom\u00f3 fotos con ellas, y se las ensalz\u00f3 tanto que hasta en ocasiones se lleg\u00f3 a sustituir su propia voz. Hoy ni siquiera est\u00e1n recibiendo una explicaci\u00f3n clara de c\u00f3mo van a quedar su situaci\u00f3n ni por qu\u00e9 no se ha modificado sustancialmente\u00a0<a href=\"https:\/\/www.albasud.org\/publicacion\/es\/74\/externalizacion-del-trabajo-en-hoteles-impactos-en-los-departamentos-de-pisos\" target=\"_blank\" rel=\"noopener\">una din\u00e1mica laboral que ha sido traum\u00e1tica para el colectivo y en la que se han dejado la salud<\/a>.<\/p>\n<p>Acabar con la precariedad en las subcontrataciones fue un punto importante de la actual propuesta de reforma. Los sindicatos quer\u00edan garantizar que las condiciones laborales de las subcontratas fuesen las mismas que las de la empresa que externaliza \u2013salarios, pero tambi\u00e9n prevenci\u00f3n de riesgos laborales, el tiempo de trabajo y las pausas, igualdad de g\u00e9nero, etc\u00e9tera\u2013. Es decir, que se aplicasen los convenios del sector de la empresa que externaliza.\u00a0<a href=\"https:\/\/www.expansion.com\/economia\/2020\/02\/21\/5e4efaa1e5fdea57398b45f5.html\" target=\"_blank\" rel=\"noopener\">La CEOE dijo que esto era una l\u00ednea roja<\/a>, \u00abporque se carga un modelo econ\u00f3mico\u00bb con el que funcionan muchas de las empresas. Esta propuesta se abandon\u00f3 y, aunque el redactado del art\u00edculo 42 sobre subcontrataci\u00f3n de obras y servicios en el actual acuerdo no es claro, puede interpretarse que el convenio de aplicaci\u00f3n para la empresa subcontratada ser\u00e1 el de su sector de actividad, no el de la empresa principal \u2013la que externaliza\u2013, como demandaban los sindicatos en la mesa de negociaci\u00f3n. En este punto se dice:<\/p>\n<p style=\"padding-left: 80px;\">\u00ab6. El convenio colectivo de aplicaci\u00f3n para las empresas contratistas y subcontratistas ser\u00e1 el del sector de la actividad desarrollada en la contrata o subcontrata, con independencia de su objeto social o forma jur\u00eddica, salvo que exista otro convenio sectorial aplicable conforme a lo dispuesto en el T\u00edtulo III. No obstante, cuando la empresa contratista o subcontratista cuente con un convenio propio, se aplicar\u00e1 este en los t\u00e9rminos que resulten del art\u00edculo 84.\u00bb<\/p>\n<p>Por lo tanto, se mantiene la posibilidad de que, por ejemplo, a las camareras de piso se les aplique el convenio colectivo de limpieza, que ser\u00eda el de la empresa multiservicios en la que est\u00e9n contratadas, y no el de hosteler\u00eda, que es al que est\u00e1 vinculada la empresa principal, y por tanto tengan condiciones de empleo sustancialmente peores. Es cierto que se reduce la posibilidad de que el convenio de referencia pueda ser el propio de esa empresa subcontratada, pero eso no evita que el problema contin\u00fae existiendo.<\/p>\n<p>Durante la negociaci\u00f3n, los empresarios se negaron a aceptar la demanda sindical de poner con claridad que el convenio de aplicaci\u00f3n de la subcontrata tuviera que ser el de la empresa principal. Esto en hosteler\u00eda es fundamental \u2013tambi\u00e9n en muchos otros sectores\u2013, porque de esta manera pueden externalizar una parte fundamental de sus plantillas que realizan tareas estructurales como forma de reducir costes salariales con trabajadores que estar\u00e1n en condiciones mucho peores, como ha sucedido en el caso de <em>las kellys<\/em>. Estar en un convenio de limpieza en lugar de uno de hosteler\u00eda puede suponer cobrar 200 euros mensuales menos \u2013en jornada completa\u2013, y la p\u00e9rdida de una serie derechos adquiridos en el sector de hosteler\u00eda.<\/p>\n<p>Otro problema a\u00f1adido, que bloquea otras v\u00edas de mejora de las condiciones laborales de trabajadoras y trabajadores externalizados, es que en la negociaci\u00f3n de la renovaci\u00f3n del\u00a0<a href=\"blank\" target=\"_blank\" rel=\"noopener\">V Acuerdo Laboral Estatal de Hosteler\u00eda<\/a>\u00a0(ALEH), que tras su pr\u00f3rroga termina el 31 de diciembre de este a\u00f1o, y que regula todas las materias que empresariado y sindicatos quieran negociar con \u00e1mbito estatal sin que puedan ser abordados ya en los distintos convenios territoriales, como las calificaciones profesionales o los per\u00edodos de pruebas, por poner un ejemplo, est\u00e1 tambi\u00e9n en suspenso. Ah\u00ed, la patronal se ha negado tambi\u00e9n a asumir ning\u00fan tipo de regulaci\u00f3n que indique que a los trabajadores y trabajadoras de las empresas subcontratadas se les deban aplicar las condiciones del convenio sectorial de hosteler\u00eda seg\u00fan los grupos profesionales que corresponda.<\/p>\n<p>Hay otra cuesti\u00f3n que no se hubiese solucionado ni siquiera con la equiparaci\u00f3n de convenios. Los sindicatos suelen decir que si se equiparan las condiciones entre empresa y la subcontrata la externalizaci\u00f3n dejar\u00eda de ser atractiva, pero lo m\u00e1s probable es que las empresas hoteleras continuar\u00edan subcontratando tareas estructurales. Esto es as\u00ed porque les ahorran costes de gesti\u00f3n, solo tienen que pagar por tarea encargada a la subcontrata, reduciendo el impacto de las oscilaciones en la demanda de ocupaci\u00f3n en los hoteles, y mantienen divididas a las plantillas. Pero, a su vez, permite que sus costes laborales pasen de fijos a variables, y esto, en tiempos de financiarizaci\u00f3n creciente, lo convierte en un recurso muy atractivo para captar financiaci\u00f3n.<\/p>\n<p>Lo grave de la situaci\u00f3n es que si se aprueba as\u00ed la reforma laboral se legitima y consolida para el futuro \u2013ahora s\u00ed con el benepl\u00e1cito sindical y de un gobierno progresista\u2013 un modelo laboral basado en la externalizaci\u00f3n. Por tanto, la segmentaci\u00f3n y precarizaci\u00f3n de amplios colectivos de trabajadores y trabajadoras que desempe\u00f1an tareas estructurales en las empresas. La externalizaci\u00f3n de tareas estructurales deber\u00eda de haberse prohibido. No es un capricho. Su extensi\u00f3n con la reforma laboral de 2012 provoc\u00f3 un desastre social. La vida de miles de personas, y en especial de mujeres trabajadoras y personas migrantes que ocupan los sectores m\u00e1s precarios, es lo que est\u00e1 en juego. No es admisible.<\/p>\n<p>En lugar de intentar imponer un determinado relato triunfalista, se agradecer\u00eda un balance de logros y l\u00edmites m\u00e1s sincero por parte de Unidas Podemos y los sindicatos, donde se explique por qu\u00e9 no se ha podido llegar m\u00e1s lejos en vez de presentarlo como la gran victoria de la clase trabajadora. Todav\u00eda queda el tr\u00e1mite parlamentario, esperemos que en el Congreso se puedan decir las cosas m\u00e1s claras, que se hable de externalizaciones, y tratar a los y las ciudadanas como adultas. Quiz\u00e1s intentar modificar lo que a\u00fan es posible cambiar, pero, por favor, sin vendernos motos. Nos jugamos las condiciones de vida de una parte importante de los y las trabajadoras.<\/p>\n<p>Fuente: <em>Ctxt<\/em> (<a href=\"https:\/\/ctxt.es\/es\/20211201\/Politica\/38247\/Nuria-Alabao-Ernest-Canada-reforma-laboral-precariedad-kellys-convenio.htm\">https:\/\/ctxt.es\/es\/20211201\/Politica\/38247\/Nuria-Alabao-Ernest-Canada-reforma-laboral-precariedad-kellys-convenio.htm<\/a>)<\/p>\n","protected":false},"excerpt":{"rendered":"<p>Hace tiempo que dej\u00f3 de hablarse de \u00abderogaci\u00f3n\u00bb de la anterior reforma laboral \u2013de la del 2010, firmada por el<\/p>\n","protected":false},"author":5,"featured_media":11007,"comment_status":"open","ping_status":"open","sticky":false,"template":"","format":"standard","meta":{"footnotes":""},"categories":[3,44,1560],"tags":[],"class_list":["post-11006","post","type-post","status-publish","format-standard","has-post-thumbnail","hentry","category-condiciones-de-vida","category-economia","category-trabajo"],"aioseo_notices":[],"_links":{"self":[{"href":"https:\/\/espai-marx.net\/index.php?rest_route=\/wp\/v2\/posts\/11006","targetHints":{"allow":["GET"]}}],"collection":[{"href":"https:\/\/espai-marx.net\/index.php?rest_route=\/wp\/v2\/posts"}],"about":[{"href":"https:\/\/espai-marx.net\/index.php?rest_route=\/wp\/v2\/types\/post"}],"author":[{"embeddable":true,"href":"https:\/\/espai-marx.net\/index.php?rest_route=\/wp\/v2\/users\/5"}],"replies":[{"embeddable":true,"href":"https:\/\/espai-marx.net\/index.php?rest_route=%2Fwp%2Fv2%2Fcomments&post=11006"}],"version-history":[{"count":0,"href":"https:\/\/espai-marx.net\/index.php?rest_route=\/wp\/v2\/posts\/11006\/revisions"}],"wp:featuredmedia":[{"embeddable":true,"href":"https:\/\/espai-marx.net\/index.php?rest_route=\/wp\/v2\/media\/11007"}],"wp:attachment":[{"href":"https:\/\/espai-marx.net\/index.php?rest_route=%2Fwp%2Fv2%2Fmedia&parent=11006"}],"wp:term":[{"taxonomy":"category","embeddable":true,"href":"https:\/\/espai-marx.net\/index.php?rest_route=%2Fwp%2Fv2%2Fcategories&post=11006"},{"taxonomy":"post_tag","embeddable":true,"href":"https:\/\/espai-marx.net\/index.php?rest_route=%2Fwp%2Fv2%2Ftags&post=11006"}],"curies":[{"name":"wp","href":"https:\/\/api.w.org\/{rel}","templated":true}]}}