{"id":11034,"date":"2022-01-15T05:00:49","date_gmt":"2022-01-15T04:00:49","guid":{"rendered":"https:\/\/espai-marx.net\/?p=11034"},"modified":"2022-01-14T19:16:31","modified_gmt":"2022-01-14T18:16:31","slug":"la-actualidad-de-nicholas-georgescu-roegen-la-ley-de-la-entropia-y-el-proceso-economico-cincuenta-anos-despues","status":"publish","type":"post","link":"https:\/\/espai-marx.net\/?p=11034","title":{"rendered":"La actualidad de Nicholas Georgescu-Roegen: La ley de la entrop\u00eda y el proceso econ\u00f3mico cincuenta a\u00f1os despu\u00e9s"},"content":{"rendered":"<p><a href=\"https:\/\/espai-marx.net\/wp-content\/uploads\/2022\/01\/poster-NGR-conjunto-cuatro-jornadas_page-0001-scaled.jpg\"><img loading=\"lazy\" decoding=\"async\" class=\"wp-image-11035 alignleft\" src=\"https:\/\/espai-marx.net\/wp-content\/uploads\/2022\/01\/poster-NGR-conjunto-cuatro-jornadas_page-0001-724x1024.jpg\" alt=\"\" width=\"419\" height=\"593\" srcset=\"https:\/\/espai-marx.net\/wp-content\/uploads\/2022\/01\/poster-NGR-conjunto-cuatro-jornadas_page-0001-724x1024.jpg 724w, https:\/\/espai-marx.net\/wp-content\/uploads\/2022\/01\/poster-NGR-conjunto-cuatro-jornadas_page-0001-212x300.jpg 212w, https:\/\/espai-marx.net\/wp-content\/uploads\/2022\/01\/poster-NGR-conjunto-cuatro-jornadas_page-0001-768x1086.jpg 768w, https:\/\/espai-marx.net\/wp-content\/uploads\/2022\/01\/poster-NGR-conjunto-cuatro-jornadas_page-0001-1086x1536.jpg 1086w, https:\/\/espai-marx.net\/wp-content\/uploads\/2022\/01\/poster-NGR-conjunto-cuatro-jornadas_page-0001-1448x2048.jpg 1448w, https:\/\/espai-marx.net\/wp-content\/uploads\/2022\/01\/poster-NGR-conjunto-cuatro-jornadas_page-0001-1320x1867.jpg 1320w, https:\/\/espai-marx.net\/wp-content\/uploads\/2022\/01\/poster-NGR-conjunto-cuatro-jornadas_page-0001-scaled.jpg 1810w\" sizes=\"auto, (max-width: 419px) 100vw, 419px\" \/><\/a>En 2021 se cumplieron cincuenta a\u00f1os de la publicaci\u00f3n de un libro fundamental: <em>La ley de la entrop\u00eda y el proceso econ\u00f3mico<\/em>, de Nicholas Georgescu-Roegen, contribuy\u00f3 decisivamente a una nueva perspectiva en el an\u00e1lisis de los fen\u00f3menos econ\u00f3micos: lo que \u00e9l llam\u00f3 bioeconom\u00eda y luego se ha desarrollado como econom\u00eda ecol\u00f3gica. En la Fundaci\u00f3n C\u00e9sar Manrique se puede <a href=\"http:\/\/www.fcmanrique.org\/recursos\/publicacion\/4cd925691%20pp.la%20ley%20de%20la%20entropia%20y%20el%20proceso%20economico.pdf\">descargar gratuitamente<\/a> una traducci\u00f3n al espa\u00f1ol de esta importante obra.<\/p>\n<p>Con motivo de esta efem\u00e9ride se organiz\u00f3 <em>TEL+50\/ Lecturas transdisciplinares,<\/em> una serie de cuatro jornadas en cuatro diferentes sedes\u00a0 en las que se analiz\u00f3, evalu\u00f3 y difundi\u00f3 el legado del gran economista rumano afincado en EEUU. Fue en Madrid, el 19 y 20 de octubre, en el C\u00edrculo de Bellas Artes. En Valencia, el 26 y 27 de octubre, en La Nau. En Zaragoza, el 2 y 3 de noviembre, en la Facultad de Econom\u00eda y Empresa de la Universidad de Zaragoza. Y en Bilbao, 9 y 10 de noviembre, en la Facultad de CC. Econ\u00f3micas de la UPV\/ EHU.<\/p>\n<p>&nbsp;<\/p>\n<p>Ofrecemos a continuaci\u00f3n las grabaciones de tres de estas jornadas. La de Zaragoza, con las intervenciones de Carmen Marcuello, Mauro Bonaiuti, \u00d3scar Carpintero, Antonio Valero y Lina G\u00e1lvez Mu\u00f1oz no parece que se haya publicado.<\/p>\n<p>Las grabaciones de las primeras jornadas, en Madrid, se encuentran en <a href=\"https:\/\/www.circulobellasartes.com\/humanidades\/tel50-lecturas-transdisciplinares\/\">la p\u00e1gina del C\u00edrculo de Bellas Artes<\/a>, donde se celebraron.<\/p>\n<p>En la primera grabaci\u00f3n de la primera sesi\u00f3n, el 19 de octubre de 2021, intervienen en su primera parte Jacques Grinevald y Emilio Santiago Mui\u00f1o:<\/p>\n<p><iframe loading=\"lazy\" title=\"TEL+50\/ Lecturas transdisciplinares con Jacques Grinevald, Emilio Santiago Mu\u00ed\u00f1o\" width=\"800\" height=\"450\" src=\"https:\/\/www.youtube.com\/embed\/7UiLAmD4wWI?feature=oembed\" frameborder=\"0\" allow=\"accelerometer; autoplay; clipboard-write; encrypted-media; gyroscope; picture-in-picture; web-share\" referrerpolicy=\"strict-origin-when-cross-origin\" allowfullscreen><\/iframe><\/p>\n<p>La segunda parte de esta primera sesi\u00f3n se corresponde a la intervenci\u00f3n de Jaime Vindel:<\/p>\n<p><iframe loading=\"lazy\" title=\"TEL+50\/ Lecturas transdisciplinares con Jaime Vindel\" width=\"800\" height=\"450\" src=\"https:\/\/www.youtube.com\/embed\/Ar4V4wXXmC8?feature=oembed\" frameborder=\"0\" allow=\"accelerometer; autoplay; clipboard-write; encrypted-media; gyroscope; picture-in-picture; web-share\" referrerpolicy=\"strict-origin-when-cross-origin\" allowfullscreen><\/iframe><\/p>\n<p>En la segunda sesi\u00f3n, el 20 de octubre de 2021, intervinieron Jos\u00e9 Manuel Naredo, Margarita Mediavilla y Luis Arenas:<\/p>\n<p><iframe loading=\"lazy\" title=\"TEL+50\/ Lecturas transdisciplinares: Jos\u00e9 Manuel Naredo, Margarita Mediavilla, Luis Arenas\" width=\"800\" height=\"450\" src=\"https:\/\/www.youtube.com\/embed\/sEg4pedDLvQ?feature=oembed\" frameborder=\"0\" allow=\"accelerometer; autoplay; clipboard-write; encrypted-media; gyroscope; picture-in-picture; web-share\" referrerpolicy=\"strict-origin-when-cross-origin\" allowfullscreen><\/iframe><\/p>\n<p>En las jornadas de Valencia, el 26 y 27 de octubre, intervinieron Joan Mart\u00ednez Alier y Jorge Riechmann en la primera sesi\u00f3n:<\/p>\n<p><iframe loading=\"lazy\" title=\"50\u00e8 aniversari de la publicaci\u00f3 del llibre &quot;The Entropy Law and the Economic Process&quot;\" width=\"800\" height=\"450\" src=\"https:\/\/www.youtube.com\/embed\/NRAni1wgeSo?feature=oembed\" frameborder=\"0\" allow=\"accelerometer; autoplay; clipboard-write; encrypted-media; gyroscope; picture-in-picture; web-share\" referrerpolicy=\"strict-origin-when-cross-origin\" allowfullscreen><\/iframe><\/p>\n<p>Y Mathilde Szuba y Ernest Garc\u00eda en la segunda:<\/p>\n<p><iframe loading=\"lazy\" title=\"50\u00e8 aniversari de la publicaci\u00f3 del llibre &quot;The Entropy Law and the Economic Process&quot; II\" width=\"800\" height=\"450\" src=\"https:\/\/www.youtube.com\/embed\/uu_62-fvrRg?feature=oembed\" frameborder=\"0\" allow=\"accelerometer; autoplay; clipboard-write; encrypted-media; gyroscope; picture-in-picture; web-share\" referrerpolicy=\"strict-origin-when-cross-origin\" allowfullscreen><\/iframe><\/p>\n<p>Las siguientes jornadas fueron las de Zaragoza, el 2 y 3 de noviembre, de las que, como coment\u00e1bamos, no hemos podido encontrar las grabaciones.<\/p>\n<p>Y por \u00faltimo,\u00a0 el 9 y 10 de noviembre, se celebraron en Bilbao las \u00faltimas, con las intervenciones de Jos\u00e9 Manuel Naredo, Adri\u00e1n Almaz\u00e1n, Alicia Valero, Joan Mart\u00ednez Alier, Mirene Begiristain e I\u00f1aki B\u00e1rcena:<\/p>\n<p><iframe loading=\"lazy\" title=\"Nicholas Georgescu.mp4\" src=\"https:\/\/player.vimeo.com\/video\/650791622?dnt=1&amp;app_id=122963\" width=\"800\" height=\"450\" frameborder=\"0\" allow=\"autoplay; fullscreen; picture-in-picture; clipboard-write\"><\/iframe><\/p>\n","protected":false},"excerpt":{"rendered":"<p>En 2021 se cumplieron cincuenta a\u00f1os de la publicaci\u00f3n de un libro fundamental: La ley de la entrop\u00eda y el<\/p>\n","protected":false},"author":5,"featured_media":0,"comment_status":"open","ping_status":"open","sticky":false,"template":"","format":"standard","meta":{"footnotes":""},"categories":[1563,44,833],"tags":[1805,1351],"class_list":["post-11034","post","type-post","status-publish","format-standard","hentry","category-crisis-ecosocial","category-economia","category-videos","tag-la-ley-de-la-entropia-y-el-proceso-economico-cincuenta-anos-despues","tag-nicholas-georgescu-roegen"],"aioseo_notices":[],"_links":{"self":[{"href":"https:\/\/espai-marx.net\/index.php?rest_route=\/wp\/v2\/posts\/11034","targetHints":{"allow":["GET"]}}],"collection":[{"href":"https:\/\/espai-marx.net\/index.php?rest_route=\/wp\/v2\/posts"}],"about":[{"href":"https:\/\/espai-marx.net\/index.php?rest_route=\/wp\/v2\/types\/post"}],"author":[{"embeddable":true,"href":"https:\/\/espai-marx.net\/index.php?rest_route=\/wp\/v2\/users\/5"}],"replies":[{"embeddable":true,"href":"https:\/\/espai-marx.net\/index.php?rest_route=%2Fwp%2Fv2%2Fcomments&post=11034"}],"version-history":[{"count":0,"href":"https:\/\/espai-marx.net\/index.php?rest_route=\/wp\/v2\/posts\/11034\/revisions"}],"wp:attachment":[{"href":"https:\/\/espai-marx.net\/index.php?rest_route=%2Fwp%2Fv2%2Fmedia&parent=11034"}],"wp:term":[{"taxonomy":"category","embeddable":true,"href":"https:\/\/espai-marx.net\/index.php?rest_route=%2Fwp%2Fv2%2Fcategories&post=11034"},{"taxonomy":"post_tag","embeddable":true,"href":"https:\/\/espai-marx.net\/index.php?rest_route=%2Fwp%2Fv2%2Ftags&post=11034"}],"curies":[{"name":"wp","href":"https:\/\/api.w.org\/{rel}","templated":true}]}}