{"id":11072,"date":"2022-01-25T05:00:18","date_gmt":"2022-01-25T04:00:18","guid":{"rendered":"https:\/\/espai-marx.net\/?p=11072"},"modified":"2022-01-24T15:16:01","modified_gmt":"2022-01-24T14:16:01","slug":"la-histeria-porcina-y-el-gobierno-cinico-ambiental","status":"publish","type":"post","link":"https:\/\/espai-marx.net\/?p=11072","title":{"rendered":"La histeria porcina y el Gobierno c\u00ednico-ambiental"},"content":{"rendered":"<div class=\"col-md-9\">\n<div class=\"contenido\">\n<p>Gracias a la sinceridad del ministro de Consumo, Alberto Garz\u00f3n, excepcional en la historia del Consejo de Ministros, va elev\u00e1ndose el tono de la pol\u00e9mica sobre la espantosa invasi\u00f3n de nuestros campos por macrogranjas de porcino y ovino. Una pol\u00e9mica que ha sido levantada por las organizaciones civiles\u00a0\u2015ecologistas, plataformas populares\u2015 ante el silencio de la mayor parte de los partidos, las administraciones y los medios de comunicaci\u00f3n. Un debate que pone en solfa un modelo agrario enloquecido por una productividad obsesiva de patente industrialista, que envenena nuestros campos y aguas con una agricultura y una ganader\u00eda intensivas, t\u00f3xicas e insalubres. Un agro insostenible al que pretende sostener un Gobierno antiecol\u00f3gico, un empresariado codicioso y unos sindicatos agrarios enemigos del campo y de la vida.<\/p>\n<p>Como en la anterior expresi\u00f3n de responsabilidad del ministro de Consumo, cuando el rid\u00edculo \u00abesc\u00e1ndalo del chulet\u00f3n\u00bb, el Gobierno al que pertenece ha desautorizado sus palabras cediendo a la presi\u00f3n del sector. El Gobierno de Pedro S\u00e1nchez somete su pretendida sensibilidad ecol\u00f3gica a los grandes intereses econ\u00f3micos, llevado por la agresividad ambiental que lleva aparejado el actuar siempre por el corto plazo, sin atender a un futuro que, globalmente, se perfila catastr\u00f3fico. Y as\u00ed, cre\u00f3 un Ministerio para la Transici\u00f3n Ecol\u00f3gica y el Reto Demogr\u00e1fico (MITECO) sin la menor filosof\u00eda b\u00e1sica para afrontar ambos objetivos y poniendo al frente del mismo a una bur\u00f3crata, Teresa Ribera, extra\u00edda del mundo de las organizaciones internacionales, bien conocidas por su doblez ambiental. De ah\u00ed que consienta esta oleada de granjas masivas e intensivas a sabiendas de que sus exigencias en recursos y la contaminaci\u00f3n que producen, van contra los acu\u00edferos en gran medida sobreexplotados y envenenados por los nitratos de origen ganadero; y que se muestre incapaz de reconocer que la agroindustria y las econom\u00edas de escala en el campo expulsan directa y ferozmente gente del medio rural.<\/p>\n<p>Aunque el MITECO procure no entrar en esta pol\u00e9mica, consintiendo la tropel\u00eda mientras trata de disimular unos objetivos falsificados, el otro Ministerio de esta farsa antiecol\u00f3gica, el de Agricultura, es el que se encarga de presentar, y representar, el frente de la algarada y de la necedad, exigiendo al ministro Garz\u00f3n que renuncie al tratamiento cient\u00edfico, ecol\u00f3gico, sanitario y pol\u00edtico del asunto. \u00abQue nadie me toque a mis agricultores y ganaderos\u00bb, dec\u00eda el ministro Luis Planas, un tecn\u00f3crata educado en la perniciosa pol\u00edtica agraria comunitaria y c\u00f3modamente instalado en la filosof\u00eda abusiva del sector, cuando estall\u00f3 la divertida \u00abcrisis del solomillo\u00bb, asumiendo personalmente la cr\u00edtica a Garz\u00f3n.<\/p>\n<p>Se trata de ministros que no quieren afrontar el n\u00facleo ideol\u00f3gico del problema, que no es otro que el liberalismo que profesan (que subyace a un socialismo degradado, est\u00e9ril y complaciente) es intr\u00ednsecamente incompatible con cualquier pol\u00edtica ambiental sincera, que pretenda salvaguardar los recursos naturales b\u00e1sicos. Las ministras Portavoz y de Educaci\u00f3n tambi\u00e9n han demostrado \u2015tratando de aislar las opiniones de Garz\u00f3n\u2015 que la parte socialista del actual Gobierno se r\u00ede de esa sostenibilidad con la que dicen, una y otra vez, sentirse comprometidos ante el pa\u00eds y la comunidad internacional.<\/p>\n<p>Otros destacados socialistas, que tambi\u00e9n se han sentido ofendidos por las verdades como pu\u00f1os del ministro de Consumo, confirman la banalidad de sus posiciones y la estrechez de su perspectiva: el castellano-manchego Garc\u00eda Page, porque parece no haberse enterado de que su propio gobierno auton\u00f3mico ha decretado una moratoria para las granjas porcinas en su regi\u00f3n, reconociendo estar ante un serio desatino; y el aragon\u00e9s Lamb\u00e1n porque no parece sentirse afectado por la alarmante situaci\u00f3n de los acu\u00edferos (sobreexplotados y contaminados) en pr\u00e1cticamente toda la Cuenca del Ebro. La actitud de Garz\u00f3n \u2015unas declaraciones al diario brit\u00e1nico <i>The Guardian<\/i>\u2015 resulta muy oportuna, tambi\u00e9n, como secuencia a relacionar con la vergonzante coalici\u00f3n que, en torno al PSOE y constituida por el PP, Ciudadanos y Vox, rechaz\u00f3 hace dos meses la moratoria propuesta por IU-Podemos sobre estas granjas estabuladas, pese a que alud\u00eda solamente al caso de los proyectos a ubicar sobre acu\u00edferos sobreexplotados.<\/p>\n<p>De todas formas, la primera reacci\u00f3n contra Garz\u00f3n ha provenido, de nuevo y con el mismo tono brutal, ignorante e intimidatorio, de varios sindicatos agrarios \u2015ASAJA y UPA, destacadamente\u2015, que hace a\u00f1os vienen demostrando su desarraigo del campo al que esquilman, su permanente traici\u00f3n a la sabidur\u00eda y la prudencia de la cultura campesina y su obsesi\u00f3n por una productividad que \u2015como saben muy bien\u2015 s\u00f3lo la consiguen machacando el medio ambiente y eludiendo asumir el inmenso coste econ\u00f3mico del impacto ecol\u00f3gico que infligen a la naturaleza com\u00fan; porque cumplir con esa obligaci\u00f3n les alejar\u00eda radicalmente de cualquier rentabilidad. No parecen captar estas organizaciones (que nada tienen que ver con los sindicatos tradicionales), con su escandalera antiecol\u00f3gica, que son v\u00edctimas de la tensi\u00f3n permanente a la que las contradicciones y perversidades de la Pol\u00edtica Agraria Com\u00fan los somete, y son incapaces de reaccionar planteando un modelo agrario radicalmente distinto al que siguen y se les dicta desde Bruselas\u2026 No deja de observarse en ellas, con la repetici\u00f3n de su griter\u00edo contra las cr\u00edticas crecientes y bien fundadas hacia su actividad, una cierta alarma lo que, lejos de hacerles recapacitar y velar por su supervivencia, endurece su respuesta, ya que ese mundo sabe muy bien que o intimida a los pol\u00edticos o sus destrozos ambientales tienen los d\u00edas contados.<\/p>\n<p>Demasiada consideraci\u00f3n vienen teniendo con estas organizaciones los ecologistas, testigos alarmados de la acelerada degradaci\u00f3n de suelos y aguas, debido a un antiguo sentimiento de (natural) alianza con los pobladores y defensores del campo y la vida campesina, como referencia en su lucha contra la industrializaci\u00f3n salvaje y el ninguneo de la actividad agraria. Porque hace mucho que esos sindicatos no sostienen reivindicaci\u00f3n campesina alguna, sino que hacen causa com\u00fan con las grandes firmas explotadoras y se han reconvertido, sin soluci\u00f3n de continuidad, en gremios de intereses agroindustriales de lo m\u00e1s convencional. Desde estas posiciones, con mucho de histeria y de mala conciencia, se muestran impasibles ante la despoblaci\u00f3n de la Espa\u00f1a rural e insensibles a cualquier motivaci\u00f3n ambiental, lo que los hace objetivo de duras acusaciones, empezando por la primera y m\u00e1s global, la de ser protagonistas directos de la ruina f\u00edsica y cultural del campo. Ya perdieron su estado de gracia frente al ecologismo cuando empezaron a declararse enemigas implacables de la protecci\u00f3n de espacios naturales, demostrando su nulo v\u00ednculo con la conservaci\u00f3n del territorio y sus recursos, que prefieren explotar a lo salvaje, obteniendo el m\u00e1ximo partido posible y en el m\u00e1s corto plazo.<\/p>\n<p>El caso es que hay que celebrar el empuj\u00f3n que el ministro Garz\u00f3n da, con su honestidad pol\u00edtica, a la insurrecci\u00f3n generalizada ya por todo el territorio espa\u00f1ol, contribuyendo eficazmente al desbloqueo y la popularizaci\u00f3n de una lucha agria y tenaz, de rechazo y denuncia de las consecuencias de esta alianza de administraciones, organizaciones agrarias y empresas del sector. Una alianza de entes irresponsables que se traduce cada d\u00eda, a m\u00e1s de una lluvia constante de nuevos proyectos a cu\u00e1l m\u00e1s osado, en una apremiante una tensi\u00f3n, en primer lugar sobre los ayuntamientos, pero tambi\u00e9n sobre las Confederaciones Hidrogr\u00e1ficas, lo que da lugar a creciente corrupci\u00f3n pol\u00edtico-administrativa y a abundantes arbitrariedades en la administraci\u00f3n de las aguas p\u00fablicas.<\/p>\n<p>S\u00f3lo una econom\u00eda enloquecida, que somete al territorio y el medio ambiente a una presi\u00f3n criminal, hace posible que el sector agrario intensivo sea productivo sobre un suelo y unos recursos h\u00eddricos tan castigados por procesos emponzo\u00f1ados y forzado a la declinaci\u00f3n de sus cualidades b\u00e1sicas: fertilidad, capacidad de regeneraci\u00f3n, fuente de salud p\u00fablica\u2026 Y s\u00f3lo esta coalici\u00f3n de intereses econ\u00f3micos ciegos, enviciados por la exportaci\u00f3n, puede incurrir en la imprudencia ante la m\u00e1s que probable burbuja (eminentemente) porcina en ciernes. Como en otras ocasiones, los sectores directamente beneficiados por su codicia, saben que cuando estalle esa burbuja recibir\u00e1n, en pago a sus intimidaciones y lamentaciones, exenciones e indemnizaciones, que ser\u00e1n cargadas sobre el erario p\u00fablico de la misma manera que cargan las tropel\u00edas ecol\u00f3gicas sobre el medio ambiente com\u00fan.<\/p>\n<p>Es por todo esto, es decir, por la impasibilidad ambiental de ese frente funesto y patol\u00f3gico, y la temeridad de las pr\u00e1cticas agrarias intensivas, que vienen llenando nuestros campos de una peste m\u00faltiple\u00a0\u2015contaminaci\u00f3n atmosf\u00e9rica, ed\u00e1fica e h\u00eddrica, pestilencia, emisiones de metano y amoniaco, dispersi\u00f3n de purines\u2026\u2015 por lo que la ciudadan\u00eda m\u00e1s sensible y resistente est\u00e1 en pie de guerra y, por supuesto, anima al ministro Garz\u00f3n en sus peri\u00f3dicos ejercicios de sinceridad, porque le asiste la raz\u00f3n ecol\u00f3gica y pol\u00edtica (ya que, a estas alturas de la pel\u00edcula, o la izquierda es aut\u00e9ntica ecoizquierda, o no sirve para resolver nada esencial).<\/p>\n<p>Porque, aunque parezca mentira, hay que recordar a ese conjunto depredador al que venimos se\u00f1alando que el campo no puede ser s\u00f3lo producci\u00f3n y negocio, bajo el lema apremiante de la productividad y la competitividad, con el objetivo de exportar, sino que ha de ser, en primer lugar, riqueza renovable, en segundo lugar, sector estrat\u00e9gico de autoabastecimiento y, englob\u00e1ndolo todo, una cultura que no solamente ofrezca un contraste estimulante frente al medio urbano, sino que retenga los valores que necesita la sociedad para hacer frente a la apremiante crisis ecol\u00f3gica.<\/p>\n<p>Fuente: <em>El salto diario<\/em> (<a href=\"https:\/\/www.elsaltodiario.com\/ganaderia\/la-histeria-porcina-y-el-gobierno-cinico-ambiental\">https:\/\/www.elsaltodiario.com\/ganaderia\/la-histeria-porcina-y-el-gobierno-cinico-ambiental<\/a>)<\/p>\n<\/div>\n<\/div>\n","protected":false},"excerpt":{"rendered":"<p>Gracias a la sinceridad del ministro de Consumo, Alberto Garz\u00f3n, excepcional en la historia del Consejo de Ministros, va elev\u00e1ndose<\/p>\n","protected":false},"author":5,"featured_media":11073,"comment_status":"open","ping_status":"open","sticky":false,"template":"","format":"standard","meta":{"footnotes":""},"categories":[1567,3,1563],"tags":[],"class_list":["post-11072","post","type-post","status-publish","format-standard","has-post-thumbnail","hentry","category-campesinado","category-condiciones-de-vida","category-crisis-ecosocial"],"aioseo_notices":[],"_links":{"self":[{"href":"https:\/\/espai-marx.net\/index.php?rest_route=\/wp\/v2\/posts\/11072","targetHints":{"allow":["GET"]}}],"collection":[{"href":"https:\/\/espai-marx.net\/index.php?rest_route=\/wp\/v2\/posts"}],"about":[{"href":"https:\/\/espai-marx.net\/index.php?rest_route=\/wp\/v2\/types\/post"}],"author":[{"embeddable":true,"href":"https:\/\/espai-marx.net\/index.php?rest_route=\/wp\/v2\/users\/5"}],"replies":[{"embeddable":true,"href":"https:\/\/espai-marx.net\/index.php?rest_route=%2Fwp%2Fv2%2Fcomments&post=11072"}],"version-history":[{"count":0,"href":"https:\/\/espai-marx.net\/index.php?rest_route=\/wp\/v2\/posts\/11072\/revisions"}],"wp:featuredmedia":[{"embeddable":true,"href":"https:\/\/espai-marx.net\/index.php?rest_route=\/wp\/v2\/media\/11073"}],"wp:attachment":[{"href":"https:\/\/espai-marx.net\/index.php?rest_route=%2Fwp%2Fv2%2Fmedia&parent=11072"}],"wp:term":[{"taxonomy":"category","embeddable":true,"href":"https:\/\/espai-marx.net\/index.php?rest_route=%2Fwp%2Fv2%2Fcategories&post=11072"},{"taxonomy":"post_tag","embeddable":true,"href":"https:\/\/espai-marx.net\/index.php?rest_route=%2Fwp%2Fv2%2Ftags&post=11072"}],"curies":[{"name":"wp","href":"https:\/\/api.w.org\/{rel}","templated":true}]}}