{"id":1112,"date":"2009-04-26T00:00:00","date_gmt":"2009-04-26T00:00:00","guid":{"rendered":"https:\/\/espai-marx.net\/?p=1112"},"modified":"2020-02-23T15:42:16","modified_gmt":"2020-02-23T14:42:16","slug":"la-inseguiridad-por-ley","status":"publish","type":"post","link":"https:\/\/espai-marx.net\/?p=1112","title":{"rendered":"La inseguiridad por ley"},"content":{"rendered":"<p>(Il Manifesto)<\/p>\n<p>La noticia, de confirmarse, es de esas que hacen enrojecer de verg\u00fcenza. Despu\u00e9s de haber atacado el derecho de huelga y mellado el instrumento contractual en materia de trabajo (es decir, derechos fundamentales e instrumentos colectivos) , el gobierno se estar\u00eda preparando para emprender la misma\u00a0 acci\u00f3n restauradora\u00a0 en el terreno mismo de la protecci\u00f3n de ese bien esencial que es la vida \u2013la seguridad, la salud, la integridad f\u00edsica- de los trabajadores. Las anticipaciones \u00a0filtradas respecto al proyecto de \u201creescritura\u201d del Texto \u00fanico en materia de seguridad y salud en el trabajo, a debatir en el pr\u00f3ximo consejo de ministros son muy inquietantes. Demediadas las sanciones pecuniarias en lo que hace a los empresarios culpables de graves incumplimientos de la normativa de seguridad (reducidas desde los originarios 5 &#8211; 15. 000 euros a 2500\/ 6.500). Abolido el arresto obligatorio tambi\u00e9n en los casos m\u00e1s flagrantes y cuando se trata de empresas de alto riesgo industrial, y su posible sustituci\u00f3n por una multa. Eliminada toda referencia a la \u201creiteraci\u00f3n\u201d. Disminuido el control p\u00fablico sobre el cumplimiento de la normativa que pasa a depender de \u201dentes bilaterales\u201d (\u00f3rganos acordados entre las partes sociales, asesores de los trabajadores, la universidad\u2026)<\/p>\n<p>Hay que desear de todo coraz\u00f3n, que las anticipaciones sean desmentidas por los hechos (el ministerio repite reiteradamente que \u201cno es un texto definitivo\u201d). Porque si, por el contrario, se confirmasen, se tratar\u00eda de un hecho grav\u00edsimo. De un vuelco radical de aquella \u201cfilosof\u00eda\u201d en material de protecci\u00f3n de la vida y de la integridad f\u00edsica de los trabajadores, que parec\u00edan haberse abierto paso, a trancas y barrancas, tras el horror de la Thyssen Krupp, y las estremecedoras cifras sobre la mortandad cotidiana en las f\u00e1bricas y en los tajos de obra. Se\u00a0 confirmar\u00eda una vez m\u00e1s\u00a0 la idea, desgraciadamente en consonancia con estos tiempos, de que, con el empeoramiento cotidiano de la crisis econ\u00f3mica, la vida de los hombres en el trabajo, su cuerpo, su salud, pueden ser sacrificadas , al igual que ante la inminencia de un naufragio se arroja al mar todo el lastre. Y que el tan cacareado asunto de la \u201cseguridad\u201d , se detiene ante el umbral de la f\u00e1brica y de los tajos. Sirve para preservar al \u201cciudadano\u201d\u00a0 -sobre todo, en contraposici\u00f3n con el \u201cextranjero\u201d \u2013 pero no al \u201ctrabajador\u201d para quien entra en vigor el estatuto de ap\u00e1trida, desde el momento en que ha perdido capacidad de representaci\u00f3n y poder contractual<\/p>\n<p>Una vez m\u00e1s, como en los dram\u00e1ticos a\u00f1os Treinta, Italia parece tentada a seguir\u00a0 la perversa senda que sedujo entonces a la peor parte de Europa: la que eligi\u00f3 la opresi\u00f3n de los de \u201cabajo\u201d , la liquidaci\u00f3n de las organizaciones aut\u00f3nomas del movimiento obrero, las peores formas de corporativismo y la liquidaci\u00f3n de los derechos pol\u00edticos y sociales, en tanto que la Am\u00e9rica de Roosevelt descubr\u00eda, por el contrario, el papel positivo\u00a0 que desempe\u00f1aba el conflicto social y la libre din\u00e1mica salarial. Lo hace (amenaza hacerlo) en medio de un silencio preocupante, tanto por parte de la pol\u00edtica como de la informaci\u00f3n. S\u00f3lo la CGIL, pagando un duro precio, parece haber comprendido el alcance de la jugada, y haber advertido la gravedad del enfrentamiento. No la dejemos sola<\/p>\n","protected":false},"excerpt":{"rendered":"<p>La inseguridad por ley<\/p>\n<p>Marco Revelli (Il Manifesto)<\/p>\n<p>La noticia, de confirmarse, es de esas que hacen enrojecer de verg\u00fcenza. Despu\u00e9s de haber atacado el derecho de huelga y mellado el instrumento contractual en materia de trabajo (es decir, derechos fundamentales e instrumentos colectivos) , el gobierno se estar\u00eda preparando para emprender la misma\u00a0 acci\u00f3n restauradora\u00a0 en el terreno mismo de la protecci\u00f3n de ese bien esencial que es la vida \u2013la seguridad, la salud, la integridad f\u00edsica- de los trabajadores. Las anticipaciones \u00a0filtradas respecto al proyecto de \u201creescritura\u201d del Texto \u00fanico en materia de seguridad y salud en el trabajo, a debatir en el pr\u00f3ximo consejo de ministros son muy inquietantes. Demediadas las sanciones pecuniarias en lo que hace a los empresarios culpables de graves incumplimientos de la normativa de seguridad (reducidas desde los originarios 5 &#8211; 15. 000 euros a 2500\/ 6.500). Abolido el arresto obligatorio tambi\u00e9n en los casos m\u00e1s flagrantes y cuando se trata de empresas de alto riesgo industrial, y su posible sustituci\u00f3n por una multa. Eliminada toda referencia a la \u201creiteraci\u00f3n\u201d. Disminuido el control p\u00fablico sobre el cumplimiento de la normativa que pasa a depender de \u201dentes bilaterales\u201d (\u00f3rganos acordados entre las partes sociales, asesores de los trabajadores, la universidad\u2026)<\/p>\n","protected":false},"author":9,"featured_media":0,"comment_status":"open","ping_status":"open","sticky":false,"template":"","format":"standard","meta":{"footnotes":""},"categories":[42],"tags":[],"class_list":["post-1112","post","type-post","status-publish","format-standard","hentry","category-europa-europa"],"aioseo_notices":[],"_links":{"self":[{"href":"https:\/\/espai-marx.net\/index.php?rest_route=\/wp\/v2\/posts\/1112","targetHints":{"allow":["GET"]}}],"collection":[{"href":"https:\/\/espai-marx.net\/index.php?rest_route=\/wp\/v2\/posts"}],"about":[{"href":"https:\/\/espai-marx.net\/index.php?rest_route=\/wp\/v2\/types\/post"}],"author":[{"embeddable":true,"href":"https:\/\/espai-marx.net\/index.php?rest_route=\/wp\/v2\/users\/9"}],"replies":[{"embeddable":true,"href":"https:\/\/espai-marx.net\/index.php?rest_route=%2Fwp%2Fv2%2Fcomments&post=1112"}],"version-history":[{"count":0,"href":"https:\/\/espai-marx.net\/index.php?rest_route=\/wp\/v2\/posts\/1112\/revisions"}],"wp:attachment":[{"href":"https:\/\/espai-marx.net\/index.php?rest_route=%2Fwp%2Fv2%2Fmedia&parent=1112"}],"wp:term":[{"taxonomy":"category","embeddable":true,"href":"https:\/\/espai-marx.net\/index.php?rest_route=%2Fwp%2Fv2%2Fcategories&post=1112"},{"taxonomy":"post_tag","embeddable":true,"href":"https:\/\/espai-marx.net\/index.php?rest_route=%2Fwp%2Fv2%2Ftags&post=1112"}],"curies":[{"name":"wp","href":"https:\/\/api.w.org\/{rel}","templated":true}]}}