{"id":1113,"date":"2009-04-26T00:00:00","date_gmt":"2009-04-26T00:00:00","guid":{"rendered":"https:\/\/espai-marx.net\/?p=1113"},"modified":"2020-02-23T15:43:14","modified_gmt":"2020-02-23T14:43:14","slug":"el-catalan-y-la-pagina-web-del-parlamento-europeo","status":"publish","type":"post","link":"https:\/\/espai-marx.net\/?p=1113","title":{"rendered":"El catal\u00e1n y la p\u00e1gina web del Parlamento Europeo"},"content":{"rendered":"<p>Corre estos d\u00edas entre amigos sensibles al tema un correo en que se ruega a la ciudadan\u00eda que entre en esta p\u00e1gina web del Parlamento europeo y que marque en la pesta\u00f1a del catal\u00e1n. Despu\u00e9s, si as\u00ed lo estiman, reenv\u00eden la informaci\u00f3n a otros amigos y conocidos. H\u00e1ganlo por favor:<\/p>\n<p>Web del Parlament Europeu. http:\/\/www.europarl.cat\/<\/p>\n<p>Se a\u00f1ade que si la visita mucha gente probablemente no <i>eliminen<\/i> la versi\u00f3n catalana. \u00bfEliminar la versi\u00f3n catalana? \u00bfQu\u00e9 sentido tiene esa afirmaci\u00f3n? El siguiente:<\/p>\n<p>El lugar visitado, la p\u00e1gina web por ustedes consultada, es una traducci\u00f3n magn\u00edfica, perfecta y por lo que parece impecable de la web del Parlamento Europeo fecha por un h\u00e1bil, resistente y cr\u00edtico joven inform\u00e1tico de Lleida (L\u00e9rida). Parece la p\u00e1gina oficial, apostar\u00eda uno por ello, pero no es realmente una p\u00e1gina del Parlamento.<\/p>\n<p>Las personas sensibilizadas por el tema a\u00f1aden un argumento favorable a su posici\u00f3n cr\u00edtica. Traduzco literalmente:<\/p>\n<p>A pesar de que el web aut\u00e9ntico est\u00e1 traducido a m\u00e1s de veinte lenguas europeas, muchas de ellas con muchos menos hablantes que el catal\u00e1n, el Parlamento europeo ha denunciado el plagio y quieren hacer cerrar la versi\u00f3n catalana. Si hasta ahora no lo han hecho es porque se han sorprendido de las numerosas visitas que ha recibido la p\u00e1gina.<\/p>\n<p>En nota a\u00f1aden que lenguas como el let\u00f3n, el estoniano, el fin\u00e9s o el eslovaco, as\u00ed como el malt\u00e9s, con menos de 300.000 hablantes, tienen Estados con lengua oficial en Europa. En cambio, el catal\u00e1n, con unos 9.500.000 hablantes, siendo la d\u00e9cima lengua europea en importancia, no tiene ning\u00fan reconocimiento en el \u00e1mbito europeo.<\/p>\n<p>Desconozco la correcci\u00f3n de las cifras apuntadas, pero les confieso que el argumento no me parece bueno y que algunas formas de decir me parecen mejorables. No veo que sea decisivo para esta justa reclamaci\u00f3n que el catal\u00e1n lo hablen 9 o 2 millones de personas, ni que sea la d\u00e9cima \u201clengua en importancia\u201d o sea, por el contrario, la pen\u00faltima lengua europea, o incluso la \u00faltima, por el n\u00famero de hablantes. Sea primera o \u00faltima, muy o poco hablada, no veo que en ello resida la importancia de ninguna lengua. Otra cosa es, claro est\u00e1, que construyamos puentes entre todos para que las gentes podamos entendernos. Salvador Espriu ya habl\u00f3 de las lenguas diversas y de la diversidad de los hijos e hijas de Separad. La idea, y el sentimiento que en ella subyace, vale para el \u00e1mbito europeo.<\/p>\n<p>El texto finaliza con un llamamiento:<\/p>\n<p>Consiguientemente, pasad, por favor, esta informaci\u00f3n a vuestros contactos: cu\u00e1ntas m\u00e1s visitas, m\u00e1s posibilidades existen de que lo vuelvan a pensar.<\/p>\n<p>H\u00e1ganlo, por favor, pasen la informaci\u00f3n a sus amigos. Para ello es independiente que seamos o no catalanes, que lo entendamos o no, que hayas sido envueltos por la lengua de Carner, Rodoreda o Mart\u00ed i Pol.<\/p>\n<p>A\u00fan m\u00e1s: es un signo de republicanismo socialista (no claudicante) que gentes espa\u00f1olas que no sean (o seamos) catalanas, vascas o gallegas manifiesten abiertamente su simpat\u00eda y solidaridad por vindicaciones tan justas como \u00e9sta.<\/p>\n<p>PS: Un recuerdo. En los buenos tiempos de la transici\u00f3n, que tambi\u00e9n los hubo, un 11 de septiembre, en una manifestaci\u00f3n en Barcelona a favor de las vindicaciones nacionales (manifestaci\u00f3n que no olvidaba entonces el 11 chileno, nunca lo hizo a partir de 1973), un entonces joven madrile\u00f1o repart\u00eda un octavilla en castellano, por \u00e9l confeccionada, entre los asistentes: Por el derecho de autodeterminaci\u00f3n de los pueblos, dec\u00eda, por una Rep\u00fablica ib\u00e9rica que respete las diferencias, se enriquezca de las diferencias y una fraternalmente a la ciudadan\u00eda.<\/p>\n<p>Repart\u00eda muchas y con excelente acogida. No s\u00e9 nada de este joven ahora adulto. A \u00e9l va dedicado este texto.<\/p>\n","protected":false},"excerpt":{"rendered":"<p>El catal\u00e1n y la p\u00e1gina web del Parlamento Europeo. <\/p>\n<p>Salvador L\u00f3pez Arnal<\/p>\n<p>Corre estos d\u00edas entre amigos sensibles al tema un correo en que se ruega a la ciudadan\u00eda que entre en esta p\u00e1gina web del Parlamento europeo y que marque en la pesta\u00f1a del catal\u00e1n. Despu\u00e9s, si as\u00ed lo estiman, reenv\u00eden la informaci\u00f3n a otros amigos y conocidos. H\u00e1ganlo por favor:<\/p>\n","protected":false},"author":9,"featured_media":0,"comment_status":"open","ping_status":"open","sticky":false,"template":"","format":"standard","meta":{"footnotes":""},"categories":[42],"tags":[],"class_list":["post-1113","post","type-post","status-publish","format-standard","hentry","category-europa-europa"],"aioseo_notices":[],"_links":{"self":[{"href":"https:\/\/espai-marx.net\/index.php?rest_route=\/wp\/v2\/posts\/1113","targetHints":{"allow":["GET"]}}],"collection":[{"href":"https:\/\/espai-marx.net\/index.php?rest_route=\/wp\/v2\/posts"}],"about":[{"href":"https:\/\/espai-marx.net\/index.php?rest_route=\/wp\/v2\/types\/post"}],"author":[{"embeddable":true,"href":"https:\/\/espai-marx.net\/index.php?rest_route=\/wp\/v2\/users\/9"}],"replies":[{"embeddable":true,"href":"https:\/\/espai-marx.net\/index.php?rest_route=%2Fwp%2Fv2%2Fcomments&post=1113"}],"version-history":[{"count":0,"href":"https:\/\/espai-marx.net\/index.php?rest_route=\/wp\/v2\/posts\/1113\/revisions"}],"wp:attachment":[{"href":"https:\/\/espai-marx.net\/index.php?rest_route=%2Fwp%2Fv2%2Fmedia&parent=1113"}],"wp:term":[{"taxonomy":"category","embeddable":true,"href":"https:\/\/espai-marx.net\/index.php?rest_route=%2Fwp%2Fv2%2Fcategories&post=1113"},{"taxonomy":"post_tag","embeddable":true,"href":"https:\/\/espai-marx.net\/index.php?rest_route=%2Fwp%2Fv2%2Ftags&post=1113"}],"curies":[{"name":"wp","href":"https:\/\/api.w.org\/{rel}","templated":true}]}}