{"id":1114,"date":"2009-04-26T00:00:00","date_gmt":"2009-04-26T00:00:00","guid":{"rendered":"https:\/\/espai-marx.net\/?p=1114"},"modified":"2020-02-23T15:43:55","modified_gmt":"2020-02-23T14:43:55","slug":"europa-la-dignidad-de-la-sumision","status":"publish","type":"post","link":"https:\/\/espai-marx.net\/?p=1114","title":{"rendered":"Europa: la dignidad de la sumisi\u00f3n"},"content":{"rendered":"<p><i><a href=\"http:\/\/www.rebelion.org\">Rebeli\u00f3n<\/a><\/i><\/p>\n<p>Finalmente las potencias europeas hicieron el pasado lunes el gesto en\u00e9rgico, digno y civilizado que todos est\u00e1bamos esperando. Como izquierdistas justicieros, sin temor a las consecuencias, poniendo su honor y su conciencia por encima de los protocolos, afirmando p\u00fablicamente su apoyo insobornable a los altos valores encarnados en nuestra historia, los representantes de la UE no dudaron en boicotear una reuni\u00f3n internacional en la que la infamia pretend\u00eda alzar la voz. Se levantaron de sus asientos y desfilaron uno por uno, la cabeza erguida, la estatura desafiante, hacia la salida.<\/p>\n<p>Europa hab\u00eda aguantado ya demasiado. Hab\u00eda tolerado \u2013por ejemplo- la invasi\u00f3n de Panam\u00e1, la doble destrucci\u00f3n de Iraq, el bombardeo de Sud\u00e1n, los bombardeos sobre Pakist\u00e1n, el linchamiento del L\u00edbano, los asesinatos de Uribe en Colombia, las c\u00e1rceles secretas de la CIA, etc. porque eran realmente destructivas. Hab\u00eda tolerado tambi\u00e9n las declaraciones de Bush sobre Iraq y los falsos testimonios sobre los Balcanes, como ha tolerado las calumnias contra Ch\u00e1vez, Fidel o Evo Morales, porque eran mentira. Pero todo tiene un l\u00edmite y si alguien dice la verdad, y sin matar a nadie, \u00a1he ah\u00ed por fin la ocasi\u00f3n de protestar!<\/p>\n<p>Contra la verdad, \u00abno es posible ning\u00fan compromiso\u00bb, afirm\u00f3 Bernard Kouchner. En cuanto se pronunciase la verdad, \u201cten\u00edamos la consigna de abandonar la sala\u201d, asegur\u00f3 Javier Garrigues. Si se dec\u00eda la verdad, \u201cno \u00edbamos a tolerar ning\u00fan abuso\u201d, hab\u00eda declarado la presidencia checa de la UE. Como compareciese la verdad, ten\u00edamos la obligaci\u00f3n de silenciar \u201cese discurso de odio\u201d, dijo Sarkozy. Todo el que diga la verdad, apoy\u00f3 el secretario general de la ONU, Ban Ki-moon, se hace culpable de \u00abacusar, dividir e incitar\u00bb.<\/p>\n<p>Si no se mata y no se miente, los europeos nos indignamos. Es natural. La verdad es m\u00e1s \u201cincendiaria\u201d que los incendios; es m\u00e1s \u201cextremista\u201d que el f\u00f3sforo blanco; es m\u00e1s \u201cviolenta\u201d y \u201cprovocativa\u201d que la mutilaci\u00f3n de un ni\u00f1o. Ahmadineyad, presidente de Ir\u00e1n, subi\u00f3 a la tribuna y dijo serenamente: \u201cIsrael es racista\u201d. Los representantes europeos se le echaron encima: \u201cviolento, radical, antisemita\u201d. La estrategia legitimadora de Israel, sencilla y brutal, se inscribe en la m\u00e1s acendrada tradici\u00f3n europea: matar, despellejar, masacrar con elegancia y sin aspavientos y escandalizarse luego ante la denuncia, que pone fin a toda posibilidad de di\u00e1logo. Decir que las cr\u00edticas de Ahmadineyad no son constructivas es lo mismo que decir que las bombas de Israel no son destructivas. Entre dos constructivos bombardeos, las destructivas denuncias de Ahmedineyad lo destruyen todo. Y Europa, muy justamente, se indigna no por el racismo de Israel, que acaba de producir 1400 muertos en Gaza, sino por las denuncias de Ahmedineyad, ese racista que acusa de racismo a los asesinos de racistas palestinos. Israel no es racista: s\u00f3lo mata racistas que, de otro modo, podr\u00edan cometer el crimen de denunciar sus cr\u00edmenes o, por lo menos, de odiar a los israel\u00edes.<\/p>\n<p>No insistir\u00e9 en lo verdadera que es la verdad que enunci\u00f3 el lunes el presidente de Ir\u00e1n en la Conferencia sobre Racismo de la ONU; hoy mismo Pascual Serrano lo explica muy bien en este mismo medio (<a href=\"http:\/\/www.rebelion.org\/noticia.php?id=84192\">http:\/\/www.rebelion.org\/noticia.php?id=84192<\/a>). Lo preocupante es que esa verdad haya que escucharla precisamente de labios de un gobernante que nos es tan af\u00edn como Sarkozy y que nos entusiasma tanto como Berlusconi; y que, en definitiva, es tan de izquierdas como Merkel o Klaus; un hombre que contribuye decisivamente a la ocupaci\u00f3n de Iraq mientras utiliza la ret\u00f3rica anti-imperialista a favor de un proyecto social y culturalmente tan emancipador como puede serlo el del PP o el del Vaticano. Nada puede convenir m\u00e1s a Israel que dejar la verdad en esas manos; ning\u00fan otro portavoz legitima mejor la \u201cdignidad\u201d europea a los ojos de una opini\u00f3n p\u00fablica manipulada e ignorante. \u00bfSe hubiesen mostrado tan orgullosamente moralizantes nuestros embajadores si en la tribuna hubiese estado \u2013por ejemplo- el padre de Amal y Suad Abed Rabbo, de 2 y 7 a\u00f1os, asesinadas delante de su casa por un tanque israel\u00ed? \u00bfO la madre de Lina Hassan, de 10 a\u00f1os, tiroteada junto a la escuela de la ONU en Jabaliya? \u00bfO Mahmoud Abdel Rahim, de 20 a\u00f1os, que perdi\u00f3 a sus padres y a tres hermanos en un bombardeo? Me hubiese gustado ver a los representantes de la UE despreciar cara a cara -como realmente han hecho- todo ese dolor del que son parcialmente responsables.<\/p>\n<p>En todo caso, que la denuncia proceda de un lugar inc\u00f3modo no es algo que haya que reprocharle a Ahmedineyad, que al menos dice la verdad, sino a nuestros propios gobernantes europeos, tan parecidos en todo lo dem\u00e1s a su hom\u00f3logo iran\u00ed, pero que podr\u00edan, si dijeran la verdad y obrasen en consecuencia, acabar con la agon\u00eda del pueblo palestino y con la ignominia del Estado de Israel. Porque lo peor, lo m\u00e1s obsceno, lo m\u00e1s vergonzoso es que el \u201cgesto digno, en\u00e9rgico y civilizado\u201d de nuestros representantes europeos no responde ni a profundas convicciones ideol\u00f3gicas ni a bajos intereses econ\u00f3micos; tampoco al saludable sadismo de nuestra tradici\u00f3n colonial; ni al honrado racismo bien instalado en nuestros instintos; responde solamente a la m\u00e1s pura, cobarde y humillante sumisi\u00f3n. Nunca nadie ha levantado tanto la cabeza para lamer unas botas.<\/p>\n<p><b>Art\u00edculo relacionado: Discurso completo del presidente Ahmadineyad durante la Conferencia de Naciones Unidas sobre el racismo (<\/b><a href=\"http:\/\/www.rebelion.org\/noticia.php?id=84241\"><b>http:\/\/www.rebelion.org\/noticia.php?id=84241<\/b><\/a><b>).<\/b><\/p>\n","protected":false},"excerpt":{"rendered":"<p>Europa: la dignidad de la sumisi\u00f3n<\/p>\n<p>Santiago Alba Rico<\/p>\n<p>Rebeli\u00f3n<\/p>\n<p>Finalmente las potencias europeas hicieron el pasado lunes el gesto en\u00e9rgico, digno y civilizado que todos est\u00e1bamos esperando. Como izquierdistas justicieros, sin temor a las consecuencias, poniendo su honor y su conciencia por encima de los protocolos, afirmando p\u00fablicamente su apoyo insobornable a los altos valores encarnados en nuestra historia, los representantes de la UE no dudaron en boicotear una reuni\u00f3n internacional en la que la infamia pretend\u00eda alzar la voz. Se levantaron de sus asientos y desfilaron uno por uno, la cabeza erguida, la estatura desafiante, hacia la salida. <\/p>\n","protected":false},"author":9,"featured_media":0,"comment_status":"open","ping_status":"open","sticky":false,"template":"","format":"standard","meta":{"footnotes":""},"categories":[42],"tags":[],"class_list":["post-1114","post","type-post","status-publish","format-standard","hentry","category-europa-europa"],"aioseo_notices":[],"_links":{"self":[{"href":"https:\/\/espai-marx.net\/index.php?rest_route=\/wp\/v2\/posts\/1114","targetHints":{"allow":["GET"]}}],"collection":[{"href":"https:\/\/espai-marx.net\/index.php?rest_route=\/wp\/v2\/posts"}],"about":[{"href":"https:\/\/espai-marx.net\/index.php?rest_route=\/wp\/v2\/types\/post"}],"author":[{"embeddable":true,"href":"https:\/\/espai-marx.net\/index.php?rest_route=\/wp\/v2\/users\/9"}],"replies":[{"embeddable":true,"href":"https:\/\/espai-marx.net\/index.php?rest_route=%2Fwp%2Fv2%2Fcomments&post=1114"}],"version-history":[{"count":0,"href":"https:\/\/espai-marx.net\/index.php?rest_route=\/wp\/v2\/posts\/1114\/revisions"}],"wp:attachment":[{"href":"https:\/\/espai-marx.net\/index.php?rest_route=%2Fwp%2Fv2%2Fmedia&parent=1114"}],"wp:term":[{"taxonomy":"category","embeddable":true,"href":"https:\/\/espai-marx.net\/index.php?rest_route=%2Fwp%2Fv2%2Fcategories&post=1114"},{"taxonomy":"post_tag","embeddable":true,"href":"https:\/\/espai-marx.net\/index.php?rest_route=%2Fwp%2Fv2%2Ftags&post=1114"}],"curies":[{"name":"wp","href":"https:\/\/api.w.org\/{rel}","templated":true}]}}