{"id":1119,"date":"2009-04-26T00:00:00","date_gmt":"2009-04-26T00:00:00","guid":{"rendered":"https:\/\/espai-marx.net\/?p=1119"},"modified":"2020-02-23T15:49:45","modified_gmt":"2020-02-23T14:49:45","slug":"sobre-la-promesa-juramento-de-los-cargos-publicos","status":"publish","type":"post","link":"https:\/\/espai-marx.net\/?p=1119","title":{"rendered":"Sobre la promesa\/juramento de los cargos p\u00fablicos"},"content":{"rendered":"<p>No hab\u00eda reparado hasta el momento.<\/p>\n<p>Escuch\u00e9 por casualidad el pasado viernes 24 de abril la toma de posesi\u00f3n de la Consejera de Obras P\u00fablicas del gobierno andaluz, la ex alcaldesa de C\u00f3rdoba, el \u00faltimo caso de transfuguismo en nuestro pa\u00eds, sobre cuya concreci\u00f3n pol\u00edtico vale la pensar no s\u00f3lo en la decisi\u00f3n de la se\u00f1ora consejera sino, tambi\u00e9n, en la OPA nada afable del PSOE y del nuevo presidente andaluz. No me disperso, no es el tema<\/p>\n<p>La consejera prometi\u00f3 por el Rey y la Constituci\u00f3n la f\u00f3rmula anexa, con las palabras m\u00e1s o menos conocidas.<\/p>\n<p>Caben, creo, dos consideraciones sobre esta imposible liturgia.<\/p>\n<p>La primera presenta una cara ya comentada por la izquierda en reiteradas ocasiones. \u00bfC\u00f3mo es posible que un futuro ministro\/ ministra del Estado, desconozco qu\u00e9 ocurre en las comunidades-nacionalidades, promete o jure ante un crucifijo, con una Biblia no muy alejada? Pero, \u00bfc\u00f3mo es posible ni siquiera imaginar un acto as\u00ed? \u00bfTiene de hecho validez jur\u00eddico-pol\u00edtica en un pa\u00eds donde la Constituci\u00f3n parece reconocer la importancia social de una dogm\u00e1tica religiosa concreta pero no se declara confesionalmente en ning\u00fan sentido? No lo parece.<\/p>\n<p>De hecho, tampoco parece que tenga ning\u00fan sentido la misma disyuntiva entre promesa o juramento. \u00bfPero no hab\u00edamos quedado que los gustos y decisiones privadas pertenec\u00edan a ese \u00e1mbito y que la raz\u00f3n p\u00fablica pide o exige otros controles y cuidados? \u00bfQu\u00e9 sentido tiene realmente que un cargo p\u00fablico <i>jure<\/i> su compromiso sobre su futura ocupaci\u00f3n?<\/p>\n<p>Parece m\u00e1s bien razonable exigir que el uso de juramento se reduzca, si es el caso, a su participaci\u00f3n en reuniones familiares, privadas, organizativas o en actos\u00a0 de su instituci\u00f3n creencial pero que, en la esfera de lo p\u00fablico, independientemente de la cosmovisi\u00f3n que cada uno y una quiera cultivar -agn\u00f3stica, indiferente, atea, religiosa- lo que deber\u00eda imponerse, sin que eso signifique imposici\u00f3n alguna, es el uso del prometo. \u00bfAlguien podr\u00eda defender que un cargo p\u00fablico pudiese elegir adquirir y enunciar su compromiso p\u00fablico dilucidando entre dedicar su esfuerzo a la mezzo Teresa Berganza o a la inolvidable soprano Lucia Popp? Si no es el caso, \u00bfpor qu\u00e9 va a poder elegir entre lo que de hecho una disyuntiva no homog\u00e9nea, entre un prometer y un jurar?<\/p>\n<p>A\u00fan m\u00e1s. Suponiendo que no fuera as\u00ed, suponiendo que fuera admisible que un futuro cargo p\u00fablico pudiese jurar su compromiso p\u00fablico, \u00bfqu\u00e9 sentido, qu\u00e9 significado \u00faltimo tendr\u00eda esa misma formulaci\u00f3n oral? \u00bfQu\u00e9 significa realmente \u201cjuro por mi honor o dignidad \u2013o t\u00e9rminos afines- hacer respetar la Constituci\u00f3n\u201d y siguiendo? \u00bfQu\u00e9 sentido tiene \u201cese jurar por mi honor\u201d? \u00bfNo es de hecho un enunciado lit\u00fargico asignificativo? \u00bfCu\u00e1l es la diferencia entre emitir una afirmaci\u00f3n as\u00ed y decir, por ejemplo, que \u201cEl intervalo semiabierto [a,b) goza los jueves al medod\u00eda escuchando el segundo movimiento del concierto para clarinete de Mozart\u201d? \u00bfPuede un intervalo disfrutar con Mozart los jueves a la hora de la comida? \u00bfSe puede jurar por el honor?<\/p>\n<p>La segunda consideraci\u00f3n acaso sea m\u00e1s directamente pol\u00edtica.<\/p>\n<p>Desconozco qu\u00e9 ocurre en otras comunidades o autonom\u00edas y no recuerdo ahora exactamente cu\u00e1l es la formulaci\u00f3n en la aceptaci\u00f3n de Ministerios del gobierno central pero, en el caso comentado, en el caso de la ex Alcaldesa tr\u00e1nsfuga, ella prometi\u00f3 su cargo apelando al Rey y a la Constituci\u00f3n. Por este orden si no recuerdo mal. \u00bfPor el Rey y la Constituci\u00f3n? \u00bfC\u00f3mo por la Constituci\u00f3n y, adem\u00e1s, por el Rey? \u00bfPero no se incluye la forma de Estado en el articulado de la Constituci\u00f3n de 1978? \u00bfNo se nos col\u00f3 entre l\u00edneas la forma del Reino de Espa\u00f1a al aceptar derechos ciudadanos no siempre respetados y cumplidos? \u00bfQu\u00e9 puede significar prometer o jurar por el Rey y, adem\u00e1s, por la Constituci\u00f3n? \u00bfRemarcar la autonom\u00eda del poder real en Espa\u00f1a? \u00bfConcederle un poder especial? \u00bfDe d\u00f3nde vendr\u00eda entonces la legitimidad de ese poder? \u00bfNo de la Constituci\u00f3n, citada en segundo lugar, sino de su nombramiento inicial, de la decisi\u00f3n tomada en las Cortes franquistas? \u00bfPero c\u00f3mo puede admitirse que un cargo p\u00fablico adquiera su compromiso resaltando la figura del Rey, antes que y al lado del texto constitucional? \u00bfSe trata acaso de una lecci\u00f3n de realismo pol\u00edtico descarnado, de elevar a la categor\u00eda de formulaci\u00f3n ling\u00fc\u00edstica lit\u00fargica institucional lo que de facto es sabido o sufrido por todos y todas? \u00bfDe d\u00f3nde ha surgido esa formulaci\u00f3n, quien ha sido el autor de tama\u00f1o desvar\u00edo?<\/p>\n<p>Parece razonable por ello solicitar que ning\u00fan posible cargo de IU, o de fuerza afines o pr\u00f3ximas, afirme su compromiso p\u00fablico usando esa formulaci\u00f3n extraviada. Ning\u00fan imperativo legal puede obligarnos. La m\u00ednima decencia pol\u00edtica deber\u00eda ser situada, una vez m\u00e1s, en el puesto de mando. No s\u00e9 si el poder proviene del fusil, como apuntaba Mao, a veces s\u00ed desde luego, pero la decencia pol\u00edtica no bebe ni puede beber en disparates servil-mon\u00e1rquicos.<\/p>\n<p>PS: En una nota anterior sobre el comportamiento pol\u00edtico de la ex dirigente tr\u00e1nsfuga del PCE y de IU, coment\u00e9 que la consejera de Obras P\u00fablicas hab\u00eda sido estrecha colaboradora de Gaspar Llamazares. No creo que mi formulaci\u00f3n pudiera dar pie a esa interpretaci\u00f3n pero acaso cab\u00eda leer mis palabras como cr\u00edtica velada al diputado de IU. Lejos de mi intenci\u00f3n, aparto de mi ese c\u00e1liz. En lo que s\u00e9, el comportamiento de Gaspar Llamazares, tras su marcha de la Presidencia de IU, su hacer p\u00fablico como cargo institucional representativo, no s\u00f3lo me parece excelente sino que creo necesario, adem\u00e1s, destacarlo. Y felicitarle -y felicitarnos- por ello.<\/p>\n","protected":false},"excerpt":{"rendered":"<p>Sobre la promesa\/juramento de los cargos p\u00fablicos.<\/p>\n<p>Salvador L\u00f3pez Arnal<\/p>\n<p>\u00a0\u00a0\u00a0\u00a0 No hab\u00eda reparado hasta el momento.<\/p>\n<p>\u00a0\u00a0\u00a0\u00a0 Escuch\u00e9 por casualidad el pasado viernes 24 de abril la toma de posesi\u00f3n de la  Consejera de Obras P\u00fablicas del gobierno andaluz, la ex alcaldesa de C\u00f3rdoba, el \u00faltimo caso de transfuguismo en nuestro pa\u00eds, sobre cuya concreci\u00f3n pol\u00edtico vale la pensar no s\u00f3lo en la decisi\u00f3n de la se\u00f1ora consejera sino, tambi\u00e9n, en la OPA nada afable del PSOE y del nuevo presidente andaluz. No me disperso, no es el tema<\/p>\n","protected":false},"author":9,"featured_media":0,"comment_status":"open","ping_status":"open","sticky":false,"template":"","format":"standard","meta":{"footnotes":""},"categories":[13],"tags":[],"class_list":["post-1119","post","type-post","status-publish","format-standard","hentry","category-la-izquierda-a-debate"],"aioseo_notices":[],"_links":{"self":[{"href":"https:\/\/espai-marx.net\/index.php?rest_route=\/wp\/v2\/posts\/1119","targetHints":{"allow":["GET"]}}],"collection":[{"href":"https:\/\/espai-marx.net\/index.php?rest_route=\/wp\/v2\/posts"}],"about":[{"href":"https:\/\/espai-marx.net\/index.php?rest_route=\/wp\/v2\/types\/post"}],"author":[{"embeddable":true,"href":"https:\/\/espai-marx.net\/index.php?rest_route=\/wp\/v2\/users\/9"}],"replies":[{"embeddable":true,"href":"https:\/\/espai-marx.net\/index.php?rest_route=%2Fwp%2Fv2%2Fcomments&post=1119"}],"version-history":[{"count":0,"href":"https:\/\/espai-marx.net\/index.php?rest_route=\/wp\/v2\/posts\/1119\/revisions"}],"wp:attachment":[{"href":"https:\/\/espai-marx.net\/index.php?rest_route=%2Fwp%2Fv2%2Fmedia&parent=1119"}],"wp:term":[{"taxonomy":"category","embeddable":true,"href":"https:\/\/espai-marx.net\/index.php?rest_route=%2Fwp%2Fv2%2Fcategories&post=1119"},{"taxonomy":"post_tag","embeddable":true,"href":"https:\/\/espai-marx.net\/index.php?rest_route=%2Fwp%2Fv2%2Ftags&post=1119"}],"curies":[{"name":"wp","href":"https:\/\/api.w.org\/{rel}","templated":true}]}}