{"id":1121,"date":"2009-05-03T00:00:00","date_gmt":"2009-05-03T00:00:00","guid":{"rendered":"https:\/\/espai-marx.net\/?p=1121"},"modified":"2020-02-23T15:34:36","modified_gmt":"2020-02-23T14:34:36","slug":"gestos-mediaticos-cambios-de-ubicacion-y-poder-politico","status":"publish","type":"post","link":"https:\/\/espai-marx.net\/?p=1121","title":{"rendered":"Gestos medi\u00e1ticos, cambios de ubicaci\u00f3n y poder pol\u00edtico."},"content":{"rendered":"<p>Lo sucedido, desgraciadamente, ha sido y es tan frecuente que probablemente s\u00f3lo requiera un breve nota.<\/p>\n<p>La se\u00f1ora Rosa Aguilar, la hasta ahora alcaldesa de C\u00f3rdoba, alcald\u00eda que alcanz\u00f3 en las listas de IU y con los votos de los ciudadanos que apoyan esa organizaci\u00f3n pol\u00edtica (yo mismo la hubiera votado, por ejemplo; no a ella concretamente, claro est\u00e1, sino a la lista en la que figuraba), ha aceptado el ofrecimiento del nuevo presidente de la Junta de Andaluc\u00eda, el se\u00f1or Jos\u00e9 Antonio Gri\u00f1\u00e1n. Formar\u00e1 parte del gobierno andaluz como consejera de Obras P\u00fablicas y Transportes. Seg\u00fan ella misma ha se\u00f1alado el talante humano que el se\u00f1or Gri\u00f1\u00e1n imprime a su actuaci\u00f3n pol\u00edtica le ha conmovido y le ha acabado de convencer.<\/p>\n<p>La se\u00f1ora Aguilar, que ha presentado su renuncia a la Alcald\u00eda, ha declarado que entrar\u00e1 como \u00abindependiente\u00bb (sic) en el gobierno y que dejar\u00e1 sus cargos, todos sus cargos, en IU. Ha desarrollado con esfuerzo un profundo argumento sobre este punto: \u00absab\u00eda que la decisi\u00f3n de decir s\u00ed a Gri\u00f1\u00e1n significaba la desvinculaci\u00f3n formal de IU porque no se puede estar en la oposici\u00f3n y en el Gobierno\u00bb. Curiosamente, hasta ahora, no se ha dado de baja en la formaci\u00f3n. Se trata, supongo, de provocar su expulsi\u00f3n para desgastar un poquito m\u00e1s a IU . \u00a1Qu\u00e9 brutos, que estalinistas, que dogm\u00e1ticos que son! \u00a1Expulsan a Aguilar por aceptar un carguito en el gobierno! \u00a1Qu\u00e9 hay de malo en ello!<\/p>\n<p>Todas estas declaraciones, no hace falta que lo indique, las ha realizado la se\u00f1ora Aguilar en una entrevista con la Cadena SER.<\/p>\n<p>\u00bfRecuerdan lo sucedido en las \u00faltimas elecciones legislativas? La se\u00f1ora Aguilar, entonces dirigente, no s\u00f3lo militante, de IU, dijo p\u00fablicamente, en un gesto medi\u00e1tico aireado a derecha e izquierda, que hab\u00eda votado a la lista del PSOE para el Senado. \u00bfPasaba algo, coment\u00f3 con coraje, orgullo pol\u00edtico y decisi\u00f3n? No pasaba nada. Criticar su decisi\u00f3n, y el estudiado gesto medi\u00e1tico que la acompa\u00f1\u00f3, hubiera sido una descortes\u00eda, una muestra de inflexibilidad.. Ella, como todos, hace lo que quiere. Nadie le tose. Punto y rompamos la discusi\u00f3n trasnochada sugerida por los dogm\u00e1ticos sobre posiciones pol\u00edticas y votaciones electorales.<\/p>\n<p>\u00bfHan escuchado sus intervenciones en la gran cadena del SER en el programa dirigido por la se\u00f1ora Nierga en los \u00faltimos tiempos? Rep\u00e1senlas si pueden y analicen sus contenidos. Vean tambi\u00e9n, casualidad de casualidades, como son premiados pol\u00edticamente algunos de los contertulios. Todos ellos, claro est\u00e1, sinceros, modernos, muy majos, cr\u00edticos de la derechona, muy comprensivos con el gobierno cuando es necesario y es \u201crazonable\u201d. Largo etc\u00e9tera.<\/p>\n<p>Sugerir que ese gesto, esas intervenciones, parec\u00edan transitar por un estudiado camino de cambio de ubicaci\u00f3n y de aspiraci\u00f3n a mayores cotas de poder, suena mal, suena a cr\u00edtica infundada. A mirar el pasado con los ojos del hoy. Ser\u00e1 eso. Pero cuesta entender que alguien que ha sido durante, pongamos, 25 o 30 a\u00f1os dirigente del PCE e IU, mano derecha del proyecto de Julio Anguita apenas diez a\u00f1os, uno de los dos principales cargos institucionales de IU en la actualidad, asesora \u00e1ulica de Gaspar Llamazares durante a\u00f1os, pase a formar parte de un gobierno que no es fruto de ning\u00fan pacto con la fuerza pol\u00edtica en la que milita sino continuador renovado de un proyecto hasta ahora fuertemente criticado, que forma parte adem\u00e1s de un proyecto global que tiene a se\u00f1ores como Sebasti\u00e1n, Garmend\u00eda, Fern\u00e1ndez de la Vega et alteri en posiciones dominantes, que tiene en el se\u00f1or Belloch un curiosa alcalde opusde\u00edsta, por no hablar de un presidente de gobierno que cuando empiezan a extenderse los ecos de las crisis el primer gesto que realiza es entrevistarse y dejarse fotografiar con el se\u00f1or Bot\u00edn, seg\u00fan personas informadas el m\u00e1ximo delincuente financiero de este pa\u00eds en cuya Jefatura m\u00e1xima figura alguien que no est\u00e1 muy alejado de \u00e9l en ese v\u00e9rtice.<\/p>\n<p>\u00abCambio de actividad pero no de compromiso\u00bb ha afirmado la se\u00f1ora Rosa Aguilar. Ser\u00e1 eso. Pero si ese es el caso, y parece ser el caso viniendo la afirmaci\u00f3n de quien viene, \u00bfqu\u00e9 compromiso se ha mantenido hasta ahora? \u00bfObran mal, no se enteran acaso, los militantes de base de IU y de EUiA cuando desconf\u00edan de los intelectuales, de los piquitos de oro, de los que llevan a\u00f1os y a\u00f1os en el \u00e1mbito institucional de la pol\u00edtica cambiando de lista y ubicaci\u00f3n? \u00bfSon tan burros, antiguos y dogm\u00e1ticos como se suele decir?<\/p>\n<p>PS: Hablando del grupo PRISA. He le\u00eddo recientemente en rebeli\u00f3n, en un art\u00edculo de David Brooks publicado en <i>La Jornada<\/i>, que Andr\u00e9s Oppenheimer, columnista del Miami Herald y, si no ando errado, tambi\u00e9n articulista de <i>El Pa\u00eds<\/i> en el pasado y\/o en la actualidad, ha escrito el siguiente comentario sobre Obama, Ch\u00e1vez, Galeano y <i>Las venas abiertas de Am\u00e9rica Latina.<\/i> Lean con atenci\u00f3n, pongan sus cinco sentidos cr\u00edticos, no se pierdan detalle: \u201cCuando Ch\u00e1vez le entreg\u00f3 un ejemplar en espa\u00f1ol del libro del autor uruguayo Eduardo Galeano, <i>Las venas abiertas de Am\u00e9rica Latina<\/i>, <i>una diatriba cuyo tema de fondo es que la pobreza latinoamericana es causada por el imperialismo de Estados Unidos<\/i>, Obama lo acept\u00f3 con una sonrisa. Cuando al presidente estadunidense le preguntaron m\u00e1s tarde los reporteros qu\u00e9 le parec\u00eda el regalo de Ch\u00e1vez, sonri\u00f3 y dijo que \u2018fue un gesto bonito\u2026 soy un lector\u2019. Fue una respuesta curiosa, <i>dado que el gesto de Ch\u00e1vez era el equivalente de regalarle <\/i>Mein Kampf<i>, de Adolf Hitler, a un presidente israel\u00ed\u201d<\/i>.<\/p>\n<p>Los \u00e9nfasis son m\u00edos. No hace falta que les diga que no creo que el se\u00f1or Oppenheimer haya le\u00eddo el inolvidable libro de Eduardo Galeano pero s\u00ed me atrevo a decir que una frase, una comparaci\u00f3n de esa \u00edndole, aparte del sionismo de siempre y de la defensa encubierta del Estado sionista anexionista, es un insulto de tal tama\u00f1o, de tal abyecci\u00f3n, de tal indignidad, que merece pasar a la historia universal de la infamia. \u00bfLo guardamos en ese archivo?<\/p>\n","protected":false},"excerpt":{"rendered":"<p>Gestos medi\u00e1ticos, cambios de ubicaci\u00f3n y poder pol\u00edtico.<\/p>\n<p>Salvador L\u00f3pez Arnal<\/p>\n<p>Lo sucedido, desgraciadamente, ha sido y es tan frecuente que probablemente s\u00f3lo requiera un breve nota.<\/p>\n","protected":false},"author":9,"featured_media":0,"comment_status":"open","ping_status":"open","sticky":false,"template":"","format":"standard","meta":{"footnotes":""},"categories":[13],"tags":[],"class_list":["post-1121","post","type-post","status-publish","format-standard","hentry","category-la-izquierda-a-debate"],"aioseo_notices":[],"_links":{"self":[{"href":"https:\/\/espai-marx.net\/index.php?rest_route=\/wp\/v2\/posts\/1121","targetHints":{"allow":["GET"]}}],"collection":[{"href":"https:\/\/espai-marx.net\/index.php?rest_route=\/wp\/v2\/posts"}],"about":[{"href":"https:\/\/espai-marx.net\/index.php?rest_route=\/wp\/v2\/types\/post"}],"author":[{"embeddable":true,"href":"https:\/\/espai-marx.net\/index.php?rest_route=\/wp\/v2\/users\/9"}],"replies":[{"embeddable":true,"href":"https:\/\/espai-marx.net\/index.php?rest_route=%2Fwp%2Fv2%2Fcomments&post=1121"}],"version-history":[{"count":0,"href":"https:\/\/espai-marx.net\/index.php?rest_route=\/wp\/v2\/posts\/1121\/revisions"}],"wp:attachment":[{"href":"https:\/\/espai-marx.net\/index.php?rest_route=%2Fwp%2Fv2%2Fmedia&parent=1121"}],"wp:term":[{"taxonomy":"category","embeddable":true,"href":"https:\/\/espai-marx.net\/index.php?rest_route=%2Fwp%2Fv2%2Fcategories&post=1121"},{"taxonomy":"post_tag","embeddable":true,"href":"https:\/\/espai-marx.net\/index.php?rest_route=%2Fwp%2Fv2%2Ftags&post=1121"}],"curies":[{"name":"wp","href":"https:\/\/api.w.org\/{rel}","templated":true}]}}