{"id":1122,"date":"2009-05-03T00:00:00","date_gmt":"2009-05-03T00:00:00","guid":{"rendered":"https:\/\/espai-marx.net\/?p=1122"},"modified":"2020-02-23T15:36:21","modified_gmt":"2020-02-23T14:36:21","slug":"obituario-de-javier-ortiz","status":"publish","type":"post","link":"https:\/\/espai-marx.net\/?p=1122","title":{"rendered":"Obituario de Javier Ortiz"},"content":{"rendered":"<p><em><strong>El columnista de &#8216;P\u00fablico&#8217; dej\u00f3 escrito su propio obituario, bajo estas l\u00edneas, en su blog<\/strong><\/em><\/p>\n<p>28\/04\/2009 12:37<\/p>\n<p>Falleci\u00f3 ayer de parada cardio-respiratoria el escritor y periodista Javier Ortiz. Es algo que \u00e9l mismo, autor de estas l\u00edneas, sab\u00eda muy bien que suceder\u00eda, y que por eso pudo pronosticar, porque <b>no hay nada m\u00e1s inevitable que morir de parada cardio-respiratoria<\/b>. Si sigues respirando y el coraz\u00f3n te late, no te dan por muerto.<\/p>\n<p>As\u00ed que en \u00e9sas estamos (bueno, \u00e9l ya no).<\/p>\n<p>Javier Ortiz fue el sexto hijo de una maestra de Ir\u00fan, Mar\u00eda Est\u00e9vez S\u00e1ez, y de un gestor administrativo madrile\u00f1o, Jos\u00e9 Mar\u00eda Ortiz Crouselles. Sus abuelos fueron, respectivamente, un se\u00f1or de Granada con aspecto de polic\u00eda -lo que tal vez se justifique considerando el hecho de que era polic\u00eda-, una se\u00f1ora muy agradable y culta con allure y apellido del Rosell\u00f3n, un honrado y <b>discreto carabinero orensano con habilidades de pendolista<\/b> y una viuda de Haro casada en segundas nupcias con el reci\u00e9n mencionado, Javier Est\u00e9vez Cartelle, del que se deriv\u00f3 el nombre de pila de nuestro reci\u00e9n difunto. Si alg\u00fan inter\u00e9s tienen todos estos antecedentes, cosa que dista de estar clara, es el de demostrar que, en contra de lo que suele pretenderse, el cruce de razas no mejora el producto. (Obs\u00e9rvese qu\u00e9 gran variedad de procedencias se puso en juego para acabar fabricando a un vasco calvo y bajito.)<\/p>\n<p><b>La infancia de Javier Ortiz transcurri\u00f3 en San Sebasti\u00e1n<\/b>, ciudad que le ven\u00eda muy a mano, porque naci\u00f3 all\u00ed. Se dedic\u00f3 b\u00e1sicamente a mirar lo que hab\u00eda por sus cercan\u00edas, en particular el pecho de las se\u00f1oras -ahora que ya est\u00e1 muerto podemos descubrir ese inocente secreto suyo-, y a estudiar cosas tan peregrinas como las ciudades costeras del Per\u00fa, de las que no logr\u00f3 olvidarse hasta su postrer respiro. Los jesuitas trataron de encauzarlo por el buen camino, pero \u00e9l descubri\u00f3 muy pronto que era comunista. Eso malogr\u00f3 del todo su carrera religiosa, ya de por s\u00ed poco prometedora, sobre todo desde que not\u00f3 con desagrado el inter\u00e9s que algunos sacerdotes pon\u00edan en sus partes pudendas.<\/p>\n<p>Su primer trabajo como escribidor, aparecido en una p\u00e1gina del peri\u00f3dico del colegio, fue, curiosamente, una necrol\u00f3gica, con lo que cabr\u00eda decir que <b>su carrera como periodista ha resultado capic\u00faa<\/b>, singular circunstancia de la que muy pocos podr\u00edan presumir, a\u00fan en el improbable caso de que lo pretendieran.<\/p>\n<p>A los 15 a\u00f1os, hastiado de las injusticias humanas -algunas de las cuales segu\u00edan teniendo como referencia obsesiva los pechos femeninos-, decidi\u00f3 hacerse marxista-leninista. Los a\u00f1os siguientes tuvo que emplearlos en averiguar qu\u00e9 era eso que acababa de hacerse, a lo que contribuyeron decisivamente algunos esforzados miembros de la Polic\u00eda pol\u00edtica franquista.<\/p>\n<p>A partir de lo cual, se dedic\u00f3 con gran entusiasmo a cultivar <b>el noble g\u00e9nero del panfleto<\/b>. Sin parar. A diario. A\u00f1o tras a\u00f1o. Fue cambiando de punto de residencia, no siempre por voluntad propia -ah\u00ed merecen especial menci\u00f3n sus estancias carcelarias y su exilio, primero en Burdeos, luego en Par\u00eds-, pero jam\u00e1s vari\u00f3 su inquebrantable af\u00e1n de agitador pol\u00edtico, que \u00e9l pretend\u00eda haber adquirido, por absurdo que parezca -y sea, de hecho-, en la lectura de Los documentos p\u00f3stumos del Club Pickwick, de don Carlos Dickens, y de las Aventuras, inventos y mixtificaciones de Silvestre Padarox, de don P\u00edo Baroja.<\/p>\n<p><b>Burdeos, Par\u00eds, Barcelona, Madrid, Bilbao, Aig\u00fces, Santander&#8230; <\/b>Recorri\u00f3 incontables sitios y holl\u00f3 inn\u00fameros parajes sin parar de escribir, erre que erre. Zutik!, Servir al Pueblo, Saida, Liberaci\u00f3n -y Mar, y Mediterranean Magazine- y El Mundo, y una docena de libros, y varias radios, y algunas televisiones&#8230; Por escribir, incluso escribi\u00f3 para otros y otras, ejerciendo de negro en momentos de particular penuria. Tambi\u00e9n lo hizo a veces por amistad.<\/p>\n<p>Movido por la lectura del Selecciones de Reader&#8217;s Digest y otras publicaciones estadounidenses tan aficionadas a ese g\u00e9nero de operaciones, un d\u00eda decidi\u00f3 calcular cu\u00e1ntos kil\u00f3metros cubrir\u00edan sus escritos, en el caso de colocarlos todos en una sola largu\u00edsima l\u00ednea de cuerpo 12. El resultado de la estimaci\u00f3n fue concluyente: ocupar\u00edan la tira.<\/p>\n<p><b>En materia de amores<\/b> (de la que ser\u00eda injusto decir que careciera de alguna experiencia), tambi\u00e9n fue capic\u00faa. Dec\u00eda que las mejores mujeres, las m\u00e1s cari\u00f1osas y las m\u00e1s nobles con las que comparti\u00f3 sus d\u00edas (sin desde\u00f1ar dogm\u00e1ticamente a ninguna otra), le resultaron la primera y la \u00faltima. Aunque la favorita le apareciera por medio: su hija Ane.<\/p>\n<p><b>Y todo para acabar con algo tan vulgar como la muerte<\/b>. Por parada cardio-respiratoria, como queda dicho. En fin, otro puesto de trabajo disponible. Algo es algo.<\/p>\n<p><i><a href=\"http:\/\/www.publico.es\/221981\/fallece\/periodista\/javier\/ortiz\">Javier Ortiz<\/a>, escritor y columnista, naci\u00f3 en Donostia-San Sebasti\u00e1n el 24 de enero de 1948 y muri\u00f3 ayer en Aig\u00fces (Alicante), tras dejar escrito en su <a href=\"http:\/\/www.javierortiz.net\/jor\/dedo\/sueno-con-jamaica\">blog<\/a> el presente obituario. <\/i><\/p>\n","protected":false},"excerpt":{"rendered":"<p>JAVIER ORTIZ &#8211; 28\/04\/2009 12:37<\/p>\n<p>Falleci\u00f3 ayer de parada cardio-respiratoria el escritor y periodista Javier Ortiz. Es algo que \u00e9l mismo, autor de estas l\u00edneas, sab\u00eda muy bien que suceder\u00eda, y que por eso pudo pronosticar, porque no hay nada m\u00e1s inevitable que morir de parada cardio-respiratoria. Si sigues respirando y el coraz\u00f3n te late, no te dan por muerto.<\/p>\n<p>As\u00ed que en \u00e9sas estamos (bueno, \u00e9l ya no).<\/p>\n<p>Javier Ortiz fue el sexto hijo de una maestra de Ir\u00fan, Mar\u00eda Est\u00e9vez S\u00e1ez, y de un gestor administrativo madrile\u00f1o, Jos\u00e9 Mar\u00eda Ortiz Crouselles. Sus abuelos fueron, respectivamente, un se\u00f1or de Granada con aspecto de polic\u00eda -lo que tal vez se justifique considerando el hecho de que era polic\u00eda-, una se\u00f1ora muy agradable y culta con allure y apellido del Rosell\u00f3n, un honrado y discreto carabinero orensano con habilidades de pendolista y una viuda de Haro casada en segundas nupcias con el reci\u00e9n mencionado, Javier Est\u00e9vez Cartelle, del que se deriv\u00f3 el nombre de pila de nuestro reci\u00e9n difunto. Si alg\u00fan inter\u00e9s tienen todos estos antecedentes, cosa que dista de estar clara, es el de demostrar que, en contra de lo que suele pretenderse, el cruce de razas no mejora el producto. (Obs\u00e9rvese qu\u00e9 gran variedad de procedencias se puso en juego para acabar fabricando a un vasco calvo y bajito.)<\/p>\n<p>La infancia de Javier Ortiz transcurri\u00f3 en San Sebasti\u00e1n, ciudad que le ven\u00eda muy a mano, porque naci\u00f3 all\u00ed. Se dedic\u00f3 b\u00e1sicamente a mirar lo que hab\u00eda por sus cercan\u00edas, en particular el pecho de las se\u00f1oras -ahora que ya est\u00e1 muerto podemos descubrir ese inocente secreto suyo-, y a estudiar cosas tan peregrinas como las ciudades costeras del Per\u00fa, de las que no logr\u00f3 olvidarse hasta su postrer respiro. Los jesuitas trataron de encauzarlo por el buen camino, pero \u00e9l descubri\u00f3 muy pronto que era comunista. Eso malogr\u00f3 del todo su carrera religiosa, ya de por s\u00ed poco prometedora, sobre todo desde que not\u00f3 con desagrado el inter\u00e9s que algunos sacerdotes pon\u00edan en sus partes pudendas.<\/p>\n<p>Su primer trabajo como escribidor, aparecido en una p\u00e1gina del peri\u00f3dico del colegio, fue, curiosamente, una necrol\u00f3gica, con lo que cabr\u00eda decir que su carrera como periodista ha resultado capic\u00faa, singular circunstancia de la que muy pocos podr\u00edan presumir, a\u00fan en el improbable caso de que lo pretendieran.<\/p>\n","protected":false},"author":9,"featured_media":0,"comment_status":"open","ping_status":"open","sticky":false,"template":"","format":"standard","meta":{"footnotes":""},"categories":[3],"tags":[],"class_list":["post-1122","post","type-post","status-publish","format-standard","hentry","category-condiciones-de-vida"],"aioseo_notices":[],"_links":{"self":[{"href":"https:\/\/espai-marx.net\/index.php?rest_route=\/wp\/v2\/posts\/1122","targetHints":{"allow":["GET"]}}],"collection":[{"href":"https:\/\/espai-marx.net\/index.php?rest_route=\/wp\/v2\/posts"}],"about":[{"href":"https:\/\/espai-marx.net\/index.php?rest_route=\/wp\/v2\/types\/post"}],"author":[{"embeddable":true,"href":"https:\/\/espai-marx.net\/index.php?rest_route=\/wp\/v2\/users\/9"}],"replies":[{"embeddable":true,"href":"https:\/\/espai-marx.net\/index.php?rest_route=%2Fwp%2Fv2%2Fcomments&post=1122"}],"version-history":[{"count":0,"href":"https:\/\/espai-marx.net\/index.php?rest_route=\/wp\/v2\/posts\/1122\/revisions"}],"wp:attachment":[{"href":"https:\/\/espai-marx.net\/index.php?rest_route=%2Fwp%2Fv2%2Fmedia&parent=1122"}],"wp:term":[{"taxonomy":"category","embeddable":true,"href":"https:\/\/espai-marx.net\/index.php?rest_route=%2Fwp%2Fv2%2Fcategories&post=1122"},{"taxonomy":"post_tag","embeddable":true,"href":"https:\/\/espai-marx.net\/index.php?rest_route=%2Fwp%2Fv2%2Ftags&post=1122"}],"curies":[{"name":"wp","href":"https:\/\/api.w.org\/{rel}","templated":true}]}}