{"id":1123,"date":"2009-05-03T00:00:00","date_gmt":"2009-05-03T00:00:00","guid":{"rendered":"https:\/\/espai-marx.net\/?p=1123"},"modified":"2020-02-23T15:38:00","modified_gmt":"2020-02-23T14:38:00","slug":"sopa-politica-de-letras","status":"publish","type":"post","link":"https:\/\/espai-marx.net\/?p=1123","title":{"rendered":"Sopa (pol\u00edtica) de letras"},"content":{"rendered":"<p>La madre de mi compa\u00f1era (\u201csuegra\u201d es una palabra que me sigue costando escribir o pronunciar) tiene 72 a\u00f1os reci\u00e9n cumplidos. Como muchas mujeres espa\u00f1olas de su edad, ha trabajado desde muy peque\u00f1a. En el campo, sirviendo en la ciudad, limpiando casas, levantando un bar en el extrarradio barcelon\u00e9s, cuidando a su madre y a sus cuatro hijos, llevando la casa familiar. Doble, triple jornada. No pudo estudiar desde luego. Lo hizo de mayor. Ha estado yendo durante cuatro a\u00f1os a la Escuela de Adultos de Santa Coloma de Gramenet, una ciudad trabajadora pegada a Barcelona. Uno de sus profesores, esos admirables trabajadores de la ense\u00f1anza que no cesa en su empe\u00f1o de ayudar a generar una ciudadan\u00eda informada, cr\u00edtica y letrada, le recomend\u00f3 para su castellano, al igual que para su aprendizaje del catal\u00e1n, que practicara el juego de la sopa de letras. Lo hizo. Se lo pasa en grande. Es de hecho una experta. Ni que decir tiene que me gana por goleada. Contagi\u00f3 en su d\u00eda a Daniel, mi hijo.<\/p>\n<p>Como soy muy soso y aburrido, ella, andaluza, y, auque sea un t\u00f3pico, con gracia natural que le sale por los ojos y la boca en cada nanoinstante de su existencia, no sabe muy bien qu\u00e9 decirme en ocasiones. Para darme juego en las reuniones familiares y cuando llama por tel\u00e9fono a casa, me pregunta siempre por acr\u00f3nimos pol\u00edticos. Ella cree firmemente, acaso con raz\u00f3n, que yo no tengo otros temas de conversaci\u00f3n, el indicado y el de las estructuras algebraicas pero no quiere meterse por ahora en estos \u00e1mbitos abstractos. Salva, me dice, qu\u00e9 es esto de la OMC, qu\u00e9 es esto del FMI, qu\u00e9 es esto de la CEOE. Despu\u00e9s de 45 minutos, suele interrumpirme. Por favor, Salvador, respira, c\u00e1lmate un poco. Ya est\u00e1, ya he entendido que son tent\u00e1culos del capital y que FMI significa \u201cFondo Monetario\u201d. De acuerdo, respira hondo. Por cierto, \u00bfse puede poner mi hija? Su hija se pone y, claro est\u00e1, todo cambia de golpe. Todo es mucho m\u00e1s fluido.<\/p>\n<p>\u00daltimamente, sin embargo, no logro disolver sus dudas de siglas. Los creadores de sopas de letras, que est\u00e1n al loro siempre, han introducido las siglas de las organizaciones de izquierda no entregada que se presentan a las pr\u00f3ximas elecciones europeas, las del 7 de junio, en algunas de sus p\u00e1ginas. Y aqu\u00ed, Catalina, mi nueva madre, me coge siempre. Salva, sinceramente, me dice, sin \u00e1nimo de ofender, no te acabas de enterar, no te enteras vamos, y ya eres mayorcito y, a veces, te las das de enterado. Pues qu\u00e9 bien.<\/p>\n<p>Se suma adem\u00e1s otro factor que ella desconoce. No me he atrevido a explic\u00e1rselo. Yo he practicado no s\u00f3lo te\u00f3ricamente el juego al\u00e9fico de las siglas pol\u00edticas. Estuve a punto de ser premiado. Fui militante del PCE (m-l), del FRAP, del MCC, de la ORT, de nuevo del MCC, tonte\u00e9 con Nacionalistes de Izquierda dos o tres semanas, para acabar en Iniciativa per Catalunya, cuando era otra cosa muy distinta, y finalmente, y por ahora, en EuiA. Nos les hablo con detalle de mi trayectoria sindical pero tres cuartos de lo mismo: OSO, CC.OO, Co.Bas.<\/p>\n<p>Pues bien a pesar de mi curriculum y mi empe\u00f1o te\u00f3rico lo logro enterarme del todo. Y cuando me entero, me desespero. No puede ser y lo que no puede ser no es razonable. O a la inversa, depende de sus consideraciones sobre ontolog\u00eda y epistemolog\u00eda. Como prefieran.<\/p>\n<p>No les dir\u00e9 que la candidatura de Izquierda Unida no tenga aspectos discutibles. Los tiene. Uno, en mi opini\u00f3n, esencial. El segundo candidato se inscribir\u00e1, diga lo que diga, se haya acordado lo que se haya acordado, en un grupo parlamentario europeo que no ser\u00e1 el de la Izquierda europea sino en el de \u201cLos verdes\u201d, grupo sobre cuya trayectoria pol\u00edtica en estas \u00faltimas d\u00e9cadas las dudas asaltan los cielos y su tierra. Pero, si dejamos al margen este punto sustantivo, no me dir\u00e1n que IU, a pesar del transfuguismo de Rosa Aguilar, o, bien mirado, gracias a \u00e9l, no ha ganado un tanto, que no es poco, desde la coordinaci\u00f3n de Cayo Lara y desde el buen hacer parlamentario, sin jugada oculta, de Gaspar Llamazares. \u00bfNo merece nuestro voto?<\/p>\n<p>Pero hay m\u00e1s, varias candidaturas m\u00e1s. Cito dos de ellas. Una tiene como primer candidato a Alfonso Sastre. No creo que sea necesario que les se\u00f1ale mi admiraci\u00f3n por su obra y por su actitud c\u00edvica. Por si fuera poco, era el compa\u00f1ero de la inolvidable Eva Sastre. \u00bfC\u00f3mo no otorgar el voto a un candidatura as\u00ed, que cuenta con \u00e9l y con numerosos compa\u00f1eros y compa\u00f1eras admirables?<\/p>\n<p>Otra candidatura tiene a Esther Vivas como cabeza de lista. Y, sin poder precisar, en tercer o cuarto lugar aparece el nombre de Carlos Fern\u00e1ndez Liria. Esther es una las personas m\u00e1s consistentes y preparadas que yo conozco. Es dif\u00edcil no verla en cualquier asunto ciudadano que tenga que ver con la justicia y con la lucha contra la barbarie. Carlos Fern\u00e1ndez Liria, su compa\u00f1ero de lista, es, sin atisbo de duda, uno de los grandes fil\u00f3sofos hisp\u00e1nicos, quiz\u00e1 me quedo corto, y unos de los agitadores cultural-pol\u00edticos de mayor influencia en nuestra sociedad. Adem\u00e1s de ello un conferenciante y polemista tan brillante que escucharle es una de las mejores cosas que se pueden hacer en esta vida. \u00bfC\u00f3mo negar el voto a una candidatura as\u00ed? Yo quiero votarles.<\/p>\n<p>No he hablado de programas. No los he le\u00eddo hasta ahora. Pero no creo que tenga grandes diferencias con ninguno de ellos. Lo mismo podr\u00eda afirmar de alguna candidatura m\u00e1s que no he tra\u00eddo a colaci\u00f3n.<\/p>\n<p>S\u00e9 que las elecciones europeas no son un asunto pol\u00edtico de primera magnitud y que podemos permitirnos ciertos lujos. Pero, \u00bftanto es nuestro margen? \u00bfEs razonable, tal como est\u00e1n los tiempos, que la izquierda transformadora, la izquierda que no ha claudicado, la alejada de los centros de poder pr\u00e1cticamente intercambiables PP-PSOE-CiU-PNV-UPN y afines, deba seguir el sendero de la atomizaci\u00f3n de la materia? \u00bfNo hay forma de buscar puntos de uni\u00f3n y aceptar entre todos que podemos convivir con diferencias program\u00e1ticas e hist\u00f3ricas gentes diversas y que no ser\u00e1 posible construir nada que cuente pol\u00edticamente si fijamos nuestra mirada cr\u00edtica en la tercera l\u00ednea\u00a0 del segundo p\u00e1rrafo, en la coma del cuarto, en la cita que encabeza la declaraci\u00f3n de principios, o en el historial no siempre inmaculado de alguno de los candidatos? Por lo dem\u00e1s, la historia cuenta, claro est\u00e1, pero no hasta obstaculizar nuestro futuro que ya es presente.<\/p>\n<p>En el Chile socialista se cant\u00f3 y grit\u00f3 que el pueblo unido jam\u00e1s ser\u00e1 vencido. Se ten\u00edan razones aunque no es obvia ni est\u00e1 garantizada para siempre la veracidad de la afirmaci\u00f3n. Pero, por reducci\u00f3n al absurdo, parece casi segura la derrota si persistimos, erre que erre, como en los viejos tiempos, en el camino de la desuni\u00f3n y en el cultivo de una sopa de letras que se atraganta en la garganta y en el alma de cualquier ciudadano o ciudadana combatiene, resistente e informado.<\/p>\n","protected":false},"excerpt":{"rendered":"<p>Salvador L\u00f3pez Arnal<\/p>\n<p>La madre de mi compa\u00f1era (\u201csuegra\u201d es una palabra que me sigue costando escribir o pronunciar) tiene 72 a\u00f1os reci\u00e9n cumplidos. Como muchas mujeres espa\u00f1olas de su edad, ha trabajado desde muy peque\u00f1a. En el campo, sirviendo en la ciudad, limpiando casas, levantando un bar en el extrarradio barcelon\u00e9s, cuidando a su madre y a sus cuatro hijos, llevando la casa familiar. Doble, triple jornada. No pudo estudiar desde luego. Lo hizo de mayor. Ha estado yendo durante cuatro a\u00f1os a la Escuela de Adultos de Santa Coloma de Gramenet, una ciudad trabajadora pegada a Barcelona. Uno de sus profesores, esos admirables trabajadores de la ense\u00f1anza que no cesa en su empe\u00f1o de ayudar a generar una ciudadan\u00eda informada, cr\u00edtica y letrada, le recomend\u00f3 para su castellano, al igual que para su aprendizaje del catal\u00e1n, que practicara el juego de la sopa de letras. Lo hizo. Se lo pasa en grande. Es de hecho una experta. Ni que decir tiene que me gana por goleada. Contagi\u00f3 en su d\u00eda a Daniel, mi hijo.<\/p>\n<p>Como soy muy soso y aburrido, ella, andaluza, y, auque sea un t\u00f3pico, con gracia natural que le sale por los ojos y la boca en cada nanoinstante de su existencia, no sabe muy bien qu\u00e9 decirme en ocasiones. Para darme juego en las reuniones familiares y cuando llama por tel\u00e9fono a casa, me pregunta siempre por acr\u00f3nimos pol\u00edticos. Ella cree firmemente, acaso con raz\u00f3n, que yo no tengo otros temas de conversaci\u00f3n, el indicado y el de las estructuras algebraicas pero no quiere meterse por ahora en estos \u00e1mbitos abstractos. Salva, me dice, qu\u00e9 es esto de la  OMC, qu\u00e9 es esto del FMI, qu\u00e9 es esto de la CEOE. Despu\u00e9s de 45 minutos, suele interrumpirme. Por favor, Salvador, respira, c\u00e1lmate un poco. Ya est\u00e1, ya he entendido que son tent\u00e1culos del capital y que FMI significa \u201cFondo Monetario\u201d. De acuerdo, respira hondo. Por cierto, \u00bfse puede poner mi hija? Su hija se pone y, claro est\u00e1, todo cambia de golpe. Todo es mucho m\u00e1s fluido. <\/p>\n","protected":false},"author":9,"featured_media":0,"comment_status":"open","ping_status":"open","sticky":false,"template":"","format":"standard","meta":{"footnotes":""},"categories":[13],"tags":[],"class_list":["post-1123","post","type-post","status-publish","format-standard","hentry","category-la-izquierda-a-debate"],"aioseo_notices":[],"_links":{"self":[{"href":"https:\/\/espai-marx.net\/index.php?rest_route=\/wp\/v2\/posts\/1123","targetHints":{"allow":["GET"]}}],"collection":[{"href":"https:\/\/espai-marx.net\/index.php?rest_route=\/wp\/v2\/posts"}],"about":[{"href":"https:\/\/espai-marx.net\/index.php?rest_route=\/wp\/v2\/types\/post"}],"author":[{"embeddable":true,"href":"https:\/\/espai-marx.net\/index.php?rest_route=\/wp\/v2\/users\/9"}],"replies":[{"embeddable":true,"href":"https:\/\/espai-marx.net\/index.php?rest_route=%2Fwp%2Fv2%2Fcomments&post=1123"}],"version-history":[{"count":0,"href":"https:\/\/espai-marx.net\/index.php?rest_route=\/wp\/v2\/posts\/1123\/revisions"}],"wp:attachment":[{"href":"https:\/\/espai-marx.net\/index.php?rest_route=%2Fwp%2Fv2%2Fmedia&parent=1123"}],"wp:term":[{"taxonomy":"category","embeddable":true,"href":"https:\/\/espai-marx.net\/index.php?rest_route=%2Fwp%2Fv2%2Fcategories&post=1123"},{"taxonomy":"post_tag","embeddable":true,"href":"https:\/\/espai-marx.net\/index.php?rest_route=%2Fwp%2Fv2%2Ftags&post=1123"}],"curies":[{"name":"wp","href":"https:\/\/api.w.org\/{rel}","templated":true}]}}