{"id":1125,"date":"2009-05-03T00:00:00","date_gmt":"2009-05-03T00:00:00","guid":{"rendered":"https:\/\/espai-marx.net\/?p=1125"},"modified":"2020-02-23T15:40:27","modified_gmt":"2020-02-23T14:40:27","slug":"entrevista-con-josep-bel-de-co-bas-sobre-el-primero-de-mayo","status":"publish","type":"post","link":"https:\/\/espai-marx.net\/?p=1125","title":{"rendered":"Entrevista con Josep Bel de CO.BAS sobre el primero de Mayo"},"content":{"rendered":"<p><em>Entrevista con Josep Bel de CO.BAS sobre el primero de Mayo: \u201cNuestras ideas para este 1\u00ba de mayo son dos: avanzar en la construcci\u00f3n unitaria del sindicalismo alternativo y avanzar en una alternativa de los trabajadores frente a la crisis.\u201d<\/em><\/p>\n<p>&nbsp;<\/p>\n<p>Josep Bel es trabajador de Telef\u00f3nica, presidente del comit\u00e9 de empresa y dirigente de Co.bas. Adem\u00e1s de ello, es dif\u00edcil, por no decir imposible, citar un movimiento ciudadano antimilitarista, defensor de derechos ciudadanos y de los trabajadores, amante de la justicia, contrario a la explotaci\u00f3n, opuesto al capitalismo en cualquiera de sus f\u00e1usticas variantes, que no cuente con su presencia. Josep Bel es, desde mi punto de vista, uno de los grandes l\u00edderes sindicales y pol\u00edticos surgidos de la clase obrera catalana y espa\u00f1ola en estos \u00faltimos 35 a\u00f1os.<\/p>\n<p>Antes de entrar en el primero de Mayo perm\u00edteme preguntarte por tu sindicato, por Co.BAS. \u00bfDe d\u00f3nde surge? \u00bfQu\u00e9 principios defend\u00e9is? \u00bfQu\u00e9 os hace diferente de otros sindicatos m\u00e1s institucionalizados?<\/p>\n<p>Discrep\u00e1bamos con la l\u00ednea oficial de la direcci\u00f3n del sindicato, en su voluntad de aceptar todas aquellas medidas regresivas que iban aplicando las direcciones de las empresas y administraciones sin intentar siquiera una m\u00ednima oposici\u00f3n y por su nefasta actitud de firmar acuerdos sin consultar a los trabajadores. Un ejemplo fue la privatizaci\u00f3n en Telef\u00f3nica que paso de 72.000 empleos dignos a 28.000, sustituy\u00e9ndolos adem\u00e1s por empleo precario sin ni siquiera luchar contra ello.<\/p>\n<p>Co.bas surge en el 2003, del enfrentamiento que parte de la afiliaci\u00f3n de CC.OO. (mayoritariamente del sector cr\u00edtico) ven\u00edamos manteniendo en la pr\u00e1ctica contra los m\u00e9todos y formas de hacer sindicalismo de la direcci\u00f3n \u00aboficialista\u00bb del sindicato. La falta de respeto a la pluralidad interna, la pol\u00edtica represora de la direcci\u00f3n sindical burocratizada contra toda la afiliaci\u00f3n discrepante, nuestro compromiso de participaci\u00f3n y colaboraci\u00f3n con la lucha ejemplar de los trabajadores de SINTEL, convirti\u00e9ndose \u00e9sta en nuestro referente por su coincidencia en la acci\u00f3n y en los m\u00e9todos sindicales que ven\u00edamos practicando, hizo que miembros del sector Cr\u00edtico, respetando las decisiones adoptadas mayoritariamente en asambleas de afiliados y afiliadas, constituy\u00e9ramos co.bas, empezando en Catalunya, Madrid, Andaluc\u00eda, Euskadi, Castilla y Le\u00f3n, etc.<\/p>\n<p>Los primeros resultados no se hicieron esperar. Amplio respaldo afiliativo a nivel estatal. A s\u00f3lo dos meses de nuestra legalizaci\u00f3n, pasamos a ser la tercera fuerza en todo el Estado y la primera en Barcelona en las elecciones sindicales que se celebraron en Telef\u00f3nica.<\/p>\n<p>Posteriormente, los compa\u00f1eros de Canarias se confederan en co.bas, a partir de situaciones similares en la Administraci\u00f3n P\u00fablica y co.bas se extiende a m\u00e1s sectores. \u00daltimamente, por citar algunos ejemplos, en\u00a0 el metal, en las contratas y entre j\u00f3venes precarios.<\/p>\n<p><b><i>\u00bfY cu\u00e1les son vuestros rasgos sindicales esenciales?<\/i><\/b><\/p>\n<p>Co.bas se constituye<b> <\/b><strong>como sindicato de clase, asambleario, participativo, con independencia econ\u00f3mica de los poderes p\u00fablicos y privados, de lucha y confrontaci\u00f3n con el sistema, donde son los trabajadores y las trabajadoras quienes toman las decisiones y no una \u00abc\u00fapula\u00bb sindical.<\/strong><\/p>\n<p>La democracia participativa es la parte fundamental de nuestro proyecto sindical. Por ello, en nuestra acci\u00f3n sindical, la decisi\u00f3n corresponde a los afiliados y a los trabajadores. Para que esto sea posible, para que la decisi\u00f3n de los afiliados cuente de hecho, la organizaci\u00f3n pone los mecanismos necesarios, incluso, en la elecci\u00f3n y en la revocaci\u00f3n en cualquier momento de los responsables o delegados sindicales.<\/p>\n<p>Desde co.bas trabajamos con criterios de m\u00e1xima unidad por un proyecto para toda la clase obrera, indistintamente de la empresa, sector, localidad o territorio al que \u00e9sta pertenezca.<\/p>\n<p>La segmentaci\u00f3n actual, la subcontrataci\u00f3n y precariedad, as\u00ed como los sindicatos que se han ido constituyendo a partir de las expulsiones y crisis de CC.OO. desde los Pactos de la Moncloa, y las organizaciones obreras que han surgido fruto de la desconfianza y rechazo a los \u00absindicatos institucionales\u00bb, han configurado un mapa de diversidad sindical que no podemos obviar.<\/p>\n<p>\u00bfNo sois un sindicato demasiado politizado, demasiado asambleario? \u00bfEn qu\u00e9 corrientes del sindicalismo os inspir\u00e1is?<\/p>\n<p>Nuestra practica sindical esta centrada en el d\u00eda a d\u00eda de la de defensa de los intereses inmediatos de los trabajadores. Ser\u00eda dif\u00edcil mantenernos como primera fuerza sindical en algunas empresas si nos present\u00e1semos ante los trabajadores con una imagen muy politizada. Sin embargo, partiendo de la lucha diaria, queremos dar una perspectiva m\u00e1s general a la lucha de los trabajadores, como se hizo al fundar CC.OO. como sindicato sociopol\u00edtico: ense\u00f1anza y sanidad p\u00fablicas de calidad, servicios p\u00fablicos fundamentales, vivienda social, etc.<\/p>\n<p>En este proceso, el incremento de la organizaci\u00f3n y conciencia de los trabajadores es fundamental, y para ello, su participaci\u00f3n en la toma de decisiones es esencial. Las decisiones y la forma de construirlas tienen que ver con la aspiraci\u00f3n a la justicia social por la que se fundan sindicatos. Es fundamental practicar la igualdad de todos los miembros que participan en co.bas, donde no tenemos secretario general ni liberados, aunque si hay liderazgos en cada zona. Estimular que todo afiliado y afiliada debe decidir con libertad y que aprendan a no obedecer ni a dioses ni tribunos es nuestro modelo sindical, muy opuesto como ves al dominante en las empresas.<\/p>\n<p><b><i>\u00bfY en cuanto al sindicalismo en el que os inspir\u00e1is?<\/i><\/b><\/p>\n<p>Co.bas no pretende incluirse en ninguna de las corrientes hist\u00f3ricas, pero por la trayectoria de la mayor\u00eda de sus afiliados, el referente ser\u00eda el proyecto unitario original de CC.OO, posteriormente abandonado por su burocracia dirigente de liberados que no vuelven nunca a trabajar.<\/p>\n<p><b><i>\u00bfC\u00f3mo veis este Primero de Mayo? \u00bfPens\u00e1is apoyar las manifestaciones de CC.OO o UGT o ten\u00e9is calendario alternativo? <\/i><\/b><\/p>\n<p>Nuestras ideas para este 1\u00ba de mayo son dos: avanzar en la construcci\u00f3n unitaria del sindicalismo alternativo y avanzar en una alternativa de los trabajadores frente a la crisis. Su concreci\u00f3n en cada uno de los territorios del Estado depender\u00e1 de las circunstancias. Por ejemplo, en Canarias ha sido posible organizar una manifestaci\u00f3n conjunta con ccoo-ugt-cgt-etc, porque se ha logrado desbordar en el manifiesto unitario la propuesta de pacto social de legislatura que hacen los dirigente estatales de ccoo y ugt.<\/p>\n<p>En Catalunya, donde la actitud de cooo-ugt es muy otra, convocamos conjuntamente, como en a\u00f1os anteriores, con otras organizaciones sindicales, movimientos sociales y partidos que comparten muchos de nuestros puntos de vista sobre la alternativa sindical. La manifestaci\u00f3n empezar\u00e1 a las 17:30 en Plaza Universidad. Todos los trabajadores y trabajadoras, y la ciudadan\u00eda en general, est\u00e1n invitados.<\/p>\n<p><b><i>\u00bfY cu\u00e1les son vuestras principales reivindicaciones en este Primero de Mayo?<\/i><\/b><\/p>\n<p>Ingresos dignos para todos y prestaci\u00f3n de paro hasta encontrar empleo. Las que priorizamos son las unitarias, acordadas con m\u00e1s organizaciones pol\u00edticas y sindicales contra la crisis, y son las siguientes:<\/p>\n<p><b>Salario y pensi\u00f3n m\u00ednima<\/b> de 1.200 euros\/mes y 35h semanales sin reducir salario, como primera medida para repartir el trabajo y la riqueza, y prestaci\u00f3n de paro indefinida mientras no se encuentre trabajo.<b>Reforma fiscal<\/b>, que devuelva la progresividad a los impuestos, despu\u00e9s del irresponsable saqueo de las arcas p\u00fablicas. Prohibir todos los para\u00edsos fiscales y la impunidad fiscal.<b>Alquiler social de todas las viviendas vac\u00edas<\/b>. Expropiaci\u00f3n de las viviendas vac\u00edas retenidas por los constructores y los bancos, e impedir los desahucios de las familias, con moratoria del pago de hipotecas.<b>Banca\u00a0 P\u00fablica<\/b> bajo control social, para que el cr\u00e9dito est\u00e9 al servicio del empleo y no de la especulaci\u00f3n. Contra la socializaci\u00f3n de las p\u00e9rdidas de los bancos, basta de utilizar nuestros impuestos en salvar banqueros, mientras hay m\u00e1s de 1 mill\u00f3n de parados sin ning\u00fan tipo de cobertura social.<b>Paralizaci\u00f3n de las privatizaciones<\/b> de servicios p\u00fablicos, por la reversi\u00f3n de las ya realizadas, en defensa de la Sanidad P\u00fablica, derogaci\u00f3n de la Ley 15\/97, y en defensa de la Educaci\u00f3n P\u00fablica, NO a Bolonia y a la LEC.<b>Prohibici\u00f3n de despidos<\/b>. Nacionalizaci\u00f3n sin indemnizaci\u00f3n de las grandes empresas que cierren, y reapertura bajo control de los trabajadores y asociaciones, para reorientar la producci\u00f3n seg\u00fan las necesidades y con sostenibilidad ecol\u00f3gica. <b>Ninguna personal es ilegal<\/b>; igualdad de derechos para todos, de aqu\u00ed o de otros lugares del Estado y del mundo. Trabajamos hoy para empresas propiedad de capital extranjero o nacional y nos manifestamos en todo el mundo, para no depender de ellos y poder decidir nuestro futuro.\u00a0El trabajo cooperativo, el consumo responsable y las finanzas \u00e9ticas son realidades ya en nuestro pa\u00eds, basadas en valores alternativos a los capitalistas: <i>democracia directa, igualdad, apoyo mutuo, solidaridad, responsabilidad y justicia social.<\/i><\/p>\n<p>\u00bf<b><i>Qu\u00e9 pens\u00e1is de la actual crisis econ\u00f3mica? \u00bfTen\u00e9is alg\u00fan Programa de Acci\u00f3n, alguna visi\u00f3n alternativa?<\/i><\/b><\/p>\n<p>Es una crisis de sobreproducci\u00f3n, como consecuencia de la redistribuci\u00f3n de la renta a favor del capital a causa de la aplicaci\u00f3n durante\u00a0 a\u00f1os de pol\u00edticas neoliberales. La p\u00e9rdida de capacidad adquisitiva de una mayor\u00eda de la poblaci\u00f3n genera una enorme capacidad productiva que no encuentra correspondencia en la capacidad de consumo. Pero tambi\u00e9n\u00a0 es financiera y ecol\u00f3gica.<\/p>\n<p>La crisis es del capitalismo. En el estado actual del movimiento obrero debemos centrarnos en organizar la resistencia frente a las consecuencias de la crisis m\u00e1s negativas para los trabajadores y trabajadoras. Al mismo tiempo que, conjuntamente con otras organizaciones y colectivos, vamos elaborando un programa alternativo, como el que defendemos este 1\u00ba de mayo ante la crisis, y al que me he referido en la pregunta anterior, para afrontar la crisis que permita la constituci\u00f3n de un bloque social capaz de conseguir una aut\u00e9ntica transformaci\u00f3n social del sistema en muchos pa\u00edses que permiten un nuevo orden internacional, no el que surge del G20.<\/p>\n<p>Aunque me imagino la respuesta, \u00bfes necesaria una nueva concertaci\u00f3n similar a aquellos acuerdos de la transici\u00f3n conocidos como Pactos de la Moncloa?<\/p>\n<p>Si repasamos las medidas realizadas contra la crisis, vemos ayudas del gobierno ZP a los bancos, reducci\u00f3n de cuota patronal a la seguridad social, reducci\u00f3n de impuestos, etc. Vemos que la oposici\u00f3n no viene desde los dos sindicatos mayoritarios, ni desde IU-ERC-BNG. Hasta la COPE y el PP se atreven a decir \u201cqu\u00e9 hacen estos sindicatos\u201d en plan hip\u00f3crita. Nuestra idea es simple: hay que luchar todos juntos contra la crisis. No identificar responsables para crear un clima favorable a ese pacto. Los mismos agentes del neoliberalismo, que han venido gestionando y legitimando este sistema, que ha deparado una sociedad brutalmente desigual e injusta, se postulan para hacer frente a la crisis. Los <i>responsables<\/i> son los mismos que han legislado y suscrito pactos durante d\u00e9cadas, son los que han realizado o permitido el desmantelamiento de los servicios y empresas p\u00fablicas<\/p>\n<p>No creemos que la soluci\u00f3n pase otra vez por alargar la edad de jubilaci\u00f3n a 67 a\u00f1os en el pacto de Toledo, ni por aumentar 15 a\u00f1os de c\u00e1lculo a toda la vida laboral. No pasa por rebajar el despido cuando se ha pasado desde la transici\u00f3n de 60 d\u00edas por a\u00f1o con tope de 60 meses, a 45 d\u00edas por a\u00f1o y 42 meses y, en el 2000, se pact\u00f3 por ccoo-ugt un nuevo contrato de 33 d\u00edas por a\u00f1o y no aumento el empleo fijo. Seguimos, por lo dem\u00e1s, con una media de 19 d\u00edas en los despidos actuales. Los temporales, que son el 33% de la poblaci\u00f3n activa, tienen solo 8 d\u00edas por a\u00f1o (excepto en la construcci\u00f3n que son 15 d\u00edas por a\u00f1o trabajado).<\/p>\n<p>Lo necesario es una ley que garantice ingresos dignos a todos y todas. Despu\u00e9s de ver como antiguos dirigentes de UGT (Isabel L\u00f3pez, por ejemplo) y de CC.OO (Antonio Guti\u00e9rrez, el que fuera su secretario general) votaban en marzo de 2009, en el Parlamento, ya como diputados del PSOE, en contra de una salario m\u00ednimo de 1.000 euros brutos al mes (\u00a1850 NETOS!), queda claro el mal ejemplo sindical.<\/p>\n<p>SEGUIMOS EXIGIENDO QUE 1.200 euros ES UN M\u00cdNIMO BASICO PARA VIVIR. Son poco m\u00e1s de 1.000 euros netos, por 14 pagas, que todo empresario que no pueda pagarlo deber\u00eda justificarse ante la autoridad laboral y los sindicatos. En cuanto a los parados que no tienen ingresos, ni empleo y lo buscan, creemos que no puede haber un acuerdo o pacto social que les deje con 450 \u20ac de caridad como plantean ccoo-ugt sino que la prestaci\u00f3n de paro indefinida es b\u00e1sica. La prestaci\u00f3n cotiza a la seguridad social para cuando te jubiles, y el subsidio caritativo no. Con esos ingresos dignos, vinculados a formaci\u00f3n o empleo ecosocial en municipios, se puede avanzar en la no exclusi\u00f3n de 4 millones de personas que se esta produciendo. Lo otro, el pacto social que favorece a empresarios, no da soluci\u00f3n (ver, por ejemplo, web <u>http:\/\/www.moviments.net\/xarxacontratancaments)<\/u>.<\/p>\n<p>La vivienda social es la otra cuesti\u00f3n fundamental que debemos priorizar. Por otra parte, las llamadas a otro modelo de producci\u00f3n son un brindis al sol, sin planificaci\u00f3n del Estado y con la precariedad de los investigadores y la no socializaci\u00f3n del conocimiento con las patentes.<\/p>\n<p>\u00bfC\u00f3mo veis la situaci\u00f3n de las clases trabajadoras espa\u00f1olas actualmente? \u00bfCre\u00e9is que rige en ellas m\u00e1s bien la lucha, el combate, la resistencia, que el acomodo a la situaci\u00f3n?<\/p>\n<p>Hay 12 millones de trabajadores\/as fijos y 4 millones de temporales, m\u00e1s 4 millones de parados y 2 millones de aut\u00f3nomos tambi\u00e9n explotados. El salario se ha reducido para la mayor\u00eda y las pensiones son rid\u00edculas. No sirvi\u00f3, como puede verse por los datos indicatos,\u00a0 tantos a\u00f1os de reducir impuestos a las empresas y obtener grandes beneficios. Dentro de los fijos hay una gran diferencia de ingresos y de seguridad en el empleo. La segmentaci\u00f3n entre empresas principales, filiales, contratas, inmigrantes, etc, dan una gran diversidad de situaciones que dificultan la acci\u00f3n colectiva unitaria como clase.<\/p>\n<p>Lo cierto es que la lucha es, b\u00e1sicamente, por sobrevivir en la mayor\u00eda de las personas y en la mayor parte de su tiempo. No hay ejemplos de combate como Sintel. Son m\u00e1s los EREs donde se vota pactar dinero y destruir empleo, desmontando tejido productivo. Prejubilarse y \u201cque les den\u201d a los j\u00f3venes precarios que vengan es el mal ejemplo de los \u00faltimos a\u00f1os. Adem\u00e1s, pocas ocupaciones de empresas. La mayor\u00eda de los despidos no son de EREs, solo el 5%, y la mayor\u00eda son temporales que no renuevan y que no denuncian ni siquiera que su contrato era ilegal, en fraude de ley dicen en las sentencias. Se ahorra el patr\u00f3n casi 4.000 euros de media al dominar el miedo y la lenta justicia.<\/p>\n<p>El 10 % de los sueldos m\u00e1s altos se adue\u00f1an del 26% de la masa salarial total, lo mismo que el 50 % de los salarios m\u00e1s bajos, resultando con ello que el 42% de las rentas salariales est\u00e1n por debajo del umbral de la pobreza.<\/p>\n<p>Desde la sociolog\u00eda acomodada, que no act\u00faa para cambiar las injusticias, algunos teorizan que hay colch\u00f3n para tantos millones de parados o pobres: el apoyo familiar, los 450 euros al mes de subsidio y algo de econom\u00eda sumergida, juntarse en casa de otros o en pueblos, etc. Otros dicen que es un problema de la direcci\u00f3n acomodada y burocr\u00e1tica de los dos sindicatos mayoritarios. Otros apuntan que es por no existir reivindicaciones claras que enganchen (el famoso programa). Otros afirman que es por culpa de la cultura que impone el poder con sus mass media. Pero creo que a\u00fan siendo ciertas muchas de esas afirmaciones hay una falta de pr\u00e1ctica unitaria, democr\u00e1tica y libre de las personas trabajadoras, sean del metal, del campo o inmigrantes que trabajan en cuidados. No hay experiencias que se transmitan en la vida cotidiana de que es posible organizarse de muchas otras formas m\u00e1s justas en una sociedad. Cuando los de Sintel practicaban asambleas casi cada mes. o cada semana incluso, para decidir sus convenios, era m\u00e1s dif\u00edcil que la burocracia sindical aterrizar\u00e1 como expertos que deciden los despidos como la mejor soluci\u00f3n. Cuando solo se ha vivido el miedo al jefe en una peque\u00f1a empresa, no se ven igual las posibilidades de decidir nuestro futuro. Algunos le llaman empoderamiento de clase.<\/p>\n<p>Cuando compa\u00f1eros de contratas ven que los sindicalistas de co.bas de la empresa principal les ayudan a defenderse, con la asamblea unitaria y democr\u00e1tica donde ellos deciden, aprenden para siempre cual es el comportamiento \u00e9tico de los sindicalistas, porque ven otros que, en cambio, les dicen que quien manda es la ejecutiva de la federaci\u00f3n o que bajo las siglas de Ugt esta la gente pro-empresa.<\/p>\n<p>\u00bfQu\u00e9 representa la actual crisis para vosotros? \u00bfEl hundimiento del Capital? \u00bfEl hundimiento de la actual globalizaci\u00f3n? \u00bfLa crisis del neoliberalismo como ideolog\u00eda preponderante? \u00bfVislumbr\u00e1is una salida revolucionaria a la crisis en alg\u00fan Estado capitalista desarrollado? .<\/p>\n<p>A la liberalizaci\u00f3n de capitales y aranceles desde los 80 que dio alas a bancos y multinacionales para extender el capitalismo a todo el mundo, se une un nuevo sistema de organizar la producci\u00f3n globalmente, con segmentaci\u00f3n, externalizaci\u00f3n, subcontrataci\u00f3n, etc., lo cual dificulta la organizaci\u00f3n nacional de respuesta de clase. Tambi\u00e9n, el mal ejemplo de la izquierda dificulta la salida. Participaron tambi\u00e9n las izquierdas del PSOE, UGT-CCOO, y algo IU, en este proceso especulativo del ladrillo, no s\u00f3lo los ricos, sino mucha gente m\u00e1s compr\u00f3 para especular.<\/p>\n<p>No sabe nadie como evolucionar\u00e1 la crisis ni su final con tanto secreto bancario. Se han demostrado in\u00fatiles las licenciaturas de econ\u00f3micas y sus masteres neoliberales que nos vend\u00edan como ciencia. Ni para sus intereses saben predecir cuando y como se repartir\u00e1 el nuevo poder multilateral. Asia pesar\u00e1 m\u00e1s, y es de justicia democr\u00e1tica si son tantas personas. El G20 no es la soluci\u00f3n Es una falsa democracia la del FMI, BM y OMC. La ONU debe replantearlo todo y priorizar la econom\u00eda para las personas, pero est\u00e1 lejos.<\/p>\n<p>No parece que pueda surgir algo precioso, revolucionario, de gran calado social, democr\u00e1tico y de redistribuci\u00f3n a favor de los trabajadores, de la suma actual de retrocesos o de resistencias.<\/p>\n<p>Vemos demasiado racismo con sus leyes de extranjer\u00eda para que avance la igualdad de derechos. Vemos mucho poder econ\u00f3mico y militar concentrado en pocas manos en los pa\u00edses llamados desarrollados. Vemos una UE que no concreta la jornada m\u00e1xima de 48h sino que va hacia 65h. Vemos Bolonia y la LOU y la LEC con un 30% de fracaso escolar.<\/p>\n<p>Est\u00e1n cada d\u00eda mas en crisis las ideas de mercado libre que nos venden, sobre todo para el que se cre\u00eda clase media y hasta media-alta si empleaba a cuatro inmigrantes en su negocio, y de repente ve que su futuro no existe si el banco no le presta mas dinero.<\/p>\n<p>No es f\u00e1cil adivinar que, mientras el gran capital lucha por no regular y quedarse con el mercado de los que se hunden para aumentar beneficios, y con los pol\u00edticos desprestigiados por someterse al capital y con lo larga que ser\u00e1 la crisis, nos vender\u00e1n algo de regulaci\u00f3n, que est\u00e1n estudiando lo de los para\u00edsos fiscales, etc. Es momento para explicar lo positiva que es la planificaci\u00f3n, los sectores p\u00fablicos prestando servicios dignos y la econom\u00eda social de propiedad colectiva. El capital financiero utiliza la deuda como dogal. Primero endeudaron a los pueblos del Sur para esclavizarlos, porque la deuda es impagable, ahora a los j\u00f3venes y las clases populares del Norte. Es el poder de la banca, y no hay funci\u00f3n social en las cajas de ahorros.<\/p>\n<p>S\u00f3lo habr\u00e1 algo digno de llamarse revolucionario, si hay una multitud de ejemplos por todo el pa\u00eds, con nuevas formas de vida cotidiana y sus luchas son coordinadas para ese cambio social. Cuando exista una correlaci\u00f3n de fuerzas que traspase las fronteras como sucede en partes de Am\u00e9rica Latina, reducir\u00e1 la dependencia de ese cambio. La interdependencia hoy es muy grande (empezando por la soberan\u00eda alimentar\u00eda, hasta el petr\u00f3leo o el gas, las patentes y la tecnolog\u00eda, muchas materias primas, etc.)<\/p>\n<p>\u00bfManten\u00e9is lazos estables de unidad entre vuestro sindicato y\u00a0 otros movimientos sociales alternativos?<\/p>\n<p>Nuestra vocaci\u00f3n unitaria, de clase, reivindicativa y necesaria referencia sociopol\u00edtica, se traduce hasta la fecha en una estrecha colaboraci\u00f3n con muchos sindicatos y colectivos sociales en el movimiento antiglobalizaci\u00f3n, especialmente en la denuncia y lucha contra las privatizaciones y la p\u00e9rdida de los derechos en el empleo. Las resoluciones de las asambleas de movimientos sociales en el FSE, unificando fechas de luchas en Europa o luego en Portoalegre FSM, han sido \u00fatiles para una reactivaci\u00f3n del conflicto social y ello, a pesar de la no vinculaci\u00f3n a estas resoluciones de la CES, el sindicalismo europeo de ccoo.ugt-ela. Ellos solos apostaron en Brasil por el 7\/10\/09 frente a fechas unitarias: 28\/3\/09 y 4\/4\/09.<\/p>\n<p>A trav\u00e9s de la \u00abXarxa contra despidos y la precariedad\u00bb somos parte activa contra el cierre de empresas, contra la precariedad laboral y por la equiparaci\u00f3n de derechos sociales en Europa, participando en la campa\u00f1a contra la propuesta de Constituci\u00f3n europea con el sindicalismo de base italiano, Sud-solidaires en Francia, PAME de Grecia, etc. Tambi\u00e9n, estamos en un proceso de unidad de acci\u00f3n sindical con los que m\u00e1s coincidimos, coordin\u00e1ndonos en la Andaluc\u00eda con el SOC, o en la de Catalunya en la Coordinadora CUSC (IAC-CATAC-USTEC-CAU, FTC, SU, CTA, CSA, COS, I-S.Ferroviario, Actub, CO.BAS, Otza, etc) y tambi\u00e9n a trav\u00e9s de encuentros estatales por la unidad de acci\u00f3n con colectivos de clase y democr\u00e1ticos que ejercen el conflicto social en vez del pacto social (Coordinadora de Madrid, coordinadora de Canarias, CIG Galicia, ESK y LAB de Euskadi, CSI de Asturias, etc.). El \u00faltimo ejemplo, el encuentro estatal contra la represi\u00f3n en Sevilla, puede verse ver en las webs:\u00a0 <a href=\"\/\/\/C:Documents%20and%20SettingsnandoConfiguraci\u00f3n%20localTempwww.cobas.es\">www.cobas.es<\/a> y <a href=\"\/\/\/C:Documents%20and%20SettingsnandoConfiguraci\u00f3n%20localTempwww.sindicatocobas.org\">www.sindicatocobas.org<\/a><\/p>\n<p>T\u00fa formaste parte, formas parte acaso, del fuerte movimiento por la paz y contra la guerra de Irak. \u00bfCu\u00e1l es la situaci\u00f3n actual del movimiento? \u00bfSigue en pie de paz?<\/p>\n<p>Lo cierto es que me impliqu\u00e9 mucho m\u00e1s en las luchas contra la OTAN, las acampadas por el 0,7% y el final de la deuda externa, los encierros de inmigrantes por la igualdad de derechos y tambi\u00e9n en contra la de guerra de Irak, aunque luego, con el ni\u00f1o que hemos tenido y las tareas de co.bas y la Xarxa ya quedaba completado todo mi tiempo, y dej\u00e9 de acudir a \u201cAturem la Guerra\u201d.<\/p>\n<p>Creo que el movimiento tiene momentos de multitud cabreada, saliendo a la calle siempre m\u00e1s de 100.000 y momentos de boicot medi\u00e1tico y pol\u00edtico, que no permiten ni juntar a 500 en P\u00e7a Sant Jaume cuando las matanzas de Faluja por ejemplo. El movimiento debe seguir y seguir\u00e1 en pie de paz. Es fundamental para la clase trabajadora.<\/p>\n<p>Volvi\u00f3 a suceder con Palestina. El conflicto en la tele llev\u00e9 a 100.000 en la calle, poniendo nerviosos a muchos, que tanto catal\u00e1n y magreb\u00ed salieran con orgullo y juntos a decir basta de matanzas en Gaza.<\/p>\n<p>El movimiento va dejando su poso, pero es d\u00e9bil y m\u00e1s si se manipula desde los medios de informaci\u00f3n como sucede con los conflictos de Kosovo, L\u00edbano, Afganist\u00e1n, etc. No importa el trato a las mujeres en Kuwait o Arabia Saud\u00ed porque son socios de nuestros millonarios. Es la hipocres\u00eda del poder y su geoestrategia por el control de los recursos naturales.<\/p>\n<p>Finalmente, \u00bfcu\u00e1l es vuestra agenda de movilizaciones y luchas para los pr\u00f3ximos meses?<\/p>\n<p>Adem\u00e1s de las que se producen en cada empresa, seguimos apoyando y coordinando las luchas contra los despidos y la crisis.\u00a0 Apoyamos las asambleas de parados, estudiamos la posibilidad de experiencias unitarias cada territorio, hacia lo que creemos que es necesario trabajar por una huelga general, que no sea flor de un d\u00eda, sino un lucha sostenida por las reivindicaciones unitarias expresadas. Es una tarea continuada, de recuperaci\u00f3n de los valores de la izquierda social y sindical. La huelga general de Euskadi es el 21 de mayo y participaremos desde la modestia de nuestros compa\u00f1eros.<\/p>\n<p>La concreci\u00f3n de otras fechas pendientes, en reuniones unitarias con sindicatos y organizaciones sociales, se dar\u00e1n tras las mismas. Hay propuestas de ILP, de marchas contra el paro y la precariedad, de acciones mas medi\u00e1ticas, etc. Nosotros pensamos que las que m\u00e1s trabajadores unan son las que deben priorizarse.<\/p>\n<p><b><i>Gracias por tu disponibilidad. Suerte, tenacidad y esfuerzo y viva, visca el 1\u00ba de Mayo. All\u00ed nos veremos.<\/i><\/b><\/p>\n","protected":false},"excerpt":{"rendered":"<p>Entrevista con Josep Bel de CO.BAS sobre el primero de Mayo: \u201cNuestras ideas para este 1\u00ba de mayo son dos: avanzar en la construcci\u00f3n unitaria del sindicalismo alternativo y avanzar en una alternativa de los trabajadores frente a la crisis.\u201d <\/p>\n<p>Salvador L\u00f3pez Arnal<\/p>\n<p>Josep Bel es trabajador de Telef\u00f3nica, presidente del comit\u00e9 de empresa y dirigente de Co.bas. Adem\u00e1s de ello, es dif\u00edcil, por no decir imposible, citar un movimiento ciudadano antimilitarista, defensor de derechos ciudadanos y de los trabajadores, amante de la justicia, contrario a la explotaci\u00f3n, opuesto al capitalismo en cualquiera de sus f\u00e1usticas variantes, que no cuente con su presencia. Josep Bel es, desde mi punto de vista, uno de los grandes l\u00edderes sindicales y pol\u00edticos surgidos de la clase obrera catalana y espa\u00f1ola en estos \u00faltimos 35 a\u00f1os.<\/p>\n","protected":false},"author":9,"featured_media":0,"comment_status":"open","ping_status":"open","sticky":false,"template":"","format":"standard","meta":{"footnotes":""},"categories":[13],"tags":[1278],"class_list":["post-1125","post","type-post","status-publish","format-standard","hentry","category-la-izquierda-a-debate","tag-josep-bel"],"aioseo_notices":[],"_links":{"self":[{"href":"https:\/\/espai-marx.net\/index.php?rest_route=\/wp\/v2\/posts\/1125","targetHints":{"allow":["GET"]}}],"collection":[{"href":"https:\/\/espai-marx.net\/index.php?rest_route=\/wp\/v2\/posts"}],"about":[{"href":"https:\/\/espai-marx.net\/index.php?rest_route=\/wp\/v2\/types\/post"}],"author":[{"embeddable":true,"href":"https:\/\/espai-marx.net\/index.php?rest_route=\/wp\/v2\/users\/9"}],"replies":[{"embeddable":true,"href":"https:\/\/espai-marx.net\/index.php?rest_route=%2Fwp%2Fv2%2Fcomments&post=1125"}],"version-history":[{"count":0,"href":"https:\/\/espai-marx.net\/index.php?rest_route=\/wp\/v2\/posts\/1125\/revisions"}],"wp:attachment":[{"href":"https:\/\/espai-marx.net\/index.php?rest_route=%2Fwp%2Fv2%2Fmedia&parent=1125"}],"wp:term":[{"taxonomy":"category","embeddable":true,"href":"https:\/\/espai-marx.net\/index.php?rest_route=%2Fwp%2Fv2%2Fcategories&post=1125"},{"taxonomy":"post_tag","embeddable":true,"href":"https:\/\/espai-marx.net\/index.php?rest_route=%2Fwp%2Fv2%2Ftags&post=1125"}],"curies":[{"name":"wp","href":"https:\/\/api.w.org\/{rel}","templated":true}]}}