{"id":1131,"date":"2009-05-10T00:00:00","date_gmt":"2009-05-10T00:00:00","guid":{"rendered":"https:\/\/espai-marx.net\/?p=1131"},"modified":"2020-02-23T15:30:35","modified_gmt":"2020-02-23T14:30:35","slug":"los-gal-y-las-declaraciones-de-una-consejera-transfuga","status":"publish","type":"post","link":"https:\/\/espai-marx.net\/?p=1131","title":{"rendered":"Los GAL y las declaraciones de una consejera tr\u00e1nsfuga."},"content":{"rendered":"<p>La se\u00f1ora Rosa Aguilar, la ex dirigente del PCE, la ex l\u00edder de IU, la ex alcaldesa de C\u00f3rdoba, la \u00faltima tr\u00e1nsfuga conocida de la pol\u00edtica espa\u00f1ola y actual consejera andaluza de Fomento, ha declarado recientemente: \u201cPedir\u00e9 disculpas a Felipe Gonz\u00e1lez por relacionarle\u00a0 con los GAL\u201d.<\/p>\n<p>Los GAL fueron, lo recuerdo para los m\u00e1s j\u00f3venes o para personas que siguen de lejos la pol\u00edtica espa\u00f1ola, los Grupos Armados de Liberaci\u00f3n (\u00a1Liberaci\u00f3n, sic-supersic!) B\u00e1sicamente: cloacas policiales del Estado, alimentadas esencialmente por el lado oscuro de la Fuerza imp\u00eda.<\/p>\n<p>El se\u00f1or Felipe Gonz\u00e1lez, al que se ha referido la se\u00f1ora consejera, es actualmente asesor pol\u00edtico-financiero\u00a0 de uno de los grandes potentados del mundo, el ciudadano mexicano Carlos Slim. FG sigue siendo dirigente del PSOE y una voz, seg\u00fan dicen, muy o\u00edda y respetada\u00a0 en su organizaci\u00f3n, la que dirige o parece dirigir los asuntos del gobierno. Anteriormente fue, durante m\u00e1s de una d\u00e9cada decisiva sin duda en nuestra historia reciente, presidente de gobierno del Reino de Espa\u00f1a y amigo \u00edntimo de pol\u00edticos de la altura pol\u00edtica y la catadura moral del se\u00f1or Carlos Andr\u00e9s P\u00e9rez. \u00bfLe suena? Retrocedamos un cuarto de siglo.<\/p>\n<p>Octubre de 1982. Tras el intento de golpe militar, frustrado y exitoso a un tiempo, del 23 de febrero de 1981, el PSOE arrasa en las elecciones legislativas. Con estudiadas promesas al aire y con varios compromisos falsarios. Entre ellos, convocar un refer\u00e9ndum, planificado con todo detalle y con todo lujo de mentiras\u00a0 a\u00f1os m\u00e1s tarde, para solicitar\u00a0 a la ciudadan\u00eda\u00a0 su apoyo para salir de la OTAN. Unos tres a\u00f1os despu\u00e9s el NO a la permanencia (\u201cDe entrada, no\u201d. \u00bfLe suena?) se convert\u00eda en un S\u00cd entusiasta a una organizaci\u00f3n, no agresiva se dijo, que deb\u00eda protegernos del belicista (y paleol\u00edtico) oso sovi\u00e9tico y hacernos europeos definitivamente. La actuaci\u00f3n de algunos ministros, el se\u00f1or Narc\u00eds Serra fue un ejemplo destacado, fue inolvidable, sigue siendo inolvidable: si gana el NO, afirmaba con rotundidad el se\u00f1or Serra, Espa\u00f1a volver\u00e1 a los a\u00f1os de posguerra: aislamiento, hambre, falta de progreso.<\/p>\n<p>Por aquellas fechas hubo otras declaraciones inolvidables. Con alguna imprecisi\u00f3n por mi parte, muy marginal, les recuerdo el enriqueceos del se\u00f1or Gonz\u00e1lez, el Espa\u00f1a en un buen pa\u00eds para hacer negocios millonarios del se\u00f1or Solchaga y la guinda del compa\u00f1ero Felipe: \u201cPrefiero morir en libertad en el metro de Nueva York que muerto de aburrimiento (y de control) en la Plaza Roja\u201d Acaso fuera peor su reflexi\u00f3n, no la recuerdo con exactitud.<\/p>\n<p>No s\u00f3lo fue la OTAN y el refer\u00e9ndum. Reconversi\u00f3n\u00a0 industrial salvaje, auge y cultivo del neoliberalismo cultural arropado con falsos abrigos de modernidad y la irrupci\u00f3n-continuaci\u00f3n de los GAL. Un grupo armado formado por polic\u00edas en activo, ex polic\u00edas, mercenarios y gente af\u00edn que atent\u00f3, al margen de toda normativa legal, contra ciudadanos supuestamente vinculados a ETA. Secuestros de Estado, detenciones, torturas, asesinatos. En alg\u00fan caso, creo recordar que fue el de Segundo Marey, el comando se dio cuenta del error del secuestro y llam\u00f3 al Ministro del Interior. El se\u00f1or ministro, un dirigente socialista madrile\u00f1o, orden\u00f3, sin pesta\u00f1ear, seguir con la operaci\u00f3n. La detenci\u00f3n ilegal sigui\u00f3 unos d\u00edas m\u00e1s; la salud del secuestrado qued\u00f3 gravemente afectada.<\/p>\n<p>Sin negar posibles vinculaciones con el Batall\u00f3n vasco espa\u00f1ol, est\u00e1 fuera de toda duda \u2013pol\u00edtica , period\u00edstica, hist\u00f3rica- que los GAL se alimentaron y fueron cuidados con mimo durante las primeras legislaturas socialistas. Pensar que un grupo as\u00ed, con actuaciones conocidas y ventiladas urbi et orbe, pudiera actuar al margen de las instituciones\u00a0 y sin que el presidente del Gobierno (o incluso\u00a0 otros poderes del Estado) supieran de qu\u00e9 iba el partido que se celebraba en el patio cercano parece una historia contada para ciudadanos adormecidos y en estado poco vigilante. La peor historia jam\u00e1s contada en un pa\u00eds donde se han generado casi todos los cuentos conocidos con finalidades idiotizantes.<\/p>\n<p>Pocas fuerzas pol\u00edticas, muy pocas organizaciones ciudadanas, escas\u00edsimas \u201cpersonalidades\u201d elevaron su voz cr\u00edtica. Miraban hacia otro lado, u observaban complicados, aupados a una sacrosanta\u00a0 raz\u00f3n de Estada, la total degradaci\u00f3n del Estado de Derecho.\u00a0 Izquierda Unida no, IU y, otras pocas fuerzas m\u00e1s, alzaron su voz cr\u00edtica. No fueron voces serviles, fueron voces rebeldes.<\/p>\n<p>No era f\u00e1cil, no fue f\u00e1cil. En absoluto. Los ataques y descalificaciones se agolpaban en diarios y en medios de comunicaci\u00f3n. Un d\u00eda s\u00ed y otro tambi\u00e9n. Se era culpable de afinidad con grupos terroristas por criticar las actividades terroristas del Estado.<\/p>\n<p>Rosa Aguilar, dirigente del PCE, dirigente tambi\u00e9n de IU en aquellos a\u00f1os, denunci\u00f3 aquel atropello. Lo har\u00eda brillantemente. Es, era ya entonces, una gran mitinera. S\u00f3lo la he escuchado una vez en mi vida. Hace cuatro o cinco a\u00f1os. No dir\u00e9 que fuera Dolores Ib\u00e1rruri pero no andaba lejos. Estaba muy cerca de otros grandes parlamentarios populares hisp\u00e1nicos.<\/p>\n<p>Ahora, despu\u00e9s de su nombramiento como consejera, despu\u00e9s de aceptar la oferta de un PSOE que juega con armas poco nobles (pero que, desde luego, ha convencido a quien ha querido ser convencida), dice que va a pedir disculpas\u00a0 al se\u00f1or Felipe Gonz\u00e1lez por haberle vinculado con los GAL. \u00bfDisculpas? \u00bfPor qu\u00e9? \u00bfAcaso no es verdadera la vinculaci\u00f3n de los gobiernos del se\u00f1or Gonz\u00e1lez con aquellos grupos de las cloacas estatales? \u00bfAcaso no existieron los GAL? \u00bfRosa Aguilar ha descubierto alg\u00fan documento in\u00e9dito que confirma otra conjetura y apunta a otros senderos? \u00bfCree la actual consejera andaluza que los GAL surgieron desde la nada, creatio ex nihilo? \u00bfQue desaparecieron, a\u00f1os m\u00e1s tarde, por fallecimiento de sus miembros, o por puro encantamiento? \u00bfNiega entonces la se\u00f1ora consejera que hubiera terrorismo\u00a0 de Estado en nuestro Estado? \u00bfO acaso es que se produjo pero el se\u00f1or Gonz\u00e1lez no pasaba por all\u00ed y, por tanto, pudo resistirlo? \u00bfTen\u00eda otras tareas, no prest\u00f3 atenci\u00f3n, sus ambig\u00fcedades pol\u00edticas, minuciosamente estudiadas, no fueron calculadas?<\/p>\n<p>\u00bfO acaso es que desde la atalaya del poder que ahora ostenta\u00a0 la se\u00f1ora consejera aquellos cr\u00edmenes no son tan criminales, aquellos secuestros no son tales, aquellas torturas no existieron y la raz\u00f3n de Estado y la admiraci\u00f3n al Jefe m\u00e1ximo cuentan en primera y \u00faltima instancia, como cuentan los resultados cremat\u00edsticos en las grandes corporaciones? O m\u00e1s llanamente, \u00bfse trata de jalear los o\u00eddos del amo?<\/p>\n<p>El desprop\u00f3sito es tal que las preguntas se amontonan. La esencial: \u00bfcu\u00e1ndo ha ca\u00eddo la se\u00f1ora Aguilar de su caballo? \u00bfQu\u00e9 peaje le est\u00e1 haciendo pagar el PSOE? \u00bfQu\u00e9 peaje est\u00e1 dispuesto a abonr? \u00bfSu predisposici\u00f3n es ilimitada?<\/p>\n<p>Queda, desde luego, lo esencial: qu\u00e9 pensaran los ciudadanos y ciudadanas que en su d\u00eda la escucharon, la ciudadan\u00eda que en su d\u00eda admir\u00f3 su coraje pol\u00edtico para no transigir con la barbarie, con los cr\u00edmenes de Estado, con el servilismo pol\u00edtico m\u00e1s vil y ratero, por oponerse al franquismo y a su continuaci\u00f3n disfrazada. Seguramente, espero que sea as\u00ed, los ciudadanos y ciudadanas se pondr\u00e1n hist\u00f3ricos por segundos. recordar\u00e1n nuestras hermosas liturgias, que tambi\u00e9n existen, y tararear\u00e1n la letra de la Internacional: ni dioses ni reyes NI TRIBUNOS. O dicho de forma menos oper\u00edstica: o los gritos de denuncia antes las injusticias surgen desde la ciudadan\u00eda popular o todo est\u00e1 y seguir\u00e1 estando por hacer.<\/p>\n<p>Por lo dem\u00e1s, parece evidente, es evidente, que la Rosa Aguilar que denunciaba aquellos cr\u00edmenes dec\u00eda verdad y la que ahora quiere pedir disculpas al se\u00f1or ex primer ministro, y lo anuncia p\u00fablicamente para que se conozca y reconozca su fidelidad al nuevo se\u00f1or, juega a otro juego, no al juego de la verdad sino al c\u00e1lculo interesado por figurar en ventajosas posiciones de salida. Sir Karl Popper, consejero \u00e1ulico de la se\u00f1ora Margaret Thatcher, ya advirti\u00f3 que el futuro estaba abierto.<\/p>\n<p>Lo dir\u00eda Agamen\u00f3n y, en este caso, si no ando muy errado, lo confirmar\u00eda el porquero.<\/p>\n","protected":false},"excerpt":{"rendered":"<p>Los GAL y las declaraciones de una consejera tr\u00e1nsfuga.<\/p>\n<p>Salvador L\u00f3pez Arnal<\/p>\n<p>La se\u00f1ora Rosa Aguilar, la ex dirigente del PCE, la ex l\u00edder de IU, la ex alcaldesa de C\u00f3rdoba, la \u00faltima tr\u00e1nsfuga conocida de la pol\u00edtica espa\u00f1ola y actual consejera andaluza de Fomento, ha declarado recientemente: \u201cPedir\u00e9 disculpas a Felipe Gonz\u00e1lez por relacionarle\u00a0 con los GAL\u201d. <\/p>\n<p>Los GAL fueron, lo recuerdo para los m\u00e1s j\u00f3venes o para personas que siguen de lejos la pol\u00edtica espa\u00f1ola, los Grupos Armados de Liberaci\u00f3n (\u00a1Liberaci\u00f3n, sic-supersic!) B\u00e1sicamente: cloacas policiales del Estado, alimentadas esencialmente por el lado oscuro de la Fuerza imp\u00eda.<\/p>\n","protected":false},"author":9,"featured_media":0,"comment_status":"open","ping_status":"open","sticky":false,"template":"","format":"standard","meta":{"footnotes":""},"categories":[13],"tags":[],"class_list":["post-1131","post","type-post","status-publish","format-standard","hentry","category-la-izquierda-a-debate"],"aioseo_notices":[],"_links":{"self":[{"href":"https:\/\/espai-marx.net\/index.php?rest_route=\/wp\/v2\/posts\/1131","targetHints":{"allow":["GET"]}}],"collection":[{"href":"https:\/\/espai-marx.net\/index.php?rest_route=\/wp\/v2\/posts"}],"about":[{"href":"https:\/\/espai-marx.net\/index.php?rest_route=\/wp\/v2\/types\/post"}],"author":[{"embeddable":true,"href":"https:\/\/espai-marx.net\/index.php?rest_route=\/wp\/v2\/users\/9"}],"replies":[{"embeddable":true,"href":"https:\/\/espai-marx.net\/index.php?rest_route=%2Fwp%2Fv2%2Fcomments&post=1131"}],"version-history":[{"count":0,"href":"https:\/\/espai-marx.net\/index.php?rest_route=\/wp\/v2\/posts\/1131\/revisions"}],"wp:attachment":[{"href":"https:\/\/espai-marx.net\/index.php?rest_route=%2Fwp%2Fv2%2Fmedia&parent=1131"}],"wp:term":[{"taxonomy":"category","embeddable":true,"href":"https:\/\/espai-marx.net\/index.php?rest_route=%2Fwp%2Fv2%2Fcategories&post=1131"},{"taxonomy":"post_tag","embeddable":true,"href":"https:\/\/espai-marx.net\/index.php?rest_route=%2Fwp%2Fv2%2Ftags&post=1131"}],"curies":[{"name":"wp","href":"https:\/\/api.w.org\/{rel}","templated":true}]}}