{"id":11344,"date":"2022-03-19T05:00:22","date_gmt":"2022-03-19T04:00:22","guid":{"rendered":"https:\/\/espai-marx.net\/?p=11344"},"modified":"2022-03-19T06:17:54","modified_gmt":"2022-03-19T05:17:54","slug":"critica-de-cine-el-acontecimiento-levenement","status":"publish","type":"post","link":"https:\/\/espai-marx.net\/?p=11344","title":{"rendered":"Cr\u00edtica de cine: <i>El acontecimiento [L&#8217;\u00c9v\u00e9nement]<\/i>"},"content":{"rendered":"<p><strong>Direcci\u00f3n<\/strong><em>: Audrey Diwan. <\/em><strong>Guion<\/strong> <em>(basado en la novela de Annie Ernaux cuyo argumento, parece ser, se basa en una vivencia de la autora similar al guion de la pel\u00edcula): Audrey Diwan. <\/em><strong>Estreno (en Espa\u00f1a)<\/strong><em>: 18\/03\/22. <\/em><strong>Duraci\u00f3n<\/strong><em>: 99 minutos.<\/em><\/p>\n<p><strong>Argumento<\/strong><em>: Una joven universitaria, cuyos padres regentan un bar como sustento econ\u00f3mico, descubre que ha quedado embarazada. Tras esta realidad siente que su proyecto de vida y futuro se desmorona, ha de solucionar la situaci\u00f3n y no contradecirse con lo que siente y quiere. Acci\u00f3n ubicada en una ciudad de Francia, a\u00f1o 1963.<\/em><\/p>\n<p>La francesa Audrey Diwan (de origen liban\u00e9s) se inicio en periodismo y m\u00e1s tarde en guionista de varias pel\u00edculas hasta dirigir la primera en 2019. Hoy comentamos este segundo film suyo realizado el pasado a\u00f1o 2021.<\/p>\n<p>Diwan nos presenta una historia humana realizada con un fuerte y sorprendente realismo que absorbe al espectador y le hace copart\u00edcipe de lo que siente y realiza la protagonista. Un drama social que siempre ha estado ah\u00ed y sigue existiendo. Un ser, en este caso mujer, que se encuentra ante la disyuntiva de tener que elegir como enfocar su vida tras surgir algo que ella (por uno u otro motivo) no esperaba; asumir su realidad como espera la sociedad en la que convive y ella no desea, o enfrentarse a esta para realizarse como ser intelectualmente y desarrollar lo que siente en su conciencia como fuertemente asumido.<\/p>\n<p>El argumento expone un hecho de genero concreto, duro y sensible, pero considero que se puede extrapolar a otras situaciones similares del ser humano en general cuando este se encuentra enfrentado a la sociedad en la que convive o le ha tocado vivir, cuando lo que siente fuertemente se enfrenta a la legislaci\u00f3n y moral predeterminada de la sociedad de su entorno, cuando ese ser no entiende donde esta el mal, cuando lo que siente lo ves como algo noble y sincero. Como dice la protagonista \u00abYo quiero tener un hijo alg\u00fan d\u00eda, pero si lo tengo ahora no s\u00e9 si llegar\u00e9 a quererlo\u00bb. La reflexi\u00f3n se convierte en universal, basta aplicarnos lo sentido y vivido en una situaci\u00f3n y momento concreto.<\/p>\n<p>Esta pel\u00edcula tiene el valor, nada com\u00fan, de conectar con quien la visiona (al menos, en una sala de cine). Puede ser en un sentido u otro, pero no te deja indiferente. El motivo es su realizaci\u00f3n: guion, interpretaci\u00f3n y direcci\u00f3n-filmaci\u00f3n de las escenas.<\/p>\n<p>El guion refleja el ambiente de la Francia de principio del los sesenta con aceptable realismo y cuenta la historia de forma din\u00e1mica con las escenas necesarias para seguir el drama sin vac\u00edos y sin otras de relleno. La interpretaciones todas ajustadas, d\u00e1ndole fuerza a la acci\u00f3n. La protagonista, sobre la que recae toda la trama, est\u00e1 de nota alta. La direcci\u00f3n realiza algo que no es f\u00e1cil en una persona que hace su segunda pel\u00edcula; en todas las escenas est\u00e1 presente la protagonista, en las generales y en los medios o primeros planos, la c\u00e1mara no la abandona nunca, y a pasar de eso, no solo no te cansa sino que potencia el desarrollo de lo que nos dice.<\/p>\n<p>Concretando, una pel\u00edcula que atrapa por lo que cuenta y como lo cuenta, solo esto, ya la hace interesante. Podr\u00e1 gustar m\u00e1s o menos pero si conectas con lo que narra no la sueltas hasta el final, al menos a m\u00ed me ha ocurrido, y esto, se siente pocas veces.<\/p>\n<p><iframe loading=\"lazy\" title=\"El acontecimiento - Trailer espan\u0303ol\" width=\"800\" height=\"450\" src=\"https:\/\/www.youtube.com\/embed\/vf2HVa0rYLg?feature=oembed\" frameborder=\"0\" allow=\"accelerometer; autoplay; clipboard-write; encrypted-media; gyroscope; picture-in-picture; web-share\" referrerpolicy=\"strict-origin-when-cross-origin\" allowfullscreen><\/iframe><\/p>\n","protected":false},"excerpt":{"rendered":"<p>Direcci\u00f3n: Audrey Diwan. Guion (basado en la novela de Annie Ernaux cuyo argumento, parece ser, se basa en una vivencia<\/p>\n","protected":false},"author":5,"featured_media":11345,"comment_status":"open","ping_status":"open","sticky":false,"template":"","format":"standard","meta":{"footnotes":""},"categories":[6],"tags":[],"class_list":["post-11344","post","type-post","status-publish","format-standard","has-post-thumbnail","hentry","category-cine"],"aioseo_notices":[],"_links":{"self":[{"href":"https:\/\/espai-marx.net\/index.php?rest_route=\/wp\/v2\/posts\/11344","targetHints":{"allow":["GET"]}}],"collection":[{"href":"https:\/\/espai-marx.net\/index.php?rest_route=\/wp\/v2\/posts"}],"about":[{"href":"https:\/\/espai-marx.net\/index.php?rest_route=\/wp\/v2\/types\/post"}],"author":[{"embeddable":true,"href":"https:\/\/espai-marx.net\/index.php?rest_route=\/wp\/v2\/users\/5"}],"replies":[{"embeddable":true,"href":"https:\/\/espai-marx.net\/index.php?rest_route=%2Fwp%2Fv2%2Fcomments&post=11344"}],"version-history":[{"count":0,"href":"https:\/\/espai-marx.net\/index.php?rest_route=\/wp\/v2\/posts\/11344\/revisions"}],"wp:featuredmedia":[{"embeddable":true,"href":"https:\/\/espai-marx.net\/index.php?rest_route=\/wp\/v2\/media\/11345"}],"wp:attachment":[{"href":"https:\/\/espai-marx.net\/index.php?rest_route=%2Fwp%2Fv2%2Fmedia&parent=11344"}],"wp:term":[{"taxonomy":"category","embeddable":true,"href":"https:\/\/espai-marx.net\/index.php?rest_route=%2Fwp%2Fv2%2Fcategories&post=11344"},{"taxonomy":"post_tag","embeddable":true,"href":"https:\/\/espai-marx.net\/index.php?rest_route=%2Fwp%2Fv2%2Ftags&post=11344"}],"curies":[{"name":"wp","href":"https:\/\/api.w.org\/{rel}","templated":true}]}}