{"id":1139,"date":"2009-05-10T00:00:00","date_gmt":"2009-05-10T00:00:00","guid":{"rendered":"https:\/\/espai-marx.net\/?p=1139"},"modified":"2020-02-23T15:33:47","modified_gmt":"2020-02-23T14:33:47","slug":"preguntas-documentadas-respuestas-razonables-y-paralisis-e-insignificancia-politicas","status":"publish","type":"post","link":"https:\/\/espai-marx.net\/?p=1139","title":{"rendered":"Preguntas documentadas, respuestas razonables\u2026 y par\u00e1lisis e insignificancia pol\u00edticas."},"content":{"rendered":"<p>\u00bfEs probable que Izquierda Internacionalista sea una de las fuerzas pol\u00edticas que m\u00e1s molesta al poder en estos momentos? Es probable, muy probable. \u00bfEs inadmisible la persecuci\u00f3n pol\u00edtica a la que se est\u00e1 viendo sometida? Lo es sin duda. \u00bfTiene raz\u00f3n II cuando critica a IU que no haya puesto el \u00e9nfasis suficiente en la vindicaci\u00f3n de derechos como el de autodeterminaci\u00f3n, ridiculizados con interesados aplausos en autos de terminaci\u00f3n, cuando hace treinta a\u00f1os esos mismos derechos eran defendidos, sin excepci\u00f3n, por todas las fuerzas pol\u00edticas de izquierda y nadie ha mostrado hasta el momento argumentos convincentes para cambiar el decorado del escenario? La tiene: con algunos marices, no les falta raz\u00f3n. \u00bfTiene raz\u00f3n IA cuando se\u00f1ala que en IU no se ha cultivado, como debe hacerlo toda fuerza de izquierda que se precie, el f\u00e9rtil terreno del anticapitalismo? La tiene sin duda: la gesti\u00f3n y las instituciones pueden hacen perder la perspectiva. \u00bfTiene raz\u00f3n IU cuando se\u00f1ala que IA, e incluso II, esquematizan en exceso en ocasiones la situaci\u00f3n y tienden a mostrar una panorama id\u00edlico para avanzar por senderos anticapitalistas? Parecen razonables algunas de sus objeciones. \u00bfEst\u00e1n totalmente errados los ciudadanos que se\u00f1alan que el cabeza de lista de IU en las europeas es un pol\u00edtico profesional, muy a la vieja usanza, con chistes u ocurrencias sobre Nin y Trotsky de muy mal gusto, y que el segundo de esa misma lista es m\u00e1s bien un infiltrado de otra fuerza pol\u00edtica -muy sabia en asuntos de juegos de estrategia pero cuyo arista resistente cada d\u00eda se difumina m\u00e1s- que dos d\u00edas despu\u00e9s de la elecci\u00f3n, si fuera el caso, ir\u00e1 a cuidar su jard\u00edn y su acta en territorios verdes cada d\u00eda m\u00e1s pl\u00e1cidos y sectarios? No parece que estos ciudadanos est\u00e9n desenfocados en sus cr\u00edticas. \u00bfNo es innegable que II y IA tiene entre sus candidatos y candidatas gentes admirables a las que cualquier ciudadano\/a de izquierdas desear\u00eda votar? No hay duda: es innegable, empezando por sus cabezas de lista. \u00bfNo tiene alguna raz\u00f3n la candidatura europea agrupada en torno al PCPE cuando se\u00f1ala que muchos discursos de las fuerzas de izquierdas se olvidan en ocasiones de las clases sociales m\u00e1s desfavorecidas y, m\u00e1s concretamente, de la clase obrera? No parece que este v\u00e9rtice cr\u00edtico ande extraviado. \u00bfNo es razonable aceptar que IA pone a veces demasiado \u00e9nfasis en asuntos hist\u00f3ricos que dividen, y acaso dividir\u00e1n, y que resulta muy deudora de la experiencia, de las interesantes experiencias del pa\u00eds vecino, con un dirigente obrero cartero que es un referente seguro de la nueva izquierda europea? Puede ser, no es un disparate esa aproximaci\u00f3n afable y cr\u00edtica. \u00bfNo es razonable la afirmaci\u00f3n documentada de muchos ciudadanos que no observan diferencias esenciales, que tracen l\u00edneas de demarcaci\u00f3n, entre todas estas candidaturas? No parece un canto al irracionalismo una creencia as\u00ed. \u00bfNo es comprensible la p\u00e9rdida de rumbo, incluso el desinter\u00e9s de muchos ciudadanos y ciudadanas, con tareas y preocupaciones urgentes y de todo tipo, ante tal mara\u00f1a de letras, listas y ofertas? Es comprensible, muy comprensible.<\/p>\n<p>Y despu\u00e9s de todos estos interrogantes, y de mil m\u00e1s que podr\u00edan formularse, \u00bfqu\u00e9? Pues volvemos dos minutos y medio a Lenin y preguntamos: \u00bfqu\u00e9 hacemos? \u00bfRepetir una vez m\u00e1s, por en\u00e9sima vez, la divisi\u00f3n de la izquierda no entregada ampar\u00e1ndose en historias y desencuentros, y en puntos sobre libertades, derechos y propuestas econ\u00f3micas que, en el mejor de los casos, son b\u00e1sicamente una discusi\u00f3n pol\u00edtica abierta, un debate pol\u00edtico-filos\u00f3fico, que hoy\u00a0 por hoy apenas tiene concreci\u00f3n pol\u00edtica real? \u00bfQueremos emular acaso la disputas entre tendencias cristianas en algunos per\u00edodos del Medioevo?<\/p>\n<p>No hay, desde luego, ninguna posibilidad de alterar la situaci\u00f3n para las pr\u00f3ximas elecciones europeas. El resultado est\u00e1 cantado o casi cantado, es la cr\u00f3nica de un desastre anunciado: fuerte abstenci\u00f3n no pol\u00edtica; dominio absoluto del PP-PSOE;, CiU y sus diputados de siempre; un diputado, si es el caso, para la izquierda independentista sin apenas punta cr\u00edtica de ERC; algunos, pocos, detallitos m\u00e1s, y, probablemente, no es una afirmaci\u00f3n aventurada, ning\u00fan diputado o diputada (uno o dos como m\u00e1ximo si hay suerte y suenan las campanas de lucha y recordamos la sal de nuestra tierra) para ninguna de las candidaturas de la denominada izquierda trasformadora.<\/p>\n<p>Si estas izquierdas quieren ser realmente transformadoras, si queremos contar para algo que tenga que ver con la mejora y transformaci\u00f3n de las condiciones sociales de los m\u00e1s desfavorecidos, la primera condici\u00f3n, o una de las primeras condiciones, pasa por mostrar nuestra capacidad para cambiar viejos estilos, antiguos procedimientos, divisiones trasnochadas que hist\u00f3ricamente, desde luego, pueden justificarse, y buscar puntos de acuerdos, de uni\u00f3n, en programas de cambio y unir fuerzas sociales, que est\u00e1n ah\u00ed sin duda, para la organizaci\u00f3n, la instrucci\u00f3n de las gentes y la movilizaci\u00f3n ciudadana.<\/p>\n<p>Si eso no es posible, y no es improbable que no sea posible, seguiremos cargados de razones diferenciadoras y de nula o insignificante incidencia pol\u00edtica. Generaremos, eso s\u00ed, rabia en las gentes que no est\u00e1n dispuestas a ceder y risa en los futuros historiadores que intenten reflejar verazmente nuestro, ciertamente, dif\u00edcil empe\u00f1o.<\/p>\n","protected":false},"excerpt":{"rendered":"<p>Preguntas documentadas, respuestas razonables\u2026 y par\u00e1lisis e insignificancia pol\u00edticas. <\/p>\n<p>Salvador L\u00f3pez Arnal<\/p>\n<p>\u00a0\u00a0\u00a0\u00a0 \u00bfEs probable que Izquierda Internacionalista sea una de las fuerzas pol\u00edticas que m\u00e1s molesta al poder en estos momentos? Es probable, muy probable. \u00bfEs inadmisible la persecuci\u00f3n pol\u00edtica a la que se est\u00e1 viendo sometida? Lo es sin duda. \u00bfTiene raz\u00f3n II cuando critica a IU que no haya puesto el \u00e9nfasis suficiente en la vindicaci\u00f3n de derechos como el de autodeterminaci\u00f3n, ridiculizados con interesados aplausos en autos de terminaci\u00f3n, cuando hace treinta a\u00f1os esos mismos derechos eran defendidos, sin excepci\u00f3n, por todas las fuerzas pol\u00edticas de izquierda y nadie ha mostrado hasta el momento argumentos convincentes para cambiar el decorado del escenario? La tiene: con algunos marices, no les falta raz\u00f3n. \u00bfTiene raz\u00f3n IA cuando se\u00f1ala que en IU no se ha cultivado, como debe hacerlo toda fuerza de izquierda que se precie, el f\u00e9rtil terreno del anticapitalismo? La tiene sin duda: la gesti\u00f3n y las instituciones pueden hacen perder la perspectiva. \u00bfTiene raz\u00f3n IU cuando se\u00f1ala que IA, e incluso II, esquematizan en exceso en ocasiones la situaci\u00f3n y tienden a mostrar una panorama id\u00edlico para avanzar por senderos anticapitalistas? Parecen razonables algunas de sus objeciones. \u00bfEst\u00e1n totalmente errados los ciudadanos que se\u00f1alan que el cabeza de lista de IU en las europeas es un pol\u00edtico profesional, muy a la vieja usanza, con chistes u ocurrencias sobre Nin y Trotsky de muy mal gusto, y que el segundo de esa misma lista es m\u00e1s bien un infiltrado de otra fuerza pol\u00edtica -muy sabia en asuntos de juegos de estrategia pero cuyo arista resistente cada d\u00eda se difumina m\u00e1s- que dos d\u00edas despu\u00e9s de la elecci\u00f3n, si fuera el caso, ir\u00e1 a cuidar su jard\u00edn y su acta en territorios verdes cada d\u00eda m\u00e1s pl\u00e1cidos y sectarios? No parece que estos ciudadanos est\u00e9n desenfocados en sus cr\u00edticas. \u00bfNo es innegable que II y IA tiene entre sus candidatos y candidatas gentes admirables a las que cualquier ciudadano\/a de izquierdas desear\u00eda votar? No hay duda: es innegable, empezando por sus cabezas de lista. \u00bfNo tiene alguna raz\u00f3n la candidatura europea agrupada en torno al PCPE cuando se\u00f1ala que muchos discursos de las fuerzas de izquierdas se olvidan en ocasiones de las clases sociales m\u00e1s desfavorecidas y, m\u00e1s concretamente, de la clase obrera? No parece que este v\u00e9rtice cr\u00edtico ande extraviado. \u00bfNo es razonable aceptar que IA pone a veces demasiado \u00e9nfasis en asuntos hist\u00f3ricos que dividen, y acaso dividir\u00e1n, y que resulta muy deudora de la experiencia, de las interesantes experiencias del pa\u00eds vecino, con un dirigente obrero cartero que es un referente seguro de la nueva izquierda europea? Puede ser, no es un disparate esa aproximaci\u00f3n afable y cr\u00edtica. \u00bfNo es razonable la afirmaci\u00f3n documentada de muchos ciudadanos que no observan diferencias esenciales, que tracen l\u00edneas de demarcaci\u00f3n, entre todas estas candidaturas? No parece un canto al irracionalismo una creencia as\u00ed. \u00bfNo es comprensible la p\u00e9rdida de rumbo, incluso el desinter\u00e9s de muchos ciudadanos y ciudadanas, con tareas y preocupaciones urgentes y de todo tipo, ante tal mara\u00f1a de letras, listas y ofertas? Es comprensible, muy comprensible.<\/p>\n<p>\u00a0\u00a0\u00a0\u00a0 Y despu\u00e9s de todos estos interrogantes, y de mil m\u00e1s que podr\u00edan formularse, \u00bfqu\u00e9? Pues volvemos dos minutos y medio a Lenin y preguntamos: \u00bfqu\u00e9 hacemos? \u00bfRepetir una vez m\u00e1s, por en\u00e9sima vez, la divisi\u00f3n de la izquierda no entregada ampar\u00e1ndose en historias y desencuentros, y en puntos sobre libertades, derechos y propuestas econ\u00f3micas que, en el mejor de los casos, son b\u00e1sicamente una discusi\u00f3n pol\u00edtica abierta, un debate pol\u00edtico-filos\u00f3fico, que hoy\u00a0 por hoy apenas tiene concreci\u00f3n pol\u00edtica real? \u00bfQueremos emular acaso la disputas entre tendencias cristianas en algunos per\u00edodos del Medioevo? <\/p>\n","protected":false},"author":9,"featured_media":0,"comment_status":"open","ping_status":"open","sticky":false,"template":"","format":"standard","meta":{"footnotes":""},"categories":[13],"tags":[],"class_list":["post-1139","post","type-post","status-publish","format-standard","hentry","category-la-izquierda-a-debate"],"aioseo_notices":[],"_links":{"self":[{"href":"https:\/\/espai-marx.net\/index.php?rest_route=\/wp\/v2\/posts\/1139","targetHints":{"allow":["GET"]}}],"collection":[{"href":"https:\/\/espai-marx.net\/index.php?rest_route=\/wp\/v2\/posts"}],"about":[{"href":"https:\/\/espai-marx.net\/index.php?rest_route=\/wp\/v2\/types\/post"}],"author":[{"embeddable":true,"href":"https:\/\/espai-marx.net\/index.php?rest_route=\/wp\/v2\/users\/9"}],"replies":[{"embeddable":true,"href":"https:\/\/espai-marx.net\/index.php?rest_route=%2Fwp%2Fv2%2Fcomments&post=1139"}],"version-history":[{"count":0,"href":"https:\/\/espai-marx.net\/index.php?rest_route=\/wp\/v2\/posts\/1139\/revisions"}],"wp:attachment":[{"href":"https:\/\/espai-marx.net\/index.php?rest_route=%2Fwp%2Fv2%2Fmedia&parent=1139"}],"wp:term":[{"taxonomy":"category","embeddable":true,"href":"https:\/\/espai-marx.net\/index.php?rest_route=%2Fwp%2Fv2%2Fcategories&post=1139"},{"taxonomy":"post_tag","embeddable":true,"href":"https:\/\/espai-marx.net\/index.php?rest_route=%2Fwp%2Fv2%2Ftags&post=1139"}],"curies":[{"name":"wp","href":"https:\/\/api.w.org\/{rel}","templated":true}]}}