{"id":1141,"date":"2009-05-17T00:00:00","date_gmt":"2009-05-17T00:00:00","guid":{"rendered":"https:\/\/espai-marx.net\/?p=1141"},"modified":"2020-02-23T14:55:14","modified_gmt":"2020-02-23T13:55:14","slug":"a-sangre-fria-sobre-las-pensiones-en-espana-y-la-ofensiva-politico-empresarial","status":"publish","type":"post","link":"https:\/\/espai-marx.net\/?p=1141","title":{"rendered":"A sangre fr\u00eda. Sobre las pensiones en Espa\u00f1a y la ofensiva pol\u00edtico-empresarial"},"content":{"rendered":"<p>Salario medio en Espa\u00f1a en comparaci\u00f3n con el salario medio europeo (UE-25) seg\u00fan un estudio del IESE de 2008: un 34% inferior.<\/p>\n<p>Incremento del salario medio espa\u00f1ol entre 2002 y 2006: 1,3%<\/p>\n<p>Incremento medio del salario en Europa en ese mismo per\u00edodo: 3,9%<\/p>\n<p>Condiciones laborales de los parados en alg\u00fan pa\u00eds europeo, Dinamarca por ejemplo: el trabajador\/a que se queda en paro percibe el 90% de su sueldo (con un m\u00e1ximo de 2.000 euros) durante 4 a\u00f1os.<\/p>\n<p>Porcentaje\u00a0 del PIB que representa en algunos pa\u00edses europeos la cuant\u00eda de las pensiones (usualmente presentada como \u201cgasto\u201d en pensiones): 13% (Francia, Holanda y Alemania), 14% (Austria), cerca del 15% (Italia)<\/p>\n<p>Media europea: en torno al 12%.<\/p>\n<p>Cuant\u00eda de las pensiones en Espa\u00f1a en porcentaje del PIB: 9%.<\/p>\n<p>Gasto p\u00fablico total en Espa\u00f1a: inferior al 39% del PIB (mientras que en Suecia, por ejemplo, es superior al 52%, y en la Europa-15 es del 46%).<\/p>\n<p>N\u00famero de pa\u00edses europeos que financian sus pensiones exclusivamente mediante cotizaciones: 8 de los 27 pa\u00edses de la UE (en torno al 30%).<\/p>\n<p>Tasa de empleo de los trabajadores mayores de 55 a\u00f1os en Espa\u00f1a: m\u00e1s de 30 puntos inferior a la media europea.<\/p>\n<p>Raz\u00f3n b\u00e1sica de esa diferencia: prejubilaciones propiciadas por las empresas para deshacerse de trabajadores mayores y, por lo tanto, con mayores cargas sociales, siendo sustituidos por trabajadores\/as j\u00f3venes en precario o con indefinidos sin apenas marco de defensa, y con sueldos mucho menores.<\/p>\n<p>Edad real de jubilaci\u00f3n en Espa\u00f1a: 63,7 a\u00f1os (una de las m\u00e1s elevadas de la UE).<\/p>\n<p>Porcentaje del total de los fondos privados de pensiones que, con17 a\u00f1os de historia, han tenido una rentabilidad inferior a la inflaci\u00f3n: 66%<\/p>\n<p>P\u00e9rdida real de las pensiones privadas en la zona OCDE de las pensiones privadas desde enero a octubre de 2008: cerca del 20% de su capital.<\/p>\n<p><b><u>\u00a0<\/u><\/b><\/p>\n<p>Recientes declaraciones del Sr. Joaqu\u00edn Almunia, Comisario de Asuntos Econ\u00f3micos de la Comisi\u00f3n Europea y dirigente del PSOE, sobre el sistema de pensiones p\u00fablicas en Espa\u00f1a: para garantizar su viabilidad, debe cambiar sustancialmente retrasando la edad de jubilaci\u00f3n y calculando la pensi\u00f3n bas\u00e1ndose en un periodo laboral m\u00e1s largo que el que hoy se utiliza para calcular la pensi\u00f3n de una persona que se jubila.<\/p>\n<p>Datos de un estudio de la Comisi\u00f3n Europea: el gasto p\u00fablico en pensiones aumentar\u00e1 mucho m\u00e1s en Espa\u00f1a que en la Uni\u00f3n Europea, pasando del 8,4% del PIB en 2007 hasta el 15,1% en el a\u00f1o 2060<\/p>\n<p>Valoraci\u00f3n pol\u00edtica del citado informe: el porcentaje es excesivo, puesto que Espa\u00f1a necesitar\u00e1 recursos p\u00fablicos para otros fines:\u00a0 escuelas, servicios sanitarios y otros servicios p\u00fablicos<\/p>\n<p><b>Primer argumento cr\u00edtico de Vicen\u00e7 Navarro:<\/b><\/p>\n<p>1. Supongamos que el crecimiento anual de la productividad en Espa\u00f1a es de un 1,5% durante el periodo 2007-2060. El PIB del a\u00f1o 2060 ser\u00eda 2,25 veces mayor que el PIB del a\u00f1o 2007: (1+0.015)**53.<\/p>\n<p>2. Si consideramos el valor del PIB del a\u00f1o 2007 como 100, entonces el valor del PIB en el a\u00f1o 2060 ser\u00e1 de 225 (100 x 2,25).<\/p>\n<p>3. Los recursos disponibles para gastarse en otras actividades que no fueran pensiones en 2007 fueron: 100 (PIB) &#8211; 8,4 (la cuant\u00eda de las pensiones) = 91,6.<\/p>\n<p>4. A\u00f1o 2060: 15% de 225 (el PIB de 2060): 33. Lo que quedar\u00eda para los no pensionistas ser\u00eda 225 \u2013 33: 192.<\/p>\n<p>5. 192, la cantidad restante el a\u00f1o 2060, es una cantidad muy superior, m\u00e1s del doble (el 2,1), a la que nos quedaba para pagar otras transferencias y servicios adem\u00e1s de las pensiones en 2007.<\/p>\n<p>6. As\u00ed, pues, la sociedad espa\u00f1ola en 2060 tendr\u00e1 muchos m\u00e1s recursos para pagar las pensiones y todo lo dem\u00e1s.<\/p>\n<p><b>\u00a0<\/b><\/p>\n<p><b>Segundo argumento cr\u00edtico de Vi\u00e7enc Navarro:<\/b><\/p>\n<p>1. La cuant\u00eda de las pensiones hace 50 a\u00f1os en Espa\u00f1a era s\u00f3lo de un 3% del PIB.<\/p>\n<p>2. En el 2007, era del 8%, m\u00e1s del doble, el 2,66.<\/p>\n<p>3. \u00bfEllo quiere decir que hay en Espa\u00f1a menos recursos para los no pensionistas que hace cincuenta a\u00f1os? No, en absoluto.<\/p>\n<p><b>Tercer argumento cr\u00edtico de Vicen\u00e7 Navarro:<\/b><\/p>\n<p>1. Otro error de la posici\u00f3n de los se\u00f1ores Almunia et alteri: no considerar el aumento de la poblaci\u00f3n que trabaja como soluci\u00f3n a la posible disminuci\u00f3n de fondos de las cotizaciones sociales.<\/p>\n<p>2. Si Espa\u00f1a tuviera la tasa de participaci\u00f3n laboral de la mujer, en trabajos realizados fuera del hogar, como la que tiene Suecia, habr\u00eda 3 millones m\u00e1s de trabajadoras pagando impuestos y cotizando a la Seguridad Social.<\/p>\n<p>3. Inferencia economicista: \u201cinvertir en escuelas de infancia y servicios domiciliarios que ayudan a la integraci\u00f3n de la mujer al mercado de trabajo es una inversi\u00f3n p\u00fablica de gran calado que los economistas del gobierno espa\u00f1ol (la mayor\u00eda hombres de clase media alta), no hab\u00edan captado hasta hace poco\u201d.<\/p>\n<p><b>Cuarto argumento cr\u00edtico de Vicen\u00e7 Navarro:<\/b><\/p>\n<p>1. El retraso de la edad de jubilaci\u00f3n es enormemente regresivo a nivel social: la salud de los ancianos y la edad en que mueren depende de su clase social.<\/p>\n<p>2. Las personas que est\u00e1n en la decila superior de renta en Espa\u00f1a viven 10 a\u00f1os m\u00e1s que las que pertenecen a la decila inferior: el nivel de salud es mucho mejor en el primero que en el segundo grupo.<\/p>\n<p>3. Ejemplo: las mujeres (\u00a1MUJERES!) de limpieza del Banco de Espa\u00f1a tienen a los 60 a\u00f1os el mismo nivel de salud que un Gobernador de tal Banco tiene a los 70 (como el se\u00f1or Fern\u00e1ndez Ord\u00f3\u00f1ez: \u00a1HOMBRES!).<\/p>\n<p>4. Pedirle a las clases populares que trabajen todav\u00eda dos a\u00f1os m\u00e1s, algunos incluso piden cinco a\u00f1os m\u00e1s, para pagar las pensiones de las personas de rentas superiores que vivir\u00e1n muchos a\u00f1os m\u00e1s es: UNA ENORME INJUSTICIA.<\/p>\n<p><b>Quinto argumento cr\u00edtico de Vicen\u00e7 Navarro: <\/b><\/p>\n<p>1. El mayor error que los Sres. Almunia (PSOE), Fern\u00e1ndez Ord\u00f3\u00f1ez y el Partido Popular Europeo cometen, es asumir que el sistema de pensiones puede colapsarse por falta de cotizaciones sociales.<\/p>\n<p>2. El sistema de pensiones es uno de los programas p\u00fablicos m\u00e1s populares de cualquier pa\u00eds, no s\u00f3lo entre los ancianos, sino entre la poblaci\u00f3n adulta.<\/p>\n<p>3. Tesis de V.N: los intentos fallidos de muchos analistas que han intentado sustituir la lucha de clases por la lucha de generaciones han fracasado pues los ancianos son los padres de los adultos y las pensiones son la garant\u00eda de estabilidad para estos \u00faltimos y sus hijos.<\/p>\n<p>4. Si las cotizaciones sociales no fueran suficientes en el a\u00f1o 2060, el Estado podr\u00eda financiarlas directamente con impuestos (como se hace en muchos pa\u00edses europeos), con lo cual el que fueran o no viables no es una cuesti\u00f3n econ\u00f3mica sino de decisi\u00f3n pol\u00edtica.<\/p>\n<p>5. Conjetura pol\u00edtica razonable: es m\u00e1s que dudoso que el programa m\u00e1s popular existente hoy en nuestras sociedades dejara de apoyarse p\u00fablicamente.<\/p>\n<p><i>Fuentes: \u201cLos augurios del gobernador\u201d. Jos\u00e9 Mar\u00eda Zufiaur; diversos art\u00edculos de Vicen\u00e7 Navarro en P\u00fablico; art\u00edculos publicados en www.rebelion.org.<\/i><\/p>\n","protected":false},"excerpt":{"rendered":"<p>A sangre fr\u00eda. Sobre las pensiones en Espa\u00f1a y la ofensiva pol\u00edtico-empresarial.<\/p>\n<p>Salvador L\u00f3pez Arnal<\/p>\n<p>Salario medio en Espa\u00f1a en comparaci\u00f3n con el salario medio europeo (UE-25) seg\u00fan un estudio del IESE de 2008: un 34% inferior.<\/p>\n","protected":false},"author":9,"featured_media":0,"comment_status":"open","ping_status":"open","sticky":false,"template":"","format":"standard","meta":{"footnotes":""},"categories":[3],"tags":[],"class_list":["post-1141","post","type-post","status-publish","format-standard","hentry","category-condiciones-de-vida"],"aioseo_notices":[],"_links":{"self":[{"href":"https:\/\/espai-marx.net\/index.php?rest_route=\/wp\/v2\/posts\/1141","targetHints":{"allow":["GET"]}}],"collection":[{"href":"https:\/\/espai-marx.net\/index.php?rest_route=\/wp\/v2\/posts"}],"about":[{"href":"https:\/\/espai-marx.net\/index.php?rest_route=\/wp\/v2\/types\/post"}],"author":[{"embeddable":true,"href":"https:\/\/espai-marx.net\/index.php?rest_route=\/wp\/v2\/users\/9"}],"replies":[{"embeddable":true,"href":"https:\/\/espai-marx.net\/index.php?rest_route=%2Fwp%2Fv2%2Fcomments&post=1141"}],"version-history":[{"count":0,"href":"https:\/\/espai-marx.net\/index.php?rest_route=\/wp\/v2\/posts\/1141\/revisions"}],"wp:attachment":[{"href":"https:\/\/espai-marx.net\/index.php?rest_route=%2Fwp%2Fv2%2Fmedia&parent=1141"}],"wp:term":[{"taxonomy":"category","embeddable":true,"href":"https:\/\/espai-marx.net\/index.php?rest_route=%2Fwp%2Fv2%2Fcategories&post=1141"},{"taxonomy":"post_tag","embeddable":true,"href":"https:\/\/espai-marx.net\/index.php?rest_route=%2Fwp%2Fv2%2Ftags&post=1141"}],"curies":[{"name":"wp","href":"https:\/\/api.w.org\/{rel}","templated":true}]}}