{"id":11436,"date":"2022-04-02T05:00:26","date_gmt":"2022-04-02T04:00:26","guid":{"rendered":"https:\/\/espai-marx.net\/?p=11436"},"modified":"2022-04-02T01:30:51","modified_gmt":"2022-04-02T00:30:51","slug":"la-democracia-ecologica-radical-echa-raices-en-africa","status":"publish","type":"post","link":"https:\/\/espai-marx.net\/?p=11436","title":{"rendered":"La Democracia Ecol\u00f3gica Radical echa ra\u00edces en \u00c1frica"},"content":{"rendered":"<p><em><span dir=\"ltr\" role=\"presentation\">La<\/span> <span dir=\"ltr\" role=\"presentation\">Democracia<\/span> <span dir=\"ltr\" role=\"presentation\">Ecol\u00f3gica<\/span> <span dir=\"ltr\" role=\"presentation\">Radical<\/span> <span dir=\"ltr\" role=\"presentation\">es<\/span> <span dir=\"ltr\" role=\"presentation\">diferente<\/span> <span dir=\"ltr\" role=\"presentation\">de<\/span> <span dir=\"ltr\" role=\"presentation\">la<\/span> <span dir=\"ltr\" role=\"presentation\">democracia <\/span><span dir=\"ltr\" role=\"presentation\">representativa convencional que domina el mundo. Es una democra<\/span><span dir=\"ltr\" role=\"presentation\">cia en la que los pueblos ind\u00edgenas y las comunidades locales de <\/span><span dir=\"ltr\" role=\"presentation\">\u00c1frica est\u00e1n haciendo valer sus derechos a la toma de decisiones in<\/span><span dir=\"ltr\" role=\"presentation\">corporando asambleas de ciudadanos locales, responsabilidad ecol\u00f3<\/span><span dir=\"ltr\" role=\"presentation\">gica y soberan\u00eda de los medios de vida. Por ejemplo, las comunidades <\/span><span dir=\"ltr\" role=\"presentation\">que trabajan con la Sociedad para el Aprendizaje y la Transforma<\/span><span dir=\"ltr\" role=\"presentation\">ci\u00f3n Alternativas (SALT) est\u00e1n recordando su sistema de gobierno de <\/span><span dir=\"ltr\" role=\"presentation\">clanes y sus leyes consuetudinarias y, con ello, sus responsabilidades <\/span><span dir=\"ltr\" role=\"presentation\">ancestrales de proteger su territorio y su cosmolog\u00eda.<\/span><\/em><\/p>\n<p><span dir=\"ltr\" role=\"presentation\">Con el apoyo de la Fundaci\u00f3n Gaia y la Fundaci\u00f3n Siemenpuu, han comenzado a revivir y documentar sus leyes consuetudinarias para asegurar el reconocimiento legal de su sistema de gobierno consuetudinario, que a su vez les ayudar\u00e1 a proteger sus lugares naturales sagrados y sus tierras ancestrales.<\/span><\/p>\n<p><span dir=\"ltr\" role=\"presentation\">En lugar de depender completamente de las leyes e intervenciones nacionales de arriba abajo para proteger sus ecosistemas africanos, estas comunidades est\u00e1n tomando la iniciativa de revivir y mejorar sus profundos conocimientos ecol\u00f3gicos, sus pr\u00e1cticas y sus sistemas de gobernanza. Lo hacen para restablecer la diversidad de semillas aut\u00f3ctonas y la soberan\u00eda alimentaria, y para reforzar los sistemas de gobernanza consuetudinarios derivados de las leyes de la naturaleza. La naturaleza es su principal<br role=\"presentation\" \/>texto y fuente de derecho.<\/span><\/p>\n<p><strong><span dir=\"ltr\" role=\"presentation\">Creciente reconocimiento de la democracia alternativa en \u00c1frica<\/span><\/strong><\/p>\n<p><span dir=\"ltr\" role=\"presentation\">La comprensi\u00f3n y el reconocimiento del valor intr\u00ednseco de las leyes consuetudinarias han ido ganando terreno en las dos \u00faltimas d\u00e9cadas con el apoyo de un creciente conjunto de instrumentos e iniciativas internacionales junto con un amplio reconocimiento de las comunidades ind\u00edgenas como custodios de sus tierras y territorios ancestrales. Estas leyes consuetudinarias act\u00faan para regular la actividad huma<br role=\"presentation\" \/>na y proporcionar el cuidado y la tutela necesarios hacia nuestro medio ambiente. En 2009, la Comisi\u00f3n Africana dict\u00f3 la primera sentencia de un tribunal internacional que reconoc\u00eda a los pueblos ind\u00edgenas de \u00c1frica y sus derechos como custodios de sus tierras ancestrales. La Comisi\u00f3n interpret\u00f3 el art\u00edculo 8 de la Carta Africana en el sentido de que \u00abla religi\u00f3n est\u00e1 a menudo vinculada a la tierra, a las creencias y a las pr\u00e1cticas cul<\/span><span dir=\"ltr\" role=\"presentation\">turales, y la libertad de culto y de participa<\/span><span dir=\"ltr\" role=\"presentation\">ci\u00f3n en esos actos ceremoniales est\u00e1 en el<\/span><br role=\"presentation\" \/><span dir=\"ltr\" role=\"presentation\">centro de la libertad de religi\u00f3n\u00bb. La Comi<\/span><span dir=\"ltr\" role=\"presentation\">si\u00f3n tambi\u00e9n interpret\u00f3 el significado de \u00ab<\/span><span dir=\"ltr\" role=\"presentation\">cultura\u00bb como \u00abla asociaci\u00f3n espiritual y<\/span> <span dir=\"ltr\" role=\"presentation\">f\u00edsica con la tierra ancestral, los conoci<\/span><span dir=\"ltr\" role=\"presentation\">mientos, las creencias, la moral, los valo<\/span><span dir=\"ltr\" role=\"presentation\">res, la ley, las costumbres y cualquier otra <\/span><span dir=\"ltr\" role=\"presentation\">pr\u00e1ctica\u00bb. Otro hito en la interpretaci\u00f3n de <\/span><span dir=\"ltr\" role=\"presentation\">la Carta Africana en relaci\u00f3n con<\/span> <span dir=\"ltr\" role=\"presentation\">las tierras ancestrales y los sis<\/span><span dir=\"ltr\" role=\"presentation\">temas de gobernanza con<\/span><span dir=\"ltr\" role=\"presentation\">suetudinarios ha sido el<\/span><br role=\"presentation\" \/><span dir=\"ltr\" role=\"presentation\">caso Endorois, en el<\/span> <span dir=\"ltr\" role=\"presentation\">que el Tribunal <\/span><span dir=\"ltr\" role=\"presentation\">Africano con<\/span><span dir=\"ltr\" role=\"presentation\">firm\u00f3 el va<\/span><span dir=\"ltr\" role=\"presentation\">lor y la im<\/span><span dir=\"ltr\" role=\"presentation\">portancia <\/span><span dir=\"ltr\" role=\"presentation\">de los dere<\/span><span dir=\"ltr\" role=\"presentation\">chos tradi<\/span><span dir=\"ltr\" role=\"presentation\">cionales de <\/span><span dir=\"ltr\" role=\"presentation\">los pueblos <\/span><span dir=\"ltr\" role=\"presentation\">Endorois a su <\/span><span dir=\"ltr\" role=\"presentation\">tierra y su <\/span><span dir=\"ltr\" role=\"presentation\">cultura. <\/span><span dir=\"ltr\" role=\"presentation\">Desde enton<\/span><span dir=\"ltr\" role=\"presentation\">ces, ha ido <\/span><span dir=\"ltr\" role=\"presentation\">surgiendo un <\/span><span dir=\"ltr\" role=\"presentation\">n\u00famero cre<\/span><span dir=\"ltr\" role=\"presentation\">ciente de casos <\/span><span dir=\"ltr\" role=\"presentation\">tangibles de re<\/span><span dir=\"ltr\" role=\"presentation\">activaci\u00f3n y rei<\/span><span dir=\"ltr\" role=\"presentation\">vindicaci\u00f3n del <\/span><span dir=\"ltr\" role=\"presentation\">reconocimiento <\/span><span dir=\"ltr\" role=\"presentation\">legal de los mis<\/span><span dir=\"ltr\" role=\"presentation\">mos.<\/span><\/p>\n<p><strong><span dir=\"ltr\" role=\"presentation\">Aprobaci\u00f3n de la resoluci\u00f3n africana: <\/span><span dir=\"ltr\" role=\"presentation\">ACHPR\/Res. 372 (LX) 2017<\/span><\/strong><\/p>\n<p><span dir=\"ltr\" role=\"presentation\">La Fundaci\u00f3n Gaia y sus socios, incluida la <\/span><span dir=\"ltr\" role=\"presentation\">ABN, han trabajado estrechamente con la <\/span><span dir=\"ltr\" role=\"presentation\">Comisi\u00f3n Africana para impulsar la apro<\/span><span dir=\"ltr\" role=\"presentation\">baci\u00f3n de la Resoluci\u00f3n Africana: ACHPR\/<\/span><span dir=\"ltr\" role=\"presentation\">Res. 372 (LX) 2017. En 2017, los argu<\/span><span dir=\"ltr\" role=\"presentation\">mentos persuasivos y sustantivos para el <\/span><span dir=\"ltr\" role=\"presentation\">reconocimiento y la protecci\u00f3n de los sitios <\/span><span dir=\"ltr\" role=\"presentation\">naturales sagrados formaron la base de una<\/span> <span dir=\"ltr\" role=\"presentation\">nueva Resoluci\u00f3n (ACHPR\/Res.372 (LX) <\/span><span dir=\"ltr\" role=\"presentation\">2017). Fue presentada por el Grupo de Tra<\/span><span dir=\"ltr\" role=\"presentation\">bajo sobre Poblaciones Ind\u00edgenas (GTPI) y <\/span><span dir=\"ltr\" role=\"presentation\">adoptada en la 60\u00aa Sesi\u00f3n Ordinaria de la<\/span><br role=\"presentation\" \/><span dir=\"ltr\" role=\"presentation\">ACPHR en Niamey, N\u00edger. La resoluci\u00f3n<\/span> <span dir=\"ltr\" role=\"presentation\">ACHPR\/Res.372 ha sido aplaudida por <\/span><span dir=\"ltr\" role=\"presentation\">marcar un nuevo cap\u00edtulo en el reconoci<\/span><span dir=\"ltr\" role=\"presentation\">miento por parte de \u00c1frica de los lugares <\/span><span dir=\"ltr\" role=\"presentation\">naturales sagrados, las tierras ancestrales y<\/span> <span dir=\"ltr\" role=\"presentation\">las tradiciones que los han protegido y sos<\/span><span dir=\"ltr\" role=\"presentation\">tenido durante generaciones. Su exitosa <\/span><span dir=\"ltr\" role=\"presentation\">aprobaci\u00f3n ha sido motivo de celebraci\u00f3n,<\/span> <span dir=\"ltr\" role=\"presentation\">ya que representa un paso importante hacia<\/span> <span dir=\"ltr\" role=\"presentation\">la descolonizaci\u00f3n de los sistemas jur\u00eddicos <\/span><span dir=\"ltr\" role=\"presentation\">africanos y las pr\u00e1cticas de conservaci\u00f3n, <\/span><span dir=\"ltr\" role=\"presentation\">fortaleciendo los sistemas plurilegales de<\/span> <span dir=\"ltr\" role=\"presentation\">\u00c1frica. La Carta Africana, que gu\u00eda a la <\/span><span dir=\"ltr\" role=\"presentation\">Comisi\u00f3n Africana y a sus resoluciones,<\/span><br role=\"presentation\" \/><span dir=\"ltr\" role=\"presentation\">aboga por la descolonizaci\u00f3n del sistema<\/span> <span dir=\"ltr\" role=\"presentation\">jur\u00eddico de \u00c1frica y por la revitalizaci\u00f3n y <\/span><span dir=\"ltr\" role=\"presentation\">valoraci\u00f3n de su patrimonio cultural y na<\/span><span dir=\"ltr\" role=\"presentation\">tural. La resoluci\u00f3n ACHPR\/Res.372 adop<\/span><span dir=\"ltr\" role=\"presentation\">ta esta visi\u00f3n y destaca la importancia de<\/span> <span dir=\"ltr\" role=\"presentation\">los lugares naturales sagrados para proteger <\/span><span dir=\"ltr\" role=\"presentation\">y apoyar la relaci\u00f3n entre las personas, la <\/span><span dir=\"ltr\" role=\"presentation\">tierra, la espiritualidad y la cultura, espe<\/span><span dir=\"ltr\" role=\"presentation\">cialmente para los pueblos ind\u00edgenas y las <\/span><span dir=\"ltr\" role=\"presentation\">comunidades locales. Subraya la importan<\/span><span dir=\"ltr\" role=\"presentation\">cia de los sistemas de gobernanza consue<\/span><span dir=\"ltr\" role=\"presentation\">tudinarios para garantizar la integridad eco<\/span><span dir=\"ltr\" role=\"presentation\">l\u00f3gica, as\u00ed como los valores culturales, eco<\/span><span dir=\"ltr\" role=\"presentation\">l\u00f3gicos y espirituales.<\/span><\/p>\n<p><span dir=\"ltr\" role=\"presentation\">Mediante la resoluci\u00f3n ACHPR\/Res.372, la <\/span><span dir=\"ltr\" role=\"presentation\">Comisi\u00f3n Africana ha reconocido el papel <\/span><span dir=\"ltr\" role=\"presentation\">fundamental que desempe\u00f1an los lugares<\/span> <span dir=\"ltr\" role=\"presentation\">naturales sagrados en la protecci\u00f3n de los <\/span><span dir=\"ltr\" role=\"presentation\">ecosistemas africanos y en la realizaci\u00f3n de<\/span> <span dir=\"ltr\" role=\"presentation\">los derechos de los pueblos africanos, in<\/span><span dir=\"ltr\" role=\"presentation\">cluido el derecho de los pueblos a su pro<\/span><span dir=\"ltr\" role=\"presentation\">pia forma de vida econ\u00f3mica, social y cul<\/span><span dir=\"ltr\" role=\"presentation\">tural. La resoluci\u00f3n va m\u00e1s all\u00e1 de la pro<\/span><span dir=\"ltr\" role=\"presentation\">moci\u00f3n de los derechos humanos y de los<\/span> <span dir=\"ltr\" role=\"presentation\">pueblos en \u00c1frica: representa una conver<\/span><span dir=\"ltr\" role=\"presentation\">gencia de derechos y responsabilidades. Pi<\/span><span dir=\"ltr\" role=\"presentation\">de la participaci\u00f3n justa, equitativa y efec<\/span><span dir=\"ltr\" role=\"presentation\">tiva de los pueblos ind\u00edgenas y las comuni<\/span><span dir=\"ltr\" role=\"presentation\">dades tradicionales en el reconocimiento y<\/span> <span dir=\"ltr\" role=\"presentation\">la protecci\u00f3n de sus derechos, creencias y <\/span><span dir=\"ltr\" role=\"presentation\">pr\u00e1cticas en relaci\u00f3n con los lugares natu<\/span><span dir=\"ltr\" role=\"presentation\">rales sagrados, as\u00ed como las leyes consue<\/span><span dir=\"ltr\" role=\"presentation\">tudinarias y los sistemas de gobernanza. Pi<\/span><span dir=\"ltr\" role=\"presentation\">de que se reconozcan los derechos de cus<\/span><span dir=\"ltr\" role=\"presentation\">todia, el derecho a la religi\u00f3n y a las creen<\/span><span dir=\"ltr\" role=\"presentation\">cias culturales, el derecho a los ecosistemas <\/span><span dir=\"ltr\" role=\"presentation\">sanos y los derechos de la naturaleza.<\/span><\/p>\n<p><span dir=\"ltr\" role=\"presentation\">La resoluci\u00f3n se inspira en la diversidad de <\/span><span dir=\"ltr\" role=\"presentation\">las culturas africanas y en el derecho con<\/span><span dir=\"ltr\" role=\"presentation\">suetudinario o a priori que se ha visto so<\/span><span dir=\"ltr\" role=\"presentation\">cavado desde la \u00e9poca colonial y no en el <\/span><span dir=\"ltr\" role=\"presentation\">sistema jur\u00eddico occidental, moderno y cen<\/span><span dir=\"ltr\" role=\"presentation\">trado en el ser humano. Destaca el papel de <\/span><span dir=\"ltr\" role=\"presentation\">los custodios, las comunidades custodias y <\/span><span dir=\"ltr\" role=\"presentation\">sus responsabilidades ancestrales con la tie<\/span><span dir=\"ltr\" role=\"presentation\">rra. Reconoce que los pueblos ind\u00edgenas de <\/span><span dir=\"ltr\" role=\"presentation\">\u00c1frica, guiados por sus custodios, mantie<\/span><span dir=\"ltr\" role=\"presentation\">nen los conocimientos ind\u00edgenas <em>a priori<\/em>, <\/span><span dir=\"ltr\" role=\"presentation\">las innovaciones, los valores, las pr\u00e1cticas,<\/span> <span dir=\"ltr\" role=\"presentation\">las leyes y los sistemas de gobernanza que <\/span><span dir=\"ltr\" role=\"presentation\">conectan a las comunidades en una rela<\/span><span dir=\"ltr\" role=\"presentation\">ci\u00f3n profunda y espiritual con los ecosiste<\/span><span dir=\"ltr\" role=\"presentation\">mas biodiversos de sus tierras ancestrales.<\/span><\/p>\n<p><span dir=\"ltr\" role=\"presentation\">El Colectivo Africano de Jurisprudencia de <\/span><span dir=\"ltr\" role=\"presentation\">la Tierra, junto con seis socios que trabajan <\/span><span dir=\"ltr\" role=\"presentation\">con comunidades de seis pa\u00edses africanos,<\/span> <span dir=\"ltr\" role=\"presentation\">est\u00e1 trabajando para demostrar c\u00f3mo las <\/span><span dir=\"ltr\" role=\"presentation\">comunidades custodias se esfuerzan por<\/span> <span dir=\"ltr\" role=\"presentation\">proteger sus lugares naturales sagrados y <\/span><span dir=\"ltr\" role=\"presentation\">por revivir o fortalecer sus sistemas de go<\/span><span dir=\"ltr\" role=\"presentation\">bernanza consuetudinarios, mostrando as\u00ed<\/span> <span dir=\"ltr\" role=\"presentation\">el camino para aplicar la resoluci\u00f3n <\/span><span dir=\"ltr\" role=\"presentation\">ACHPR\/Res.372 en sus propios t\u00e9rminos.<\/span><\/p>\n<p><span dir=\"ltr\" role=\"presentation\">Hacemos un llamamiento a los gobiernos <\/span><span dir=\"ltr\" role=\"presentation\">africanos y al mundo para que apoyen estas <\/span><span dir=\"ltr\" role=\"presentation\">iniciativas emergentes con el fin de contra<\/span><span dir=\"ltr\" role=\"presentation\">rrestar las amenazas que pesan sobre los <\/span><span dir=\"ltr\" role=\"presentation\">ecosistemas m\u00e1s preciados del continente y<\/span> <span dir=\"ltr\" role=\"presentation\">revivir formas de vida que restablezcan la <\/span><span dir=\"ltr\" role=\"presentation\">relaci\u00f3n entre las comunidades, sus tierras<\/span><br role=\"presentation\" \/><span dir=\"ltr\" role=\"presentation\">y sus aguas tras siglos de da\u00f1os coloniales.<\/span><\/p>\n<p><em><span dir=\"ltr\" role=\"presentation\">Simon Mitambo<\/span> <span dir=\"ltr\" role=\"presentation\">es un profesional de la jurisprudencia de la Tierra y cofundador de la <\/span><span dir=\"ltr\" role=\"presentation\">Sociedad para el Aprendizaje y la Transformaci\u00f3n Alternativos (SALT). Actualmente es el <\/span><span dir=\"ltr\" role=\"presentation\">Coordinador de Programas Regionales de la Red Africana de Biodiversidad (ABN).<\/span><\/em><\/p>\n<p>Fuente: <em>Tejido global de alternativas<\/em> n\u00ba 5 (<a href=\"https:\/\/aplanetainfo.files.wordpress.com\/2022\/01\/global-tapestry-5-es.pdf\">https:\/\/aplanetainfo.files.wordpress.com\/2022\/01\/global-tapestry-5-es.pdf<\/a>)<\/p>\n<p>Traducci\u00f3n de Aplaneta.<\/p>\n","protected":false},"excerpt":{"rendered":"<p>La Democracia Ecol\u00f3gica Radical es diferente de la democracia representativa convencional que domina el mundo. Es una democracia en la<\/p>\n","protected":false},"author":5,"featured_media":11437,"comment_status":"open","ping_status":"open","sticky":false,"template":"","format":"standard","meta":{"footnotes":""},"categories":[40,1563],"tags":[],"class_list":["post-11436","post","type-post","status-publish","format-standard","has-post-thumbnail","hentry","category-africa","category-crisis-ecosocial"],"aioseo_notices":[],"_links":{"self":[{"href":"https:\/\/espai-marx.net\/index.php?rest_route=\/wp\/v2\/posts\/11436","targetHints":{"allow":["GET"]}}],"collection":[{"href":"https:\/\/espai-marx.net\/index.php?rest_route=\/wp\/v2\/posts"}],"about":[{"href":"https:\/\/espai-marx.net\/index.php?rest_route=\/wp\/v2\/types\/post"}],"author":[{"embeddable":true,"href":"https:\/\/espai-marx.net\/index.php?rest_route=\/wp\/v2\/users\/5"}],"replies":[{"embeddable":true,"href":"https:\/\/espai-marx.net\/index.php?rest_route=%2Fwp%2Fv2%2Fcomments&post=11436"}],"version-history":[{"count":0,"href":"https:\/\/espai-marx.net\/index.php?rest_route=\/wp\/v2\/posts\/11436\/revisions"}],"wp:featuredmedia":[{"embeddable":true,"href":"https:\/\/espai-marx.net\/index.php?rest_route=\/wp\/v2\/media\/11437"}],"wp:attachment":[{"href":"https:\/\/espai-marx.net\/index.php?rest_route=%2Fwp%2Fv2%2Fmedia&parent=11436"}],"wp:term":[{"taxonomy":"category","embeddable":true,"href":"https:\/\/espai-marx.net\/index.php?rest_route=%2Fwp%2Fv2%2Fcategories&post=11436"},{"taxonomy":"post_tag","embeddable":true,"href":"https:\/\/espai-marx.net\/index.php?rest_route=%2Fwp%2Fv2%2Ftags&post=11436"}],"curies":[{"name":"wp","href":"https:\/\/api.w.org\/{rel}","templated":true}]}}