{"id":11536,"date":"2022-04-19T05:00:28","date_gmt":"2022-04-19T04:00:28","guid":{"rendered":"https:\/\/espai-marx.net\/?p=11536"},"modified":"2022-04-19T04:42:35","modified_gmt":"2022-04-19T03:42:35","slug":"escenario-energetico-y-transicion-ecosocial","status":"publish","type":"post","link":"https:\/\/espai-marx.net\/?p=11536","title":{"rendered":"Escenario energ\u00e9tico y transici\u00f3n ecosocial"},"content":{"rendered":"<p>Una serie de charlas-debate sobre el problema m\u00e1s importante de nuestro tiempo organizadas por ATTAC Catalunya en el primer trimestre de 2022. Con algunos de los mejores especialistas espa\u00f1oles: Alicia Valero, Antonio Turiel, Josep Nualart, Luis Gonz\u00e1lez Reyes y Manuel Casal Lodeiro.<\/p>\n<p><strong>1.- L\u00edmites materiales del planeta: Necesidad de una \u00abtransici\u00f3n material\u00bb. A cargo de Alicia Valero.<\/strong><\/p>\n<p><iframe loading=\"lazy\" title=\"1.- &quot;L\u00edmites materiales del planeta: Necesidad de una transici\u00f3n material\u201d\" width=\"800\" height=\"450\" src=\"https:\/\/www.youtube.com\/embed\/Kr6uzTPN34s?feature=oembed\" frameborder=\"0\" allow=\"accelerometer; autoplay; clipboard-write; encrypted-media; gyroscope; picture-in-picture; web-share\" referrerpolicy=\"strict-origin-when-cross-origin\" allowfullscreen><\/iframe><\/p>\n<p><strong>2.- \u00bfLas energ\u00edas renovables pueden sustituir a las energ\u00edas f\u00f3siles? A cargo de Antonio Turiel<\/strong><\/p>\n<p><iframe loading=\"lazy\" title=\"2.- \u00bfLas energ\u00edas renovables pueden sustituir a las energ\u00edas f\u00f3siles?\" width=\"800\" height=\"450\" src=\"https:\/\/www.youtube.com\/embed\/tk2R8sfSlQU?feature=oembed\" frameborder=\"0\" allow=\"accelerometer; autoplay; clipboard-write; encrypted-media; gyroscope; picture-in-picture; web-share\" referrerpolicy=\"strict-origin-when-cross-origin\" allowfullscreen><\/iframe><\/p>\n<p><strong>3.- Hidr\u00f3geno verde: \u00bfpapel central en la descarbonizaci\u00f3n? A cargo de Josep Nualart<\/strong><\/p>\n<p><iframe loading=\"lazy\" title=\"3.- Hidr\u00f3geno verde: \u00bfpapel central en la descarbonizaci\u00f3n?\" width=\"800\" height=\"450\" src=\"https:\/\/www.youtube.com\/embed\/Q5m0fhk_X80?feature=oembed\" frameborder=\"0\" allow=\"accelerometer; autoplay; clipboard-write; encrypted-media; gyroscope; picture-in-picture; web-share\" referrerpolicy=\"strict-origin-when-cross-origin\" allowfullscreen><\/iframe><\/p>\n<p><strong>4.- Movilidades en la transici\u00f3n ecosocial. A cargo de Luis Gonz\u00e1lez Reyes<\/strong><\/p>\n<p><iframe loading=\"lazy\" title=\"4.- Movilidades en la transici\u00f3n ecosocial\" width=\"800\" height=\"450\" src=\"https:\/\/www.youtube.com\/embed\/YcZjG5-Rl-Y?feature=oembed\" frameborder=\"0\" allow=\"accelerometer; autoplay; clipboard-write; encrypted-media; gyroscope; picture-in-picture; web-share\" referrerpolicy=\"strict-origin-when-cross-origin\" allowfullscreen><\/iframe><\/p>\n<p><strong>5.- Necesidad de una adecuada planificaci\u00f3n justa de la transici\u00f3n energ\u00e9tica. A cargo de Manuel Casal Lodeiro.<\/strong><\/p>\n<p><iframe loading=\"lazy\" title=\"5.- Necesidad de una adecuada planificaci\u00f3n justa de la transici\u00f3n energ\u00e9tica\" width=\"800\" height=\"450\" src=\"https:\/\/www.youtube.com\/embed\/pgfkCuz8T0I?feature=oembed\" frameborder=\"0\" allow=\"accelerometer; autoplay; clipboard-write; encrypted-media; gyroscope; picture-in-picture; web-share\" referrerpolicy=\"strict-origin-when-cross-origin\" allowfullscreen><\/iframe><\/p>\n","protected":false},"excerpt":{"rendered":"<p>Una serie de charlas-debate sobre el problema m\u00e1s importante de nuestro tiempo organizadas por ATTAC Catalunya en el primer trimestre<\/p>\n","protected":false},"author":5,"featured_media":0,"comment_status":"open","ping_status":"open","sticky":false,"template":"","format":"standard","meta":{"footnotes":""},"categories":[1563,1565],"tags":[],"class_list":["post-11536","post","type-post","status-publish","format-standard","hentry","category-crisis-ecosocial","category-crisis-energetica"],"aioseo_notices":[],"_links":{"self":[{"href":"https:\/\/espai-marx.net\/index.php?rest_route=\/wp\/v2\/posts\/11536","targetHints":{"allow":["GET"]}}],"collection":[{"href":"https:\/\/espai-marx.net\/index.php?rest_route=\/wp\/v2\/posts"}],"about":[{"href":"https:\/\/espai-marx.net\/index.php?rest_route=\/wp\/v2\/types\/post"}],"author":[{"embeddable":true,"href":"https:\/\/espai-marx.net\/index.php?rest_route=\/wp\/v2\/users\/5"}],"replies":[{"embeddable":true,"href":"https:\/\/espai-marx.net\/index.php?rest_route=%2Fwp%2Fv2%2Fcomments&post=11536"}],"version-history":[{"count":0,"href":"https:\/\/espai-marx.net\/index.php?rest_route=\/wp\/v2\/posts\/11536\/revisions"}],"wp:attachment":[{"href":"https:\/\/espai-marx.net\/index.php?rest_route=%2Fwp%2Fv2%2Fmedia&parent=11536"}],"wp:term":[{"taxonomy":"category","embeddable":true,"href":"https:\/\/espai-marx.net\/index.php?rest_route=%2Fwp%2Fv2%2Fcategories&post=11536"},{"taxonomy":"post_tag","embeddable":true,"href":"https:\/\/espai-marx.net\/index.php?rest_route=%2Fwp%2Fv2%2Ftags&post=11536"}],"curies":[{"name":"wp","href":"https:\/\/api.w.org\/{rel}","templated":true}]}}