{"id":1161,"date":"2009-06-19T00:00:00","date_gmt":"2009-06-19T00:00:00","guid":{"rendered":"https:\/\/espai-marx.net\/?p=1161"},"modified":"2020-02-25T04:15:06","modified_gmt":"2020-02-25T03:15:06","slug":"entrevista-antonio-rosa-no-creo-que-la-fotografia-pueda-cambiar-el-mundo-lo-mas-que-puede-hacer-es-denunciar-lo-que-esta-sucediendo-el-mundo","status":"publish","type":"post","link":"https:\/\/espai-marx.net\/?p=1161","title":{"rendered":"Entrevista Antonio Rosa, fot\u00f3grafo"},"content":{"rendered":"<p><em>Entrevista Antonio Rosa: \u201c[\u2026] No creo que la fotograf\u00eda pueda cambiar el mundo, lo m\u00e1s que puede hacer es denunciar lo que est\u00e1 sucediendo el mundo, dejar constancia de todas las barbaridades cometidas y tener la esperanza de que muchas situaciones fotografiadas no puedan volver a fotografiarse en el futuro.<\/em><\/p>\n<p>&nbsp;<\/p>\n<p>Antonio Rosa es un trabajador de la sanidad, bregado y desprendido sindicalista, estudiante de enfermer\u00eda y un excelente y laborioso fot\u00f3grafo con numerosas exposiciones a sus espaldas.<\/p>\n<p>*<\/p>\n<p>Recientemente hab\u00e9is editado en CC.OO. un libro de fotograf\u00edas, de fotograf\u00edas tuyas, con textos de amigos, artistas e intelectuales. Lleva por t\u00edtulo \u201cUn treball digne per a una vida digna\u201d, un trabajo digno para una vida digna. \u00bfPodr\u00edas explicarnos el contenido de la publicaci\u00f3n? \u00bfPor qu\u00e9 en estos momentos?<\/p>\n<p>Se trata de una antolog\u00eda de fotograf\u00edas de las diferentes exposiciones de tem\u00e1tica sociolaboral que CCOO ha trabajado durante los \u00faltimos a\u00f1os. Adem\u00e1s cuenta tambi\u00e9n con un DVD en el que est\u00e1n incluidos los documentales producidos hasta ahora.<\/p>\n<p><b><i>\u00bfQu\u00e9 documentales son esos?<\/i><\/b><\/p>\n<p>Despu\u00e9s de presentar la exposici\u00f3n sobre el trabajo infantil<i> No \u00e9s un joc, <\/i>nos dimos cuenta de que a las fotograf\u00edas s\u00f3lo les faltaba hablar. Por esto, cuando realic\u00e9 un nuevo viaje inclu\u00ed en el equipaje una c\u00e1mara de v\u00eddeo para as\u00ed dar tambi\u00e9n la oportunidad a los protagonistas de poner su voz, para que no hiciesen falta intermediarios, para que fuesen ellos mismos, en primera persona, los que nos explicasen su d\u00eda a d\u00eda.<\/p>\n<p>Despu\u00e9s vinieron los documentales sobre las condiciones de vida y de trabajo de los mineros artesanales que buscan minerales en viejas minas abandonadas, la importancia de focalizar a los ni\u00f1os en los Objetivos de Desarrollo del Milenio, entrevistas a trabajadoras de Maquilas, la realidad de la inmigraci\u00f3n en Barcelona\u2026 y uno muy especial en el que despu\u00e9s de realizar un taller de fotograf\u00edas a ni\u00f1os trabajadores del vertedero de basuras de La Chureca, son ellos mismos los que nos explican lo que les motiv\u00f3 a realizar sus fotograf\u00edas. Fueron fot\u00f3grafos ocasionales, para casi todos fue la primera oportunidad de tener una c\u00e1mara en sus manos, que realizaron muy buenas fotograf\u00edas, demostrando as\u00ed una de las muchas potencialidades que tienen estos ni\u00f1os trabajadores.<\/p>\n<p><b><i>De acuerdo. Prosigue con la antolog\u00eda, si te parece, te he interrumpido<\/i>.<\/b><\/p>\n<p>La antolog\u00eda conecta con la movilizaci\u00f3n mundial convocada por la CSI \u2013Confederaci\u00f3n Sindical Internacional-, bajo el lema \u201cPor el trabajo digno\u201d que reclama la universalizaci\u00f3n de los derechos laborales y sociales para conseguir un mundo m\u00e1s justo.<\/p>\n<p>Adem\u00e1s, pienso que en esta situaci\u00f3n de crisis que estamos viviendo, la antolog\u00eda nos muestra que los \u00faltimos a\u00f1os de \u201cbonanza econ\u00f3mica\u201d no lo han sido para todos y que las consecuencias de la crisis, una vez m\u00e1s, ser\u00e1n m\u00e1s dolorosas para los m\u00e1s pobres.<\/p>\n<p><b><i>\u00bfCu\u00e1ntas fotograf\u00edas componen la antolog\u00eda? \u00bfQu\u00e9 personas han colaborado en el volumen con sus comentarios?<\/i><\/b><b><i><\/i><\/b><\/p>\n<p>La antolog\u00eda consta de m\u00e1s de 60 fotograf\u00edas que van acompa\u00f1adas de comentarios de personas vinculadas con el mundo de la cultura.<\/p>\n<p>Cada participante tuvo la opci\u00f3n de escoger una fotograf\u00eda entre muchas otras, para despu\u00e9s escribir sobre ella. La idea era reflexionar sobre el mundo del trabajo con las fotograf\u00edas como excusa. As\u00ed, han participado: fot\u00f3grafos, escritores, directores de cine, profesores, cantantes, fil\u00f3sofos, dise\u00f1adores, m\u00e9dicos, enfermeras, deportistas, actores, arquitectos, antrop\u00f3logos, m\u00fasicos\u2026<\/p>\n<p><b>\u00bf<i>Desde cuando te dedicas a la fotograf\u00eda? \u00bfEres fot\u00f3grafo profesional? \u00bfD\u00f3nde has aprendido?<\/i><\/b><\/p>\n<p>Desde siempre me gust\u00f3 la fotograf\u00eda, todav\u00eda conservo la c\u00e1mara familiar de mi infancia, una Werlisa con su inconfundiblemente grande bot\u00f3n rojo.<\/p>\n<p>En un principio s\u00f3lo se trataba de obtener instant\u00e1neas para conservar en el \u00e1lbum familiar, m\u00e1s adelante fotografiaba objetos, edificios, paisajes\u2026 hasta que un d\u00eda ca\u00ed en la cuenta de que casi no fotografiaba personas. Fue entonces cuando descubr\u00ed un nuevo uso de la c\u00e1mara fotogr\u00e1fica: el de trasladar realidades a otras realidades, el mostrar las condiciones de vida y de trabajo de otras personas y sus consecuencias, el dar la oportunidad a personas an\u00f3nimas de mostrar su vida y sus condiciones de vida, primero mediante fotograf\u00edas, m\u00e1s adelante, mediante los documentales, d\u00e1ndoles tambi\u00e9n la voz para que ellos mismos pudiesen explicarnos en primera persona como era su d\u00eda a d\u00eda.<\/p>\n<p>Y no, no soy un fot\u00f3grafo profesional, aprend\u00ed a base de curiosidad, lecturas, pr\u00e1cticas\u2026<\/p>\n<p><b>\u00a0<\/b><b>\u00bf<i>Qu\u00e9 es para ti la fotograf\u00eda? Es tambi\u00e9n, como quer\u00eda Celaya de la poes\u00eda, un arma cargada de futuro.<\/i><\/b><\/p>\n<p>La fotograf\u00eda es un documento que fija mediante la luz un espacio y un tiempo que no volver\u00e1 a repetirse. Pero no podemos quedarnos s\u00f3lo aqu\u00ed, esto es tan solo la superficie, las dos dimensiones de una fotograf\u00eda no responden a la realidad. Para que la fotograf\u00eda tenga vida, para que nos ense\u00f1e del pasado, para que nos sirva de arma de futuro debemos leerla, interpretarla, entenderla\u2026 No se trata de que una fotograf\u00eda sea bonita o fea, sea correcta la t\u00e9cnica utilizada o no. Una fotograf\u00eda debe trasmitir emociones, una fotograf\u00eda atrapa un instante de vida y lo que debemos hacer al observarla es sumergirnos en ella para captar esa vida.<\/p>\n<p>Las fotograf\u00edas son prueba de que algo sucedi\u00f3 y en muchos casos se hacen necesarias para no olvidar, para certificar lo que sucede o sucedi\u00f3, para intentar que no vuelva a suceder lo que nunca debiera haber sucedido.<\/p>\n<p><b>\u00a0<\/b><strong>\u00bfTienes fot\u00f3grafos de referencia?\u00a0 \u00bfCu\u00e1les son tus maestros?<\/strong><\/p>\n<p>Las primeras fotograf\u00edas que me impresionaron fueron de Dorothea Lange, despu\u00e9s descubr\u00ed a Capa, Cartier-Bresson, Lewis Hine, Sebastiao Salgado\u2026 sin olvidar fot\u00f3grafos espa\u00f1oles como,\u00a0 entre otros: Sandra Balsells, Cristina Garc\u00eda Rodero, Kim Manresa, Fernando Moleres, Gervasio S\u00e1nchez\u2026 Como siempre ocurre con las listas: dejamos m\u00e1s de los que incluimos en ellas y que deber\u00edan tambi\u00e9n aparecer.<\/p>\n<p>Aunque no en exclusiva, sueles fotografiar ni\u00f1os, ni\u00f1as, j\u00f3venes, en situaci\u00f3n de explotaci\u00f3n o marginaci\u00f3n social. \u00bfPor qu\u00e9? \u00bfTe parecen un sector especialmente vulnerable?<\/p>\n<p>Claro que son vulnerables, a los ni\u00f1os no s\u00f3lo les estamos negando su presente, su derecho a la infancia y lo que conlleva. La barbaridad va m\u00e1s all\u00e1, les estamos negando su futuro. Un ni\u00f1o explotado ser\u00e1 un adulto explotado, se trata de un perverso c\u00edrculo vicioso del que se hace muy dif\u00edcil, sino imposible, de salir.<\/p>\n<p><strong>Sueles poner tu mirada fotogr\u00e1fica en temas y situaciones laborales de pa\u00edses latinoamericanos. \u00bfPor qu\u00e9? \u00bfPor denuncia, por sensibilidad, por solidaridad con ellos, por proximidad o sensibilidad?<\/strong><\/p>\n<p>Supongo que en esto la lengua com\u00fan debe de tener bastante que ver y no s\u00f3lo, tambi\u00e9n hay razones hist\u00f3ricas de peso para fijar la atenci\u00f3n en los pa\u00edses latinoamericanos. <b><\/b><\/p>\n<p>\u00bfNo crees que vivimos en un mundo con demasiadas im\u00e1genes? \u00bfNo puede ocurrir que las tuyas, y las de otros fot\u00f3grafos similares, muy distintas desde luego de la org\u00eda ic\u00f3nica general, pasen desapercibas, ocultadas ante tanto ruido insustancial?<\/p>\n<p>Las im\u00e1genes son fragmentos del mundo y como tales nunca nos dar\u00e1n una informaci\u00f3n completa. En este sentido vale la pena recordar el mito de la caverna de Plat\u00f3n y reconocer que las fotograf\u00edas son representaci\u00f3n de lo real y por muy bien que sepamos reconocerlas siempre se nos escapar\u00e1 algo.<\/p>\n<p>Las im\u00e1genes van ganado la partida a las palabras, las nuevas tecnolog\u00edas van inundando el mundo de im\u00e1genes que representan el mundo, siendo de nuevo una representaci\u00f3n, un fragmento que nos quieren vender como la realidad, una realidad s\u00f3lo de unos cuantos, una realidad siempre incompleta.<\/p>\n<p>En este sentido quiz\u00e1s ser\u00eda interesante plantear la creaci\u00f3n de una asignatura que fuese educaci\u00f3n en fotograf\u00eda en la fuese obligatorio mirar la realidad.<\/p>\n<p>\u00bfCrees que la fotograf\u00eda puede cambiar el mundo? \u00bfDe qu\u00e9 forma?<\/p>\n<p>No creo que la fotograf\u00eda pueda cambiar el mundo, lo m\u00e1s que puede hacer es denunciar lo que est\u00e1 sucediendo en el mundo, dejar constancia de todas las barbaridades cometidas y tener la esperanza de que muchas situaciones fotografiadas no puedan volver a fotografiarse en el futuro.<\/p>\n<p>\u00bfC\u00f3mo se organiza las cosas un trabajador como t\u00fa, un sindicalista como t\u00fa, para, adem\u00e1s de ello, fotografiar con cuidado y dedicaci\u00f3n y organizar exposiciones y publicar libros?<\/p>\n<p>No pienso que tenga mucho m\u00e9rito mi capacidad de organizarme. En realidad pienso que he tenido la fortuna de poder viajar, fotografiar y volver para contarlo. La verdadera suerte es haber encontrado un grupo de compa\u00f1eros de trabajo y amigos que han hecho todo el trabajo. Yo hice las fotograf\u00edas, pero el trabajo posterior de mucha mayor envergadura no est\u00e1 realizado por mi. Hizo falta gente que tuviese la idea de montar una exposici\u00f3n, de buscar los recursos para hacerla posible, de mantenerla en el tiempo buscando espacios de exhibici\u00f3n, de crear contenidos, de traducirlos, de maquetar, de crear webs, de volver a imaginar un nuevo proyecto y comenzar de nuevo todo el trabajo\u2026 Si no me hubiese encontrado con ellos seguramente las fotograf\u00edas estar\u00edan almacenadas en un disco duro o colgadas en la inmensa internet, es gracias a ellos que podemos verlas hoy formando parte de un libro.<\/p>\n<p>Este libro, \u00bfpuede ser base para una nueva exposici\u00f3n? Si fuera as\u00ed, \u00bfen qu\u00e9 lugares has pensado exponer?<\/p>\n<p>M\u00e1s bien este libro es el resumen de todas las exposiciones y documentales producidos hasta la fecha desde la secretaria de formaci\u00f3 sindical i cultura de CCOO. En \u00e9l encontramos material audiovisual sobre explotaci\u00f3n infantil, maquilas, miner\u00eda artesanal, inmigraci\u00f3n\u2026 Pero quiz\u00e1s podr\u00eda ser una buena idea plantear una nueva exposici\u00f3n sobre el libro y los comentarios de las fotograf\u00edas. A esto precisamente me refer\u00eda en la pregunta anterior, son los amigos los que van marcando los posibles nuevos proyectos.<\/p>\n<p><b>\u00a0<\/b><b>Iniciabas hace unas pocas semanas, finales de mayo, una presentaci\u00f3n de tu libro con unas referencias filos\u00f3ficas presocr\u00e1ticas. No es frecuente. \u00bfTe consideras un fot\u00f3grafo-fil\u00f3sofo?<\/b><\/p>\n<p>No, no me considero ni fot\u00f3grafo, ni fil\u00f3sofo. Pienso que Plat\u00f3n tampoco aceptar\u00eda que los fot\u00f3grafos formasen parte de su Rep\u00fablica, al menos algunos.<\/p>\n<p>S\u00f3lo me considero afortunado de haber tenido la oportunidad de conocer a tantas personas que me regalaron unos instantes de sus vidas a cambio de sacarlos del anonimato de la manera m\u00e1s digna posible.<b><\/b><\/p>\n<p><b>\u00a0<\/b>\u00bfPuedo pedirte un favor para finalizar? \u00bfNos puedes regalar dos fotograf\u00edas tuyas? Las que te gusten m\u00e1s.<\/p>\n<p><b>\u00a0\u00a0\u00a0\u00a0 <\/b>Estas por ejemplo:<\/p>\n<p><img decoding=\"async\" src=\"docs\/ed4227734ed75d343320b6a5fd16ce57_files\/image002.jpg\" \/><\/p>\n<p><b>\u00a0<\/b><\/p>\n<p>Esta fotograf\u00eda tomada en el vertedero de basuras de La Chureca en Managua, muestra como ninguna otra como el trabajo infantil genera pobreza y como la pobreza genera trabajo infantil. El ni\u00f1o sigue el camino de su padre, al igual que su padre hizo cuando era ni\u00f1o.<\/p>\n<p>El texto del pie es de Adaia Teruel: \u201c[\u2026] All\u00e1 est\u00e1 el muchacho de atr\u00e1s. El sin nombre, el invisible, el que no interesa a nadie. Nadie sabe quien es ni que hace. \u00c9ste es \u00e9l\u201d<\/p>\n<p><img decoding=\"async\" src=\"docs\/ed4227734ed75d343320b6a5fd16ce57_files\/image004.jpg\" \/><b><\/b><\/p>\n<p><b>\u00a0<\/b><\/p>\n<p>Muchas personas quedan desmembradas y s\u00f3lo se les tienen en cuenta por sus manos y pies generadores de unos ingresos que apenas les permiten vivir el d\u00eda a d\u00eda.<\/p>\n<p>El texto del pie de foto es de Quim Brugu\u00e9: \u201c[\u2026] Entre todos, sin embargo, deber\u00edamos limpiarle el fango\u201d.<\/p>\n<p><b>\u00a0<\/b><b>\u00a0\u00a0\u00a0\u00a0 <i>Y si alguien est\u00e1 interesado en el libro, \u00bfc\u00f3mo puede adquirirlo?<\/i><\/b><\/p>\n<p>Si alguien est\u00e1 interesado en el libro puede ponerse en contacto con la secretaria de formaci\u00f3n sindical y cultura de CCOO de Catalunya:\u00a0 <a href=\"mailto:cultura@ccoo.cat\">cultura@ccoo.cat<\/a><\/p>\n<p><b>\u00a0<\/b><\/p>\n","protected":false},"excerpt":{"rendered":"<p>Salvador L\u00f3pez Arnal<\/p>\n<p>\u00a0\u00a0\u00a0\u00a0 Antonio Rosa es un trabajador de la sanidad, bregado y desprendido sindicalista, estudiante de enfermer\u00eda y un excelente y laborioso fot\u00f3grafo con numerosas exposiciones a sus espaldas.<\/p>\n<p>\u00a0\u00a0\u00a0\u00a0\u00a0\u00a0\u00a0\u00a0\u00a0\u00a0\u00a0\u00a0\u00a0\u00a0\u00a0\u00a0\u00a0\u00a0\u00a0\u00a0\u00a0\u00a0\u00a0\u00a0\u00a0\u00a0\u00a0 *<\/p>\n<p>\u00a0\u00a0\u00a0\u00a0 <\/p>\n","protected":false},"author":9,"featured_media":0,"comment_status":"open","ping_status":"open","sticky":false,"template":"","format":"standard","meta":{"footnotes":""},"categories":[3],"tags":[1296,920,1297],"class_list":["post-1161","post","type-post","status-publish","format-standard","hentry","category-condiciones-de-vida","tag-antonio-rosa","tag-entrevista-a-autor","tag-un-treball-digne-per-a-una-vida-digna"],"aioseo_notices":[],"_links":{"self":[{"href":"https:\/\/espai-marx.net\/index.php?rest_route=\/wp\/v2\/posts\/1161","targetHints":{"allow":["GET"]}}],"collection":[{"href":"https:\/\/espai-marx.net\/index.php?rest_route=\/wp\/v2\/posts"}],"about":[{"href":"https:\/\/espai-marx.net\/index.php?rest_route=\/wp\/v2\/types\/post"}],"author":[{"embeddable":true,"href":"https:\/\/espai-marx.net\/index.php?rest_route=\/wp\/v2\/users\/9"}],"replies":[{"embeddable":true,"href":"https:\/\/espai-marx.net\/index.php?rest_route=%2Fwp%2Fv2%2Fcomments&post=1161"}],"version-history":[{"count":0,"href":"https:\/\/espai-marx.net\/index.php?rest_route=\/wp\/v2\/posts\/1161\/revisions"}],"wp:attachment":[{"href":"https:\/\/espai-marx.net\/index.php?rest_route=%2Fwp%2Fv2%2Fmedia&parent=1161"}],"wp:term":[{"taxonomy":"category","embeddable":true,"href":"https:\/\/espai-marx.net\/index.php?rest_route=%2Fwp%2Fv2%2Fcategories&post=1161"},{"taxonomy":"post_tag","embeddable":true,"href":"https:\/\/espai-marx.net\/index.php?rest_route=%2Fwp%2Fv2%2Ftags&post=1161"}],"curies":[{"name":"wp","href":"https:\/\/api.w.org\/{rel}","templated":true}]}}