{"id":11666,"date":"2022-05-02T05:00:12","date_gmt":"2022-05-02T04:00:12","guid":{"rendered":"https:\/\/espai-marx.net\/?p=11666"},"modified":"2022-05-02T00:28:52","modified_gmt":"2022-05-01T23:28:52","slug":"cambio-urgente-en-las-politicas-globales","status":"publish","type":"post","link":"https:\/\/espai-marx.net\/?p=11666","title":{"rendered":"Cambio urgente en las pol\u00edticas globales"},"content":{"rendered":"<p>Rese\u00f1a de Miguel Pajares, <em>Refugiados clim\u00e1ticos. Un gran reto del siglo XXI<\/em>, Barcelona: Rayo Verde, 2020, 275 p\u00e1ginas, pr\u00f3logo de Cecilia Carballo.<\/p>\n<p>&nbsp;<\/p>\n<p><a href=\"https:\/\/espai-marx.net\/wp-content\/uploads\/2022\/05\/refugiados-climaticos.jpg\"><img loading=\"lazy\" decoding=\"async\" class=\"alignleft  wp-image-11667\" src=\"https:\/\/espai-marx.net\/wp-content\/uploads\/2022\/05\/refugiados-climaticos.jpg\" alt=\"\" width=\"200\" height=\"313\" srcset=\"https:\/\/espai-marx.net\/wp-content\/uploads\/2022\/05\/refugiados-climaticos.jpg 320w, https:\/\/espai-marx.net\/wp-content\/uploads\/2022\/05\/refugiados-climaticos-192x300.jpg 192w\" sizes=\"auto, (max-width: 200px) 100vw, 200px\" \/><\/a>Siendo numerosos (y necesarios por supuesto) los libros que se publican sobre la crisis clim\u00e1tica y sus consecuencias, es alto el riesgo de que ensayos de mucho inter\u00e9s, casi imprescindibles, pasen desapercibidos. Este podr\u00eda ser el caso de <em>Refugiados clim\u00e1ticos<\/em> (subt\u00edtulo: <em>Un atlas sobre los impactos y las migraciones de la crisis ecol\u00f3gica. Una propuesta sobre la urgencia de cambiar las pol\u00edticas globales<\/em>). No lo merece.<\/p>\n<p>Un breve apunte sobre el autor: licenciado en Ciencias Biol\u00f3gicas y doctor en Antropolog\u00eda Social, Miguel Pajares es miembro del Grupo de Investigaci\u00f3n sobre Exclusi\u00f3n y Control Social de la UB y presidente de a Comisi\u00f3n Catalana de Ayuda al Refugiado. Es autor de <em>Cautivos<\/em> (2013), <em>La luz del estallido<\/em> (2015), <em>Aguas de venganza<\/em> (2016) y <em>Cr\u00edmenes de hambre<\/em> (2018)<\/p>\n<p>Uno de los temas centrales de <em>Refugiados<\/em>: con palabras de la prologuista, Cecilia Carballo, directora de Programas de Greenpeace: \u00abEste texto se ocupa de las limitaciones que, a la hora de definir la figura de <em>refugiado<\/em>, <em>migrante<\/em> o <em>desplazado<\/em> por causas del calentamiento global, derivan a la discusi\u00f3n pol\u00edtica sobre qui\u00e9n debe hacerse cargo de las responsabilidades surgidas de estos movimientos poblaciones. Se trata de dificultades pol\u00edticas y econ\u00f3micas m\u00e1s que sem\u00e1nticas, ya que estos conceptos no son especialmente complicados de definir. Si no se han clarificado ya en la comunidad internacional se debe a la existencia de un conflicto pol\u00edtico evidente.\u00bb<\/p>\n<p>El contenido del libro: Pr\u00f3logo, Introducci\u00f3n, cinco cap\u00edtulos, reflexiones finales, ep\u00edlogo y agradecimientos. Para abrir el apetito del lector\/a, un breve resumen de los contenidos y una aproximaci\u00f3n al ep\u00edlogo.<\/p>\n<p>En el cap\u00edtulo 1\u00ba, \u00abLo hemos puesto en marcha y no lo estamos frenando\u00bb, Pajares argumenta documentadamente que los humanos somos plenamente responsables del cambio clim\u00e1tico que estamos viviendo. No hay dudas cient\u00edficas sustantivas sobre la afirmaci\u00f3n. Pero reconocer la importancia de los acuerdos clim\u00e1ticos y los avances que se van logrando (que no son pocos), se\u00f1ala, \u00abno debe hacernos olvidar algo fundamental: lo que hemos hecho hasta ahora no es suficiente, ni de lejos, para poner freno al cambio clim\u00e1tico\u2026 La conclusi\u00f3n es clara; mientras los gobiernos firman acuerdos para evitar un incremento de 2\u00ba C, las grandes corporaciones de los combustibles f\u00f3siles (privadas y estatales) siguen con sus negocios llev\u00e1ndonos irremisiblemente a un calentamiento de 4\u00ba C\u00bb.<\/p>\n<p>En el 2\u00ba cap\u00edtulo, \u00abLos efectos del cambio clim\u00e1tico\u00bb, se muestran los efectos concretos y actuales de la emergencia clim\u00e1tica. Lo m\u00e1s turbador de la lectura del informe del IPCC de 2018 \u00abes saber que, tal y como van las cosas, no nos encaminamos a un calentamiento del 1,5\u00ba C en este siglo ni a uno de 2\u00ba C, sino m\u00e1s bien a uno de 4\u00baC.\u00bb Algunos de los efectos comentados en este apartado: deshielo y subida del nivel del mar, destrucci\u00f3n de h\u00e1bitats costeros, ciudades y pa\u00edses, tempestades m\u00e1s da\u00f1inas, lluvias torrenciales e inundaciones, sequ\u00edas y desertificaci\u00f3n, escasez de agua dulce, desaparici\u00f3n de especies animales, inseguridad alimentaria y hambre, con dos destacadas secciones dedicadas al reparto desigual de los impactos clim\u00e1ticos y a la desigualdad de g\u00e9nero: \u00abTodo ello comporta que sean las \u00faltimas en abandonar el barco, por as\u00ed decirlo. Y durante los desastres, o cuando se ven ya obligadas a iniciar el trayecto migratorio, sufren otro efecto de la desigualdad: muchas padecen violencia de g\u00e9nero en medio de los desastres o en los desplazamientos que estos provocan.\u00bb<\/p>\n<p>En el tercer cap\u00edtulo, \u00abMovilidad humana y crisis clim\u00e1tica\u00bb, se aborda la movilidad humana que est\u00e1 produci\u00e9ndose ya en el mundo, as\u00ed como los desplazamientos internos medioambientales que se est\u00e1n originando. Desplazados medioambientales y desplazados clim\u00e1ticos no responden al mismo concepto, comenta Pajares: el primero es m\u00e1s amplio, incluye tanto los desplazados clim\u00e1ticos como a los generados por los da\u00f1os medioambientales que causan la industria y los gobiernos, como a los generados por fen\u00f3menos geof\u00edsicos. Algunos datos recogidos de la p\u00e1gina de ACNUR muestran las dimensiones del problema: los desplazamientos forzados a causa de cat\u00e1strofes medioambientales \u2013se ha duplicado desde 1970 los causados por la crisis clim\u00e1tica\u2013 causan unas tres veces m\u00e1s desplazamientos que los conflictos pol\u00edticos: fueron m\u00e1s de 30 millones en 2020. Entre 2008 y 2020, el 49% de este tipo de desplazamientos (156 millones en todo el mundo) fueron por inundaciones y el 37,4% (119 millones) por tormentas.<\/p>\n<p>En el 4\u00ba cap\u00edtulo, \u00abMigraciones clim\u00e1ticas. Africa, Asia y Latinoam\u00e9rica\u00bb, el m\u00e1s extenso del libro, Pajares analiza detalladamente los impactos clim\u00e1ticos y las migraciones causadas en varias regiones del planeta, usualmente olvidadas: Sahel y \u00c1frica Occidental, Cuerno de \u00c1frica y resto de \u00c1frica Oriental, Asia del Sur, Sudeste asi\u00e1tico, etc. Un apunte inicial: \u00abEl continente africano solo es responsable del 3% de los gases del efecto invernadero emitidos desde el inicio de la industrializaci\u00f3n y del 8,7% de los que se emiten actualmente\u00bb, pero es el continente m\u00e1s vulnerable a sus efectos.<\/p>\n<p>En \u00abRefugiados clim\u00e1ticos\u00bb, el cap\u00edtulo quinto, se conjetura la magnitud global que pueden tener las migraciones clim\u00e1ticas para 2060 y se intenta responder a un tema controvertido: \u00bflos migrantes clim\u00e1ticos deben ser considerados refugiados? Sobre el primer punto, se\u00f1ala Pajares: \u00abConcluyo este apartado diciendo que, a nivel mundial, podemos contemplar unas migraciones clim\u00e1ticas hacia el 2060 de entre 175 y 300 millones de personas; de modo que en las pr\u00f3ximas cuatro d\u00e9cadas podr\u00eda doblarse el actual n\u00famero de migrantes que hay en el mundo. Pero debo volver a repetir que esta solo es una estimaci\u00f3n de trazo grueso para hacernos una idea sobre la magnitud que pueden alcanzar\u00bb. Secci\u00f3n destacada del cap\u00edtulo: \u00abLa dimensi\u00f3n migratoria depender\u00e1 de las pol\u00edticas clim\u00e1ticas: mitigaci\u00f3n, adaptaci\u00f3n\u2026\u00bb<\/p>\n<p>\u00abReflexiones finales. Otro futuro es posible\u00bb es el apartado final. Las sugerencias del autor: quitar a las grandes empresas energ\u00e9ticas, grandes multinacionales y \u00e9lites financieras el poder que tienen y posibilitar que los poderes p\u00fablicos y las agrupaciones sociales impongan otro modelo energ\u00e9tico, otro modelo agr\u00edcola y otra forma de vida; poner grandes recursos al servicio de la adaptaci\u00f3n; empezar a gestionar de forma racional las migraciones, asumiendo compromisos internacionales vinculantes y creando un marco institucional adecuado para ello; rechazar la falsa idea de que aparecer\u00e1n de alg\u00fan modo soluciones tecnol\u00f3gicas para librarnos de la crisis clim\u00e1tica&#8230;<\/p>\n<p>Miguel Pajares cierra su excelente (y muy recomendable) ensayo con un breve ep\u00edlogo dedicado a David Buckel, un abogado, un luchador que dedic\u00f3 su vida a la defensa de los derechos de los homosexuales y otras causas. Se inmol\u00f3 en Nueva York el 15 de abril de 2018 prendi\u00e9ndose fuego con un combustible f\u00f3sil. \u00abNo me atrever\u00eda nunca a juzgar la decisi\u00f3n tomada por David Buckel; ni defiendo su acci\u00f3n como m\u00e9todo de lucha ni soy qui\u00e9n para criticarla; pero sin duda lleg\u00f3 a ella por la convicci\u00f3n de que el capitalismo de los combustibles f\u00f3siles acabar\u00e1 abrasando a la humanidad.\u00bb \u00bfPodremos evitarlo? Una de las grandes tareas, una de las m\u00e1s urgentes y necesarias de nuestra hora.<\/p>\n","protected":false},"excerpt":{"rendered":"<p>Rese\u00f1a de Miguel Pajares, Refugiados clim\u00e1ticos. Un gran reto del siglo XXI, Barcelona: Rayo Verde, 2020, 275 p\u00e1ginas, pr\u00f3logo de<\/p>\n","protected":false},"author":5,"featured_media":11668,"comment_status":"open","ping_status":"open","sticky":false,"template":"","format":"standard","meta":{"footnotes":""},"categories":[1563],"tags":[],"class_list":["post-11666","post","type-post","status-publish","format-standard","has-post-thumbnail","hentry","category-crisis-ecosocial"],"aioseo_notices":[],"_links":{"self":[{"href":"https:\/\/espai-marx.net\/index.php?rest_route=\/wp\/v2\/posts\/11666","targetHints":{"allow":["GET"]}}],"collection":[{"href":"https:\/\/espai-marx.net\/index.php?rest_route=\/wp\/v2\/posts"}],"about":[{"href":"https:\/\/espai-marx.net\/index.php?rest_route=\/wp\/v2\/types\/post"}],"author":[{"embeddable":true,"href":"https:\/\/espai-marx.net\/index.php?rest_route=\/wp\/v2\/users\/5"}],"replies":[{"embeddable":true,"href":"https:\/\/espai-marx.net\/index.php?rest_route=%2Fwp%2Fv2%2Fcomments&post=11666"}],"version-history":[{"count":0,"href":"https:\/\/espai-marx.net\/index.php?rest_route=\/wp\/v2\/posts\/11666\/revisions"}],"wp:featuredmedia":[{"embeddable":true,"href":"https:\/\/espai-marx.net\/index.php?rest_route=\/wp\/v2\/media\/11668"}],"wp:attachment":[{"href":"https:\/\/espai-marx.net\/index.php?rest_route=%2Fwp%2Fv2%2Fmedia&parent=11666"}],"wp:term":[{"taxonomy":"category","embeddable":true,"href":"https:\/\/espai-marx.net\/index.php?rest_route=%2Fwp%2Fv2%2Fcategories&post=11666"},{"taxonomy":"post_tag","embeddable":true,"href":"https:\/\/espai-marx.net\/index.php?rest_route=%2Fwp%2Fv2%2Ftags&post=11666"}],"curies":[{"name":"wp","href":"https:\/\/api.w.org\/{rel}","templated":true}]}}