{"id":1170,"date":"2009-06-28T00:00:00","date_gmt":"2009-06-28T00:00:00","guid":{"rendered":"https:\/\/espai-marx.net\/?p=1170"},"modified":"2020-02-23T13:21:30","modified_gmt":"2020-02-23T12:21:30","slug":"la-alargada-sombra-del-mossad-vivir-arrodillados-el-parlamento-espanol-al-servicio-de-los-grandes-poderes","status":"publish","type":"post","link":"https:\/\/espai-marx.net\/?p=1170","title":{"rendered":"La alargada sombra del Mossad"},"content":{"rendered":"<p>El Congreso de diputados del Reino de Espa\u00f1a, esa Monarqu\u00eda falsaria de Borbones y opusde\u00edstas que env\u00eda al futuro Rey espa\u00f1ol a conversar con el presidente Uribe, uno de los responsables pol\u00edticos que con m\u00e1s m\u00e9ritos figura en la historia universal de la infamia, mientras los hooligans empresariales espa\u00f1oles lanzan proclamas satisfechas para su reelecci\u00f3n indefinida, ese congreso dec\u00eda, esa instancia supuestamente democr\u00e1tica y representativa de la voluntad general de la ciudadan\u00eda espa\u00f1ola, firm\u00f3 ayer, 25 de junio de 2009, como ha se\u00f1alado Luis Calvo en <i>P\u00fablico<\/i>, \u201cel certificado de muerte de la justicia universal para los tribunales espa\u00f1oles\u201d. A partir de ahora, los jueves espa\u00f1oles s\u00f3lo podr\u00e1n abrir una causa penal cuando los responsables de la causa se hallen en territorio espa\u00f1ol, se demuestre una conexi\u00f3n relevante con Espa\u00f1a o existan v\u00edctimas espa\u00f1olas, con el a\u00f1adido que si en otro \u201cpa\u00eds competente\u201d o bien \u201cen el seno de la tribunal internacional\u201d existe un proceso abierto, e proceso espa\u00f1ol quedar\u00e1 sobrese\u00eddo provisionalmente.<\/p>\n<p>Gaspar Llamazares, esta vez s\u00ed, lo expres\u00f3 con claridad y distinci\u00f3n: \u201cHoy [ayer, tambi\u00e9n hoy] es un d\u00eda triste para la justicia universal y los derechos humanos. Hoy es un d\u00eda triste para todas las v\u00edctimas, para las palomas. Hoy solo brindar\u00e1n con champ\u00e1n los halcones de Guant\u00e1namo o Gaza\u201d. Joan Herrera, de ICV, esta vez tambi\u00e9n, le aplaudi\u00f3. Casi en solitario.<\/p>\n<p>Como la infamia es al\u00e9fica, inconmensurable, vale la pena recordar el resultado de la votaci\u00f3n parlamentaria. Votaron a favor de la limitaci\u00f3n, votaron a favor de la (contra)reforma judicial: los diputados de esa moneda de dos caras llamada PPSOE; los de CiU, con un Duran i Lleida cada d\u00eda m\u00e1s en la derecha-derecha emulando las andanzas de Andreotti y su democracia (anti)cristiana; UPN, tan rancia y antiespa\u00f1ola como siempre, y UPyD, ese partido de extrema derecha espa\u00f1olista, aupado y apoyado por conocidos intelectuales espa\u00f1oles que dicen ser de izquierdas e ilustrados. Votaron en contra: ERC, BNG, NaBai, IU e ICV (un diputado del PP, por error, vot\u00f3 tambi\u00e9n en contra).<\/p>\n<p>En total, 329 a favor de la contrarreforma, a favor de combatir la justicia universal, a favor de la impunidad y la ignominia; 9 votos a favor, y 6 abstenciones, 5 del PNV y una del PSOE que constaban como ausentes. \u00bfRepresenta esta votaci\u00f3n la voluntad de la ciudadan\u00eda espa\u00f1ola? \u00bfEs posible creerlo? \u00bfEs siquiera pensable?<\/p>\n<p>Si alguien despu\u00e9s de ello, si alg\u00fan diputado, senador, cuadro, dirigente, militante o votante del PSOE, mal o bienintencionado nos dice o dice que su partido tiene algo que ver, por remoto y escu\u00e1lido que ese algo pueda ser, con la izquierda, r\u00edanse, r\u00edanse, con todas sus fuerzas y con insoportable dolor en el es\u00f3fago. \u00bfAlcaldesas tr\u00e1nsfugas que se incorporan a un gobierno porque representa muy bien su sensibilidad de izquierdas? Por favor\u2026 \u00a1Qu\u00e9 risa, t\u00eda Felisa!<\/p>\n<p>Si alguien, a\u00f1ado, les hablara alguna vez del republicanismo del primer ministro Zapatero y de su proyecto regenerador de la vida p\u00fablica espa\u00f1ola, no se contengan, disparen contra el pianista todos los tomates que est\u00e9n a su alcance. Todos, no dejen ni uno tirado en el suelo. No deber\u00eda ser esa su ubicaci\u00f3n<\/p>\n<p>Ni que decir tiene que la causa \u00faltima de la reforma es la promesa del ministro de Exteriores espa\u00f1ol, el se\u00f1or Moratinos, a la que fuera su hom\u00f3loga de extrema derecha del gobierno racista de Israel. Ella misma lo anunci\u00f3 p\u00fablicamente en un descuido (o en una demostraci\u00f3n de poder, de voluntad de poder): inminencia de la reforma judicial espa\u00f1ola. \u00bfInvestigar el ataque de su ej\u00e9rcito en julio de 2002 a la poblaci\u00f3n indefensa de Gaza? Pero, \u00a1qu\u00e9 se habr\u00e1n cre\u00eddo! \u00a1Sabr\u00e1n acaso con quien se juegan los cuartos, las armas y las exportaciones!<\/p>\n<p>Pinochet, Franco, Somoza, Sukarno, y sus afines r\u00eden, escupen, bailan sudorosos y alegres en tus tumbas y palacios. Nadie les tose, nadie les toser\u00e1, nadie limitar\u00e1 en un \u00e1pice su despotismo. Mientras tanto\u2026, \u00a1ay!, mientras tanto, \/los negros que sacan las escupideras,\/los muchachos que tiemblan bajo el terror p\u00e1lido de los directores,\/las mujeres ahogadas en aceites minerales,\/la muchedumbre de martillo, de viol\u00edn o de nube, \/ha de gritar aunque la estrellen los sesos en el muro, \/ ha de gritar frente a las c\u00fapulas\/ ha de gritar loca de fuego\/ ha de gritar loca de nieve,\/ ha de gritar con la cabeza llena de excremento\/ ha de gritar como todas las noches juntas.<\/p>\n<p>Porque queremos, dijo el poeta,\u00a0 el pan nuestro de cada d\u00eda, y flor de aliso y perenne ternura desgranada. Porque queremos, insisti\u00f3, que se cumpla la justa voluntad de la Tierra que desea dar sus frutos para todos.<\/p>\n","protected":false},"excerpt":{"rendered":"<p>LA ALARGADA SOMBRA DEL MOSSAD.<\/p>\n<p>VIVIR ARRODILLADOS: EL PARLAMENTO ESPA\u00d1OL AL SERVICIO DE LOS GRANDES PODERES.<\/p>\n<p>SALVADOR L\u00d3PEZ ARNAL<\/p>\n<p>\u00a0\u00a0\u00a0\u00a0 El Congreso de diputados del Reino de Espa\u00f1a, esa Monarqu\u00eda falsaria de Borbones y opusde\u00edstas que env\u00eda al futuro Rey espa\u00f1ol a conversar con el presidente Uribe, uno de los responsables pol\u00edticos que con m\u00e1s m\u00e9ritos figura en la historia universal de la infamia, mientras los hooligans empresariales espa\u00f1oles lanzan proclamas satisfechas para su reelecci\u00f3n indefinida, ese congreso dec\u00eda, esa instancia supuestamente democr\u00e1tica y representativa de la voluntad general de la ciudadan\u00eda espa\u00f1ola, firm\u00f3 ayer, 25 de junio de 2009, como ha se\u00f1alado Luis Calvo en P\u00fablico, \u201cel certificado de muerte de la justicia universal para los tribunales espa\u00f1oles\u201d. A partir de ahora, los jueves espa\u00f1oles s\u00f3lo podr\u00e1n abrir una causa penal cuando los responsables de la causa se hallen en territorio espa\u00f1ol, se demuestre una conexi\u00f3n relevante con Espa\u00f1a o existan v\u00edctimas espa\u00f1olas, con el a\u00f1adido que si en otro \u201cpa\u00eds competente\u201d o bien \u201cen el seno de la tribunal internacional\u201d existe un proceso abierto, e proceso espa\u00f1ol quedar\u00e1 sobrese\u00eddo provisionalmente.<\/p>\n","protected":false},"author":9,"featured_media":0,"comment_status":"open","ping_status":"open","sticky":false,"template":"","format":"standard","meta":{"footnotes":""},"categories":[29],"tags":[],"class_list":["post-1170","post","type-post","status-publish","format-standard","hentry","category-internacional"],"aioseo_notices":[],"_links":{"self":[{"href":"https:\/\/espai-marx.net\/index.php?rest_route=\/wp\/v2\/posts\/1170","targetHints":{"allow":["GET"]}}],"collection":[{"href":"https:\/\/espai-marx.net\/index.php?rest_route=\/wp\/v2\/posts"}],"about":[{"href":"https:\/\/espai-marx.net\/index.php?rest_route=\/wp\/v2\/types\/post"}],"author":[{"embeddable":true,"href":"https:\/\/espai-marx.net\/index.php?rest_route=\/wp\/v2\/users\/9"}],"replies":[{"embeddable":true,"href":"https:\/\/espai-marx.net\/index.php?rest_route=%2Fwp%2Fv2%2Fcomments&post=1170"}],"version-history":[{"count":0,"href":"https:\/\/espai-marx.net\/index.php?rest_route=\/wp\/v2\/posts\/1170\/revisions"}],"wp:attachment":[{"href":"https:\/\/espai-marx.net\/index.php?rest_route=%2Fwp%2Fv2%2Fmedia&parent=1170"}],"wp:term":[{"taxonomy":"category","embeddable":true,"href":"https:\/\/espai-marx.net\/index.php?rest_route=%2Fwp%2Fv2%2Fcategories&post=1170"},{"taxonomy":"post_tag","embeddable":true,"href":"https:\/\/espai-marx.net\/index.php?rest_route=%2Fwp%2Fv2%2Ftags&post=1170"}],"curies":[{"name":"wp","href":"https:\/\/api.w.org\/{rel}","templated":true}]}}