{"id":1174,"date":"2009-06-28T00:00:00","date_gmt":"2009-06-28T00:00:00","guid":{"rendered":"https:\/\/espai-marx.net\/?p=1174"},"modified":"2020-02-23T13:27:39","modified_gmt":"2020-02-23T12:27:39","slug":"entrevista-con-alfonso-garcia-de-paadin-y-ahumada-sobre-el-sahara-creo-dificil-la-realizacion-de-un-referendum-sobre-la-autodeterminacion-con-garantias-y-al-que-por-supuesto-me-parece-que-tiene-todo-d","status":"publish","type":"post","link":"https:\/\/espai-marx.net\/?p=1174","title":{"rendered":"Entrevista con Alfonso Garc\u00eda de Paad\u00edn y Ahumada sobre el S\u00e1hara"},"content":{"rendered":"<p>Entrevista con Alfonso Garc\u00eda de Paad\u00edn y Ahumada sobre el S\u00e1hara: \u201c[\u2026] <i>creo dif\u00edcil la realizaci\u00f3n de un refer\u00e9ndum sobre la autodeterminaci\u00f3n con garant\u00edas y al que, por supuesto, me parece que tiene todo derecho el pueblo saharaui<\/i>\u201d.<\/p>\n<p>&nbsp;<\/p>\n<p><i>C<\/i><i>oronel de Infanter\u00eda, diplomado de Estado Mayor, en situaci\u00f3n de retirado, Alfonso Garc\u00eda de Paad\u00edn Ahumada es conocedor de primera mano del S\u00e1hara occidental en donde estuvo destacado en diferentes ocasiones con las Unidades paracaidistas, hasta el \u00faltimo momento en que las tropas espa\u00f1olas all\u00ed destinadas, tuvieron que abandonar el territorio, obedeciendo las \u00f3rdenes dimanantes del poder civil,\u00a0 en aquellas fechas bajo la presidencia de Carlos Arias Navarro<\/i><\/p>\n<p><i>Cuando tiene lugar la Marcha Verde, a la Bandera Paracaidista se le\u00a0 encomienda, en la reserva que se organiza, la defensa en \u00faltima instancia de El Aai\u00fan, de la que form\u00f3 parte al mando de su Compa\u00f1\u00eda de Plana Mayor. <\/i><i>Alfonso Garc\u00eda de Paad\u00edn y Ahumada<\/i><i> particip\u00f3 en el reconocimiento de los campamentos de la Marcha Verde desde helic\u00f3ptero, a muy baja altura, pudiendo apreciar en detalle\u00a0 su organizaci\u00f3n.<\/i><\/p>\n<p><i>El Coronel Garc\u00eda de Paad\u00edn, tras su permanencia durante veinte a\u00f1os en la Brigada Paracaidista y con posterioridad, en el Estado Mayor del Ej\u00e9rcito, fue elegido para abrir la primera Agregadur\u00eda de Defensa de Espa\u00f1a en China, puesto en el que permanecer\u00eda cuatro a\u00f1os. Actualmente es Presidente de ACEC (Asociaci\u00f3n para la Cooperaci\u00f3n entre Espa\u00f1a y China) y director y profesor de Geograf\u00eda e Historia de un curso sobre ese pa\u00eds en la Universidad Nacional de Educaci\u00f3n a Distancia.<\/i><i><\/i><\/p>\n<p>*<\/p>\n<p><b><i>Perm\u00edtame preguntarle en primer lugar por su vinculaci\u00f3n con el S\u00e1hara. Creo que usted estuvo destacado en varios momentos en ese territorio con la bandera paracaidista a la que pertenec\u00eda. \u00bfEs as\u00ed?<\/i><\/b><\/p>\n<p>Efectivamente. Las Banderas Paracaidistas ten\u00edamos nuestra Base en Alcal\u00e1 de Henares, pero rot\u00e1bamos en unos destacamentos de un a\u00f1o en Canarias, en Las Palmas y otro en el S\u00e1hara, en El Aai\u00fan. Ello me permitir\u00eda conocer, en cuatro per\u00edodos distintos, la pr\u00e1ctica totalidad del territorio, ya que no nos limit\u00e1bamos a estar de guarnici\u00f3n en El Aai\u00fan, sino que con frecuencia realiz\u00e1bamos lanzamientos en el interior y ejercicios y maniobras solos o participando conjuntamente con La Legi\u00f3n y las otras Unidades\u00a0 all\u00ed establecidas.<\/p>\n<p><b><i>\u00a0<\/i><\/b><b><i>\u00bfEn qu\u00e9 momento se inici\u00f3 la presencia de Espa\u00f1a en el Sahara? \u00bfQu\u00e9 razones motivaron la presencia espa\u00f1ola en ese territorio norteafricano?<\/i><\/b><\/p>\n<p>A finales del siglo XIX, se produce la primera presencia por parte de Espa\u00f1a, de car\u00e1cter comercial, en la costa occidental africana, con la instalaci\u00f3n en Villa Cisneros de una factor\u00eda pesquera, que despu\u00e9s de algunas vicisitudes, ser\u00eda oficialmente respaldada por una Real Orden de 26 de Mayo de 1885, que establec\u00eda la ocupaci\u00f3n de la plaza de forma permanente, por una guarnici\u00f3n de 25 hombres. En 1887 y como consecuencia de un Decreto de la Presidencia del Consejo, dispuso que los territorios de la costa sahariana comprendidos entre la bah\u00eda al oeste del cabo Blanco y el de Bojador, quedaran incorporados a la Capitan\u00eda General de Canarias; decisi\u00f3n oportuna, toda vez que la desaparici\u00f3n de nuestras posesiones en Asia y Am\u00e9rica en 1898, llev\u00f3 consigo la supresi\u00f3n del Ministerio de Ultramar.<\/p>\n<p><b><i>\u00bfPodr\u00eda usted dar cuenta brevemente de los momentos m\u00e1s decisivos en este largo periodo de presencia espa\u00f1ola en el S\u00e1hara?<\/i><\/b><\/p>\n<p>Estimo que fueron muchos y por ello, no ser\u00eda f\u00e1cil por razones de espacio, referirme a todos. Pero destacar\u00eda de aquella primera \u00e9poca, el papel que jugaron los aer\u00f3dromos de Cabo Juby y Villa Cisneros en el desarrollo de la aviaci\u00f3n comercial, no ya espa\u00f1ola, sino tambi\u00e9n francesa, que los utilizaba en sus rutas desde Dakar a Latinoam\u00e9rica en la que luego ser\u00eda Air France.<\/p>\n<p>No obstante, toda esta primera mitad del siglo XX, discurrir\u00eda en lo que al S\u00e1hara se refiere, en condiciones de abandono del Gobierno, acentuado con nuestra Guerra Civil; hasta que en 1941, se creara la figura del Gobernador del \u00c1frica Occidental espa\u00f1ola y una Direcci\u00f3n General de Marruecos y colonias, que supondr\u00edan un notable cambio de actitud e intenciones hacia la zona. Que se hab\u00eda ampliado con la ocupaci\u00f3n por Bens de Cabo Juby y la posterior de La Aguera, con la que Espa\u00f1a hab\u00eda hecho efectiva su presencia en el l\u00edmite Sur de la frontera del territorio, que nos hab\u00eda sido asignado por el Convenio de 1912.<\/p>\n<p>Pero ser\u00eda tras nuestra Guerra Civil y sobre todo en la d\u00e9cada de los sesenta, con el descubrimiento de los fosfatos de Bu Craa, cuando el S\u00e1hara espa\u00f1ol despertar\u00eda un hasta entonces inusitado inter\u00e9s internacional, a la par de gozar de un importante desarrollo de sus principales poblaciones.<\/p>\n<p>Hablamos m\u00e1s tarde de los fosfatos, si le parece. Despu\u00e9s del fallecimiento del sult\u00e1n Mohammed V, tom\u00f3 su relevo el pr\u00edncipe Hassan II. \u00bfQu\u00e9 signific\u00f3 ese cambio en la geopol\u00edtica del norte de \u00c1frica?<\/p>\n<p>En Febrero de 1961, fallecer\u00eda el Sult\u00e1n Mohammed V, sucedi\u00e9ndole en el trono su hijo, el pr\u00edncipe heredero Muley Hassan II, que edificar\u00eda una monarqu\u00eda constitucional y democr\u00e1tica, sin que eso supusiera una p\u00e9rdida de los derechos divinos que tradicionalmente asist\u00edan a los monarcas en sus funciones.<\/p>\n<p>A los pocos d\u00edas, las bandas armadas que recib\u00edan apoyo log\u00edstico del Ej\u00e9rcito Real, se aproximaron a la frontera espa\u00f1ola, anunci\u00e1ndose que en breve plazo se desarrollar\u00eda una ofensiva sobre el S\u00e1hara espa\u00f1ol. Y efectivamente, el 11 de Marzo y aunque el incidente no se pueda calificar como una invasi\u00f3n, se produjo la primera agresi\u00f3n de las bandas, cuando fueron apresados por una patrulla uniformada que portaba las insignias de las FAR, varios t\u00e9cnicos norteamericanos de la \u201cUni\u00f3n Oil Company\u201d, que realizaban estudios geol\u00f3gicos, cerca de la frontera al NE. de Hagun\u00eda. Los t\u00e9cnicos (adem\u00e1s de los americanos, dos canadienses, un franc\u00e9s y cinco espa\u00f1oles), fueron tratados con dureza durante su secuestro.<\/p>\n<p>El incidente se zanjar\u00eda con una operaci\u00f3n concebida por Hassan II, devolviendo en Rabat a los secuestrados <i>\u201capresados por supuestas bandas armadas\u201d<\/i> y aprovechando el Monarca para reiterar, que el incidente se hab\u00eda producido \u201c<i>en territorio de Marruecos, todav\u00eda bajo control extranjero<\/i><\/p>\n<p><strong>\u00bfPuede describirnos c\u00f3mo era la vida de la poblaci\u00f3n europea en El Aai\u00fan, Villa Cisneros, Smara y en los restantes puestos del interior? \u00bfC\u00f3mo era la vida de la poblaci\u00f3n aut\u00f3ctona?<\/strong><\/p>\n<p>En general, el per\u00edodo de la d\u00e9cada de los sesenta, corresponder\u00eda a unos a\u00f1os de paz y de gran laboriosidad, pese a las reiteradas dudas que se cern\u00edan sobre el futuro del S\u00e1hara. El desarrollo del territorio era innegable y el progreso econ\u00f3mico conseguido en ese tiempo, puede considerarse como espectacular. Se construyeron viviendas, puertos, aer\u00f3dromos, pistas y carreteras, apertura y captaci\u00f3n de nuevos puntos de aguada y la inauguraci\u00f3n de nuevos centros escolares y\u00a0 sanitarios, que vinieron a mejorar sensiblemente la calidad de vida del pueblo saharaui y l\u00f3gicamente, la de los europeos all\u00ed destinados. A ello hab\u00eda que unir las prospecciones mineras y petrol\u00edferas que hicieron que el S\u00e1hara, se pusiera de moda, despertando incluso un inter\u00e9s internacional del que hasta entonces hab\u00eda carecido.<\/p>\n<p>En cuanto a la vida de la poblaci\u00f3n espa\u00f1ola, era muy agradable en las dos grandes poblaciones de la costa, El Aai\u00fan y Villa Cisneros y sensiblemente m\u00e1s dura en los puestos del interior, fundamentalmente por raz\u00f3n de la climatolog\u00eda. Recuerdo que en un lanzamiento paracaidista en Mahbes, en la frontera con Argelia, pese a lo temprano de la hora, ya se superaban los 40\u00ba. Poblaci\u00f3n que en esos dos n\u00facleos y aun siendo mayoritariamente militar, hab\u00eda tambi\u00e9n un elevado n\u00famero de civiles pertenecientes a la Administraci\u00f3n o a las Empresas; en cambio en el interior, era casi exclusivamente militar, si bien acompa\u00f1ados en muchos casos por las familias de los all\u00ed destinados.<\/p>\n<p>Y referente a la aut\u00f3ctona, los saharauis, baste decir que en esa d\u00e9cada de los sesenta, alcanzaron una de las mayores renta per c\u00e1pita de toda \u00c1frica, disfrutando de colegios, hospitales y el resto de los servicios que la Administraci\u00f3n espa\u00f1ola puso a su disposici\u00f3n; adem\u00e1s de unas muy importantes prestaciones econ\u00f3micas por desempleo.<\/p>\n<p>\u00bfQu\u00e9 signific\u00f3 el descubrimiento de los fosfatos de Bu Cra\u00e1 a los que hac\u00eda referencia anteriormente? \u00bfQu\u00e9 empresas explotaron esos yacimientos?<\/p>\n<p>Los estudios geol\u00f3gicos en busca de yacimientos en el S\u00e1hara, hab\u00edan comenzado en 1942, denunciando el profesor Alia Medina, la probable presencia de fosfatos, para lo que elaborar\u00eda en 1949, el que ser\u00eda el primer mapa geol\u00f3gico del conjunto del S\u00e1hara. Estos trabajos se ver\u00edan completados con la publicaci\u00f3n en 1958 por el Instituto Geol\u00f3gico y Minero de Espa\u00f1a de otro mapa, que servir\u00eda de base para las investigaciones petrol\u00edferas realizadas entre 1960 y 1963.<\/p>\n<p>Pero ser\u00eda en 1962 cuando un grupo de ingenieros de la empresa ADARO, dependiente del INI, constatan la presencia de un rico yacimiento de fosfatos en la zona de Bu Cra\u00e1, a unos 100 km. de la costa y de El Aai\u00fan. La importancia del descubrimiento, hizo que se creara la Empresa Nacional Minera del S\u00e1hara, ENMINSA, que efectuar\u00eda un detallado estudio de toda la zona, confirmando en seis campa\u00f1as hasta 1965, la gran continuidad y extensi\u00f3n de las capas de fosfatos. Posteriores campa\u00f1as, confirmar\u00edan la bondad del yacimiento, delimit\u00e1ndose la explotaci\u00f3n en una extensi\u00f3n de 84 km. de longitud, de 2,5 a 3 km. de anchura y un grosor medio de 5 metros de espesor, cubic\u00e1ndose en el mismo, unos 1500 millones de toneladas; las mayores del mundo y de mineral explotable a cielo abierto, lo que facilitaba extraordinariamente su extracci\u00f3n. Las capas estaban dispuestas en mantas de apatito, el mineral protector del fosfato, con una pureza ene torno al 80%.<\/p>\n<p>A continuaci\u00f3n se acometer\u00eda la puesta en marcha de la explotaci\u00f3n del yacimiento, con en principio unas miras de producci\u00f3n de diez millones de toneladas al a\u00f1o. Tras barajar y desestimar distintos proyectos, que contemplaban un ferrocarril que trasladara el mineral a la costa para su embarque en el puerto que se construir\u00eda al efecto, el arranque de la explotaci\u00f3n se har\u00eda con una moderna excavadora, una gigantesca dragalina, de m\u00e1s de 2000 toneladas, que romp\u00eda la costra superficial, carg\u00e1ndose el apatito\u00a0\u00a0 que era transportado en grandes camiones a una planta de trituraci\u00f3n y en donde el fosfato era limpiado de impurezas. Posteriormente, era evacuado a trav\u00e9s de una cinta transportadora de unos 100 km. de longitud, a la playa a un peque\u00f1o pantal\u00e1n; comenz\u00e1ndose a explotar en 1973, en el que se embarcar\u00edan 655.000 toneladas, hasta alcanzar la cantidad en 1975 de 2,7 millones.<\/p>\n<p><b>Pero tengo entendido que la explotaci\u00f3n se desarroll\u00f3 de forma altamente problem\u00e1tica\u2026<\/b><\/p>\n<p>Realmente, as\u00ed fue. La explotaci\u00f3n se desarroll\u00f3 desde el principio de forma muy problem\u00e1tica, tanto a nivel internacional, como interna. El fosfato, en muchos aspectos un bien tan codiciado como el petr\u00f3leo, ten\u00eda en los EEUU. a su principal productor, que no debi\u00f3 ver con muy buenos ojos la inesperada aparici\u00f3n de un competidor. En cuanto a los internos, se derivaban de la dificultad de proteger especialmente de noche, una cinta de esa de longitud, abierta a los ataques de las bandas del Polisario, que ya proliferaban por la zona. As\u00ed, una mina colocada el 18 de Octubre de 1975, destrozar\u00eda uno de los tramos, paralizando el transporte, que ya no se reanudar\u00eda por ese sistema de la cinta, siendo sustituido por camiones, que trasladaban por carretera el mineral a la costa.<\/p>\n<p>De cualquier forma, hay que se\u00f1alar que el complejo cost\u00f3 unos 55.000 millones de pesetas y que la tonelada de fosfatos se pagaba en aquella \u00e9poca en torno a los 80 d\u00f3lares; si se tiene en cuenta que se estaba capacitado para extraer 10 millones de Tm. al a\u00f1o, es f\u00e1cil llegar a la conclusi\u00f3n, de que no se hizo \u201cmuy buen negocio\u201d con el tema, ya que no es probable que Marruecos nos compensara y menos a\u00fan, nos siga compensando, por esas p\u00e9rdidas.<\/p>\n<p>Sin embargo, no todo fue negativo en la aventura minera que supusieron los fosfatos de BU CRAA, siendo el secretismo que impuso el Gobierno a la explotaci\u00f3n, la causa de que la opini\u00f3n p\u00fablica no conociera el alcance del proyecto, ni la potencial capacidad que supon\u00eda su irrupci\u00f3n en el mercado internacional de fertilizantes y detergentes. Pero Espa\u00f1a demostrar\u00eda su capacidad para el desarrollo y la puesta en marcha de grandes proyectos industriales en condiciones muy dif\u00edciles y eso s\u00ed tuvo un eco y una resonancia mundial. A destacar los trabajos t\u00e9cnicos para el montaje de la cinta, como el embarcadero del mineral, una muy h\u00e1bil obra de ingenier\u00eda, que penetraba en el mar 3.100 metros, para que en la bajamar se contara con 18 metros para el atraque de buques de hasta cien mil toneladas; la planta de preparaci\u00f3n del mineral, en un complicado proceso que proporcionaba un magn\u00edfico fosfato; la desalinizadora, los m\u00f3dulos de recepci\u00f3n, la central el\u00e9ctrica y un conjunto de modernas obras, que causaron la admiraci\u00f3n de los t\u00e9cnicos extranjeros que las visitaban.<\/p>\n<p>Por si fuera poco, a ello habr\u00eda que a\u00f1adir el modelo de acci\u00f3n social que realiz\u00f3 la Empresa &#8211; que cambiar\u00eda su nombre en 1969 por el de FOSBUCRAA &#8211; construyendo viviendas, escuelas, guarder\u00edas, dispensarios m\u00e9dicos, zonas de esparcimiento y recreo e incluso facilitando las concentraciones religiosas con iglesias y mezquitas; todo lo cual supon\u00eda un a\u00f1adido para la admiraci\u00f3n que el yacimiento despertaba. Pero el deterioro de la situaci\u00f3n pol\u00edtica, los ataques del Polisario y las cada d\u00eda mayores dudas sobre el futuro del Territorio, terminaron con estas ilusiones, motivando el cese de la producci\u00f3n, que no se reanudar\u00eda hasta 1982. En 1991, otra vez en explotaci\u00f3n, se alcanzar\u00eda al parecer, una cifra de 1,5 millones de toneladas.<\/p>\n<p><strong>Se habla de las controversias jur\u00eddicas con Marruecos. \u00bfQu\u00e9 controversias fueron esas? Por otra parte, \u00bfqu\u00e9 se\u00f1alaba la carta de las Naciones Unidas sobre los territorios No Aut\u00f3nomos?<\/strong><\/p>\n<p>La cuesti\u00f3n del S\u00e1hara hab\u00eda tomado un nuevo rumbo en el oto\u00f1o de 1960, al admitir Espa\u00f1a algunas controversias jur\u00eddicas con Marruecos, que tiempos atr\u00e1s se hab\u00eda resistido a aceptar y que abrieron las puertas a una internacionalizaci\u00f3n del tema. Marruecos entonces, planea llevar el conflicto a los foros de la ONU, para bilaterizarlo con posterioridad; entrando nuestro Gobierno en ese juego, en la creencia que las buenas relaciones que tradicionalmente manten\u00edamos con el pa\u00eds vecino, nos iban a proporcionar al menos un \u201ccolch\u00f3n\u201d de tiempo, para otras decisiones m\u00e1s apoyadas.<\/p>\n<p>No ser\u00eda as\u00ed, ya que un contratiempo, nos iba a alertar de lo peligrosa de nuestra situaci\u00f3n en las Naciones Unidas, cuando los delegados sovi\u00e9tico y b\u00falgaro, que formaban parte de la IV Comisi\u00f3n que estudiaba la Carta de los Territorios No Aut\u00f3nomos, declararon que en el caso de Espa\u00f1a, deb\u00eda aplicarse tal condici\u00f3n a los territorios de Ifni, S\u00e1hara, Fernando Poo, R\u00edo Muni y las Islas Canarias.<\/p>\n<p>Con posterioridad, el 6 de Julio de 1963, Franco y Hassan II se encontrar\u00edan en Barajas y aunque nada trascendi\u00f3 de lo hablado en esa reuni\u00f3n, con el que se llam\u00f3 <i>esp\u00edritu de Barajas<\/i>, se iba a iniciar una nueva fase en las relaciones con Marruecos, que se iba a traducir durante unos a\u00f1os, en una tolerante congruencia del reino alauita con las tesis espa\u00f1olas sobre los territorios africanos.<\/p>\n<p><b>Nada trascendi\u00f3 de esa reuni\u00f3n, dice usted. Pero \u00bfse ha sabido algo posteriormente? \u00bfTiene usted alguna conjetura sobre las tem\u00e1ticas de las que pudieron hablar?<\/b><\/p>\n<p>Como es sabido, todo lo relacionado con el S\u00e1hara espa\u00f1ol, estuvo siempre envuelto en un secretismo, por otro lado dif\u00edcil de justificar. Por ello y si le soy sincero, le confesar\u00e9 que yo que estaba en esa \u00e9poca en El Aai\u00fan, como Teniente de la I Bandera Paracaidistas, no me enter\u00e9 de ese encuentro (los peri\u00f3dicos nos llegaban con un par de d\u00edas de atraso). Pero es que tampoco fue un tema que se comentara entre nosotros.<\/p>\n<p>Y buceando en archivos y la abundante bibliograf\u00eda que hay sobre nuestra presencia en Ifni y S\u00e1hara, no he encontrado nada sobre esa reuni\u00f3n, aparte de la nota oficial del Gobierno. No obstante, yo creo que Franco gozaba, no s\u00e9 si de un gran prestigio, pero pienso que s\u00ed de respeto en Marruecos y que se pondr\u00eda de manifiesto en la entrevista entre un joven monarca, Hassan II y quien, aunque solo fuera por su edad y experiencia, se supone deb\u00eda dirigir como se desarrollara el encuentro.<\/p>\n<p>Y de hecho, lo cierto es que tras esa reuni\u00f3n, hubo un largo per\u00edodo, en el que Marruecos pareci\u00f3 aceptar las tesis espa\u00f1olas sobre nuestros derechos, tanto en el norte, como en el propio S\u00e1hara.<\/p>\n<p><strong>\u00a0\u00bfCu\u00e1ndo se constituy\u00f3 el Frente POLISARIO? \u00bfCu\u00e1les fueron sus primeras acciones?<\/strong><\/p>\n<p>Con el benepl\u00e1cito de Marruecos, que ven\u00eda apoyando desde 1971 en la Universidad de Rabat, a un grupo de estudiantes saharauis, liderados por El Uali uld Mustaf\u00e1 Sabed, nace el 10 de Mayo de 1973, el POLISARIO \u2013Frente Popular de Liberaci\u00f3n de la Saguia <b>\u00a0<\/b>el Hamra y R\u00edo de Oro\u2013<b> <\/b>que cuenta con el apoyo econ\u00f3mico del Gobierno del Coronel Gadafi y la tolerancia argelina, que se plasma en la libre circulaci\u00f3n por el pa\u00eds. Con dos ramas, una pol\u00edtica, que comprende a su vez dos \u00e1reas, la informativa y la diplom\u00e1tica, encargada esta de divulgar por las Canciller\u00edas europeas y africanas sus postulados y otra militar, que act\u00faa de inmediato el 20 de Mayo, en la que ser\u00eda su primera acci\u00f3n armada contra Espa\u00f1a, suponiendo el inicio de una escalada en el conflicto, que iba a constituir en adelante, una seria dificultad en el proceso de descolonizaci\u00f3n del S\u00e1hara. As\u00ed en el 74, el Frente POLISARIO extender\u00eda su agresividad a otros puntos del territorio, causando las primeras v\u00edctimas, que una vez mas, tratan de silenciar las autoridades espa\u00f1olas.<\/p>\n<p>Tambi\u00e9n y con objeto de ralentizar de alguna forma su auge y popularidad entre la poblaci\u00f3n, se cre\u00f3 en Noviembre el PUNS, Partido de Unificaci\u00f3n Nacional Saharaui, entre cuyas caracter\u00edsticas\u00a0 destacaban el mayor protagonismo de la mujer, la explotaci\u00f3n de los recursos propios, el rechazo a la intervenci\u00f3n extranjera y el acceso a la independencia, pero manteniendo la amistad y las relaciones con Espa\u00f1a.<\/p>\n<p><b>\u00bfY quien cre\u00f3 entonces el PUNS? \u00bfEspa\u00f1a? \u00bfCu\u00e1les fueron sus apoyos econ\u00f3micos?<\/b><\/p>\n<p>S\u00ed; pienso que tanto en la creaci\u00f3n del PUNS, como en la anterior de la Asamblea General del S\u00e1hara,\u00a0 La Yemm\u00e1, tuvo una importante participaci\u00f3n Espa\u00f1a. M\u00e1s si cabe,\u00a0 en esta \u00faltima, que se crear\u00eda en 1967, integrada por los chiujs m\u00e1s conocidos del territorio, muchos de ellos, pertenecientes a la tribu Erguibat; pero que en ning\u00fan momento representaron los verdaderos intereses del pueblo saharaui.<\/p>\n<p>La elecci\u00f3n de los miembros de la Yemaa o Asamblea General, no fue acertada, ya que los nombramientos recayeron sobre los viejos jefes, que desde hac\u00eda tiempo, ven\u00edan recibiendo de la Administraci\u00f3n espa\u00f1ola, regalos y d\u00e1divas desorbitados, que repart\u00edan entre sus familiares, perdiendo con ello credibilidad ante el pueblo.<\/p>\n<p>El PUNS, al tratarse de j\u00f3venes que de alguna forma ve\u00edan con simpat\u00eda la ligaz\u00f3n con nuestro pa\u00eds, despert\u00f3 en principio unas esperanzas, que pronto resultar\u00edan fallidas al desertar la mayor\u00eda de sus miembros, para incorporarse al POLISARIO.<\/p>\n<p>En cuanto al principal apoyo econ\u00f3mico para unos y otros, pienso que le llegaba del Gobierno espa\u00f1ol.<\/p>\n<p><b>Espa\u00f1a propuso un refer\u00e9ndum en el territorio bajo los auspicios y las garant\u00edas de las Naciones Unidas. \u00bfPor qu\u00e9 no lleg\u00f3 a celebrarse finalmente?<\/b><\/p>\n<p>El 20 de Agosto de 1974, Espa\u00f1a inform\u00f3 a Marruecos y a la ONU, la decisi\u00f3n de celebrar un refer\u00e9ndum, bajo las garant\u00edas de las Naciones Unidas, dentro del primer semestre de 1975. Hassan no quiere desaprovechar la oportunidad y acepta la propuesta espa\u00f1ola, siempre y cuando se realizara bajo control de la ONU, previo regreso de los refugiados y tras la salida de las tropas espa\u00f1olas del territorio. Por su parte Pini\u00e9s, intenta reunir al Comit\u00e9 de los 24, para que se estudie la cuesti\u00f3n saharaui a la luz del nuevo planteamiento, sin conseguirlo; acudiendo entonces a Waldheim para comunicarle que Espa\u00f1a ha puesto en marcha el proceso de autodeterminaci\u00f3n del S\u00e1hara, de acuerdo con la Resoluci\u00f3n de la Asamblea General, para que la ONU act\u00fae en consecuencia. El Rey de Marruecos reacciona con el fin de paralizar el inminente plebiscito, anunciando en una conferencia de prensa, que va a llevar el tema del S\u00e1hara al Tribunal Internacional de Justicia de La Haya, toda vez que <i>\u201cEspa\u00f1a considera el S\u00e1hara como res nullius, es decir, un territorio sin due\u00f1o y Marruecos opina lo contrario.<\/i><\/p>\n<p>Para poder llevar a cabo ese Refer\u00e9ndum, el Servicio de Registro de Poblaci\u00f3n, Censo\u00a0 y Estad\u00edstica del Gobierno General del Sahara, con la ayuda de personal t\u00e9cnico preparado y oficiales con conocimiento de hassania y de las tribus del territorio, llev\u00f3 a cabo el Censo oficial del S\u00e1hara de 1974, que por su rigurosidad y la forma en la que se realiz\u00f3, goza de una gran credibilidad, no solo entre la poblaci\u00f3n saharaui, sino incluso a nivel internacional. Pero los acontecimientos se precipitaron, sin que se pudiera llevar a cabo el Refer\u00e9ndum.<\/p>\n<p><b>Pero, \u00bfqu\u00e9 impidi\u00f3 concretamente que pudiera celebrarse durante el primer semestre de 1975 como estaba anunciado?<\/b><\/p>\n<p>Hubo una visita de una Delegaci\u00f3n de la ONU, que tras entrevistarse adem\u00e1s de con las autoridades espa\u00f1olas, con representantes de los partidos pol\u00edticos saharauis, estudiantes y otros estamentos del pueblo, debi\u00f3 informar negativamente en el sentido de que no se daban las condiciones para realizar ese refer\u00e9ndum, ya que a partir de esa visita, las Naciones Unidas, no solo dejaron de presionar a Espa\u00f1a para que lo efectuara, sino que comenzaron a poner una serie de trabas, haci\u00e9ndole de paso \u201cel caldo\u201d a Marruecos, que como se ha dicho, se opon\u00eda si no se atend\u00edan su peticiones al respecto.<\/p>\n<p><b>Usted mandaba una compa\u00f1\u00eda paracaidista cuando se inici\u00f3 la Marcha Verde marroqu\u00ed. \u00bfPor qu\u00e9 cree que se produjo esa marcha? \u00bfCu\u00e1les eran sus finalidades b\u00e1sicas?<\/b><\/p>\n<p>El 16 de Octubre de 1975, el Tribunal hizo p\u00fablico su dictamen, en el que despu\u00e9s de referirse a los principios generales descolonizadores y los espec\u00edficos del caso del S\u00e1hara Occidental, pasaba a responder a las dos preguntas que le hab\u00eda formulado la Asamblea General.<\/p>\n<p>La primera respuesta, no nos era muy favorable, ya que su dictamen fue que en el momento de la colonizaci\u00f3n espa\u00f1ola, que identificaba con el per\u00edodo a partir de 1884, el S\u00e1hara Occidental no era un territorio sin due\u00f1o, <i>res nulluis<\/i>, ya que las poblaciones que lo habitaban, aunque n\u00f3madas, estaban social y pol\u00edticamente organizadas en tribus, bajo la autoridad de jefes capacitados para representarlas; de hecho Espa\u00f1a, al justificar su presencia, hab\u00eda alegado unos acuerdos concluidos con dichos jefes de las tribus locales. En cuanto a la segunda, despu\u00e9s de\u00a0 estudiar los actos presentados por Marruecos, como el nombramiento de ca\u00eddes o la percepci\u00f3n de tributos, con los que pretend\u00eda probar una soberan\u00eda hist\u00f3rica sobre el territorio, el Tribunal llegaba a la conclusi\u00f3n, de que tales actos no establec\u00edan ning\u00fan v\u00ednculo de soberan\u00eda territorial entre Marruecos y el S\u00e1hara; aunque s\u00ed, uno jur\u00eddico de vasallaje entre el Sult\u00e1n y algunas de las tribus. Referente a los que pudieran existir con Mauritania, dictaminar\u00eda que en aquel momento, no exist\u00edan ni de soberan\u00eda, ni vasallaje, pero que las tribus n\u00f3madas de dicho pa\u00eds, s\u00ed pose\u00edan ciertos derechos de utilizar pastos y pozos\u00a0 en el S\u00e1hara Occidental.<\/p>\n<p>El Tribunal formul\u00f3 como conclusi\u00f3n esencial y final de su dictamen, que no se hab\u00eda apreciado la existencia de ning\u00fan v\u00ednculo de\u00a0 soberan\u00eda territorial, ni jur\u00eddica entre el S\u00e1hara Occidental y el Reino de Marruecos y Mauritania. Por tanto, se manten\u00eda la resoluci\u00f3n en cuanto a la descolonizaci\u00f3n del territorio y en particular, la aplicaci\u00f3n del principio de autodeterminaci\u00f3n, mediante la libre expresi\u00f3n de la voluntad del pueblo saharaui.<\/p>\n<p><b>Perdone que le interrumpa. \u00bfNo es extra\u00f1o que el gobierno espa\u00f1ol defendiera el principio de autodeterminaci\u00f3n del pueblo saharaui? Si me permite, en general, los gobiernos espa\u00f1oles no eran muy dados a defender ese principio.<\/b><\/p>\n<p>Bueno, ese principio en el caso del S\u00e1hara, le ven\u00eda un poco impuesto por las Naciones Unidas; pero adem\u00e1s, supongo que el Gobierno cre\u00eda que de realizarse, le iba a ser favorable, ya que era impensable en aquellos momentos, cualquier rechazo a nuestra presencia por parte del pueblo saharaui, que solo ten\u00eda motivos de agradecimiento hacia la Administraci\u00f3n espa\u00f1ola. Hay que haber estado all\u00ed, en aquellos a\u00f1os, para darse cuenta de c\u00f3mo viv\u00eda ese pueblo, del trato que recib\u00eda por parte de los espa\u00f1oles y de las consideraciones de todo tipo que se ten\u00eda con ellos; sobre todo, si se compara con el de otras potencias colonizadoras, en ese mismo continente africano.<\/p>\n<p><b>Prosigamos si le parece con la Marcha Verde&#8230;<\/b><\/p>\n<p>No fue aquella la interpretaci\u00f3n que del dictamen har\u00eda Hassan II, que una hora m\u00e1s tarde, a las 18.30, se dirigi\u00f3 en un mensaje al pueblo marroqu\u00ed, que dar\u00eda la vuelta al mundo, para comunicarles su opini\u00f3n de que el Tribunal de la Haya, se hab\u00eda mostrado de acuerdo con las tesis marroqu\u00edes, ya que seg\u00fan su criterio, no exist\u00eda diferencia entre los lazos de soberan\u00eda y de vasallaje de las tribus saharauis al reino de Marruecos, haciendo hincapi\u00e9 en la importancia que este concepto de vasallaje, tiene en el derecho internacional musulm\u00e1n. Como estaba previsto que ocurriera, el mensaje enardeci\u00f3 al pueblo y el Monarca abordar\u00eda a continuaci\u00f3n el verdadero objetivo de su discurso, cual era la realizaci\u00f3n de una \u201cmarcha pac\u00edfica\u201d, que anunciar\u00eda de la siguiente forma:<\/p>\n<p><i>\u201cQuerido pueblo: Nuestros derechos han prevalecido de la manera m\u00e1s resplandeciente y evidente. No nos resta m\u00e1s que recuperar nuestro S\u00e1hara, cuyas puertas se nos han abierto legalmente, con la realizaci\u00f3n de una marcha pac\u00edfica, compuesta por 350.000 personas desarmadas, que penetrar\u00e1n en las tierras del Sur, bajo cantos cor\u00e1nicos\u201d.<\/i><\/p>\n<p>En la ma\u00f1ana del d\u00eda 21, Sol\u00eds, Ministro Secretario General del Movimiento, se trasladar\u00eda en un Mystere\u00a0 a Marrakech, con un mensaje del Gobierno espa\u00f1ol para el Monarca. Sol\u00eds, que presum\u00eda de mantener una muy buena relaci\u00f3n con Hassan, iniciar\u00eda la entrevista con una frase que encabezar\u00eda los rotativos espa\u00f1oles, <i>\u201cDe cordob\u00e9s a cordob\u00e9s\u201d<\/i> y que fue considerada por los medios de comunicaci\u00f3n, como \u201cmuy amistosa\u201d. Y efectivamente, al parecer en las dos entrevistas, el Rey se mostr\u00f3 en t\u00e9rminos muy cordiales, manifest\u00e1ndole al Ministro, que la marcha pac\u00edfica \u2013 que hab\u00eda sido rebautizada como \u201cVerde\u201d \u2013 no deb\u00eda interpretarse como un gesto hostil a Espa\u00f1a, sino la culminaci\u00f3n de los derechos que asist\u00edan al pueblo marroqu\u00ed sobre el territorio. No obstante y como una de ellas tuvo car\u00e1cter privado y secreto, no sabemos, si adem\u00e1s de la entrega del mensaje, Sol\u00eds ten\u00eda en su mano la posibilidad de alguna negociaci\u00f3n que cancelara la Marcha. Que como se sabe, no se suspender\u00eda; por el contrario, fue un \u00e9xito de convocatoria, como solo los pa\u00edses \u00e1rabes son capaces de lograr, teniendo previsto atravesar la frontera espa\u00f1ola por 35 puntos, en n\u00facleos de diez mil personas.<\/p>\n<p>Por su parte Espa\u00f1a y ante la posibilidad de que esa invasi\u00f3n no fuera tan pac\u00edfica como se dec\u00eda o degenerara en un conflicto armado, se aprest\u00f3 para la defensa del territorio, escalonando, como es preceptivo, las fuerzas en profundidad, en sucesivas l\u00edneas, que terminaban en una reserva, que ten\u00eda a su cargo la defensa en \u00faltima instancia de El Aai\u00fan Y hay que decir que para ello y a diferencia de la guerra Ifni-S\u00e1hara de 1957, en el que nuestro ej\u00e9rcito, con muy pocos efectivos, hab\u00eda sido virtualmente sorprendido, por el ataque de las bandas armadas, ahora, en 1975, se hab\u00edan tomado una serie de acertadas previsiones y medidas, que hac\u00edan que los efectivos concentrados y el despliegue realizado tuviera un alto grado de eficacia. Para ello se contaba\u00a0 adem\u00e1s de con las tropas basadas permanentemente en el territorio (entre las que destacaban los dos Tercios Saharianos de la Legi\u00f3n, el III y IV, Don Juan de Austria y Alejandro Farnesio), con importantes refuerzos llegados de la Pen\u00ednsula, como lo supon\u00edan la Unidad de Helic\u00f3pteros, el Batall\u00f3n de Carros M-48, el Grupo Autopropulsado XII de artiller\u00eda de la Divisi\u00f3n Acorazada Brunete, con el m\u00e1s moderno material recientemente adquirido a EEUU, una Bandera Paracaidista, que vino a sumarse a la que ya est\u00e1bamos all\u00ed en las anuales rotaciones de la BRIPAC y otras fuerzas expedicionarias de los Regimientos de Infanter\u00eda Tenerife 49 y Canarias 50.<\/p>\n<p><strong>Tropas, por lo dem\u00e1s, que no eran tropas cualesquiera\u2026<\/strong><\/p>\n<p>Verdaderamente dichas tropas, junto con algunas otras que tambi\u00e9n podr\u00edan incluirse en esta calificaci\u00f3n, constitu\u00edan la flor y nata de nuestro Ej\u00e9rcito; que adem\u00e1s habr\u00eda contado, en caso de necesitarlo, del apoyo naval que le habr\u00eda proporcionado los destructores y fragatas de nuestra Escuadra, trasladados a Canarias y a\u00e9reo, desde la base de Gando. Y sobre todo, se trataba de unos efectivos, jefes, oficiales, suboficiales y tropa, excepcionalmente bien instruidos, forjados en esa permanente Escuela de Mando que era el S\u00e1hara y con una alt\u00edsima moral, convencidos como estaban de estar defendiendo un trozo de Espa\u00f1a. Moral que se acrecentar\u00eda, con la visita que realizara a El Aai\u00fan, el domingo 2 de Noviembre, el Pr\u00edncipe Don Juan Carlos, que hab\u00eda asumido por la enfermedad de Franco, la Jefatura del Estado. Don Juan Carlos, siempre al lado de las Fuerzas Armadas, con los que hab\u00eda compartido varios a\u00f1os de su formaci\u00f3n militar, nos tranquiliz\u00f3 a un grupo de unos 500 oficiales y suboficiales en el Centro Cultural de El Aai\u00fan, disipando las \u00fanicas dudas y preocupaci\u00f3n que ten\u00edamos, asegur\u00e1ndonos que, <i>\u201cpasara lo que pasara, nuestro Ej\u00e9rcito conservar\u00eda intacto su prestigio y su\u00a0 honor\u201d<\/i>. Y as\u00ed entendimos que ocurri\u00f3.<\/p>\n<p><strong>M\u00e1s en concreto, \u00bfpuede dar cuenta del desarrollo de la Marcha?<\/strong><\/p>\n<p>Volviendo al desarrollo de la Marcha Verde, el 29 de Octubre, sus vanguardias que hab\u00edan estado acampadas en Tarfaya, se desplazaron al puesto fronterizo de Tah, abandonado por nuestras tropas, que se hab\u00edan replegado a la l\u00ednea defensiva organizada por el mando. Hasta all\u00ed se hab\u00eda llegado en miles de veh\u00edculos de trasportes, requisados al efecto y ahora, a una distancia aproximada de 30 Km. de la primera l\u00ednea de defensa espa\u00f1ola, comenzar\u00eda la marcha a pie, prevista por el propio Hassan, para el 7 de Noviembre. Y efectivamente el d\u00eda anterior, el Monarca anunci\u00f3 el comienzo de la Marcha.<\/p>\n<p>Esa ma\u00f1ana, helic\u00f3pteros del Ej\u00e9rcito de Tierra, aviones de reconocimiento y una patrulla de Caballer\u00eda, informaron del\u00a0 cruce de nuestra frontera por el referido puesto de Tah, de unos 50.000 hombres, entonando los previstos cantos cor\u00e1nicos y con los tradicionales gritos de las mujeres, que al parecer ya profer\u00edan desde tiempos muy antiguos. All\u00ed se detuvieron para rezar en direcci\u00f3n a La Meca, para proseguir a mediod\u00eda el avance, en una marea humana de unos 800 metros de frente y 2 km. de profundidad, hasta llegar a unos 4 km. de las alambradas y campos de minas establecidos en el borde anterior de nuestras l\u00edneas y que estaban marcados con grandes letreros en castellano y hassan\u00eda, para no producir bajas que no se deseaban. Y sin en ning\u00fan momento intentar rebasar nuestra l\u00ednea defensiva, volvieron a detenerse, estableciendo un gigantesco campamento, que tuve la oportunidad de sobrevolar en helic\u00f3ptero a muy baja cota y en\u00a0 donde permanecer\u00edan varios d\u00edas.<\/p>\n<p>En algunos art\u00edculos, al referirme a la magnitud de esa concentraci\u00f3n, dec\u00eda dudar de encontrarme ante un imaginario campamento de \u201cLas mil y una noches\u201d o en los previos al desembarco de Normand\u00eda. Pero lo que m\u00e1s me impresion\u00f3, fue su magn\u00edfica organizaci\u00f3n, con todos los veh\u00edculos perfectamente alineados, las tiendas, los botiquines\u2026etc, impensable en un pa\u00eds con las limitaciones que entonces ten\u00eda Marruecos; por lo que parec\u00eda subyacer, dec\u00eda en esos art\u00edculos, la intervenci\u00f3n de otro pa\u00eds, con el \u201ct\u00edpico sabor\u201d que anunciaba, una conocida marca de cigarrillos.<\/p>\n<p>Pero el despliegue log\u00edstico marroqu\u00ed, en principio espectacular, iba siendo cada d\u00eda m\u00e1s dif\u00edcil de mantener, a medida que avanzaba la marea humana y esperan ansiosos la negociaci\u00f3n, que Espa\u00f1a parece aceptar definitivamente. Y as\u00ed, el 8 de Noviembre, el mismo d\u00eda que nuestra Escuadra recalaba en Las Palmas, Carro, el Ministro de la Presidencia, se entrevistaba en Agadir, con los pol\u00edticos marroqu\u00edes m\u00e1s relevantes. La realidad es que no se sabe la clase de propuesta que llevaba Carro, ni si en esa ciudad se lleg\u00f3 a un acuerdo definitivo; pero lo cierto es que a partir de ese viaje, se produjo un cambio en la actitud del Monarca marroqu\u00ed, hasta el punto de que al d\u00eda siguiente, en un discurso radiotelevisado, Hassan II proclamar\u00eda que la Marcha Verde, hab\u00eda alcanzado su objetivo y que por tanto, regresar\u00eda a Tarfaya; lo que se cumplir\u00eda de inmediato, de forma r\u00e1pida y ordenada, quedando zanjado tan espinoso incidente. Final que llevar\u00eda la tranquilidad a la ONU, que se hab\u00eda mostrado inoperante en el tema.<b><\/b><\/p>\n<p><strong>\u00a0Se ha hablado de los apoyos norteamericanos y franc\u00e9s a la marcha y a las tesis de Marruecos. \u00bfPor qu\u00e9 cree usted que se produjeron estos apoyos? \u00bfNo era Estados Unidos un firme aliado de Espa\u00f1a en aquellos momentos?<\/strong><\/p>\n<p>Tambi\u00e9n fue criticable, la actitud mantenida durante el conflicto por pa\u00edses como Francia y Estados Unidos, que no dudaron en alinearse junto al Monarca, constituyendo unos decisivos aliados de sus tesis.<\/p>\n<p><b>Monarca marroqu\u00ed, se refiere usted<\/b>.<\/p>\n<p>S\u00ed, claro. Aunque quiz\u00e1 la explicaci\u00f3n a este \u201calineamiento\u201d, no se encuentre en la seg\u00fan creencia muy generalizada en nuestro pa\u00eds, secular antipat\u00eda hacia Espa\u00f1a de nuestros vecinos, en el caso de los franceses (de la que perm\u00edtame aclarar, no participo, ya que tengo una larga trayectoria de convivencias con las unidades paracaidistas francesas y mi entendimiento con ellas, era total, como si se tratara de las propias espa\u00f1olas) sino en el informe de la CIA, que en Julio de 1975 recibiera Kissinger, detallando los graves problemas internos por los que atravesaba Marruecos, promovidos especialmente por la actitud argelina. Ante esa situaci\u00f3n de inestabilidad, es l\u00f3gico que Francia y EE.UU, decidieran apoyar a su aliado conservador, frente al peligro que supon\u00eda el socialismo argelino; y qu\u00e9 mejor apoyo que el de la reivindicaci\u00f3n del S\u00e1hara, que iba a consolidar la monarqu\u00eda alauita, frente a las presiones internas originadas por el analfabetismo, el paro, la inflaci\u00f3n y la pobreza.<\/p>\n<p>Adem\u00e1s y en los que a Estados Unidos se refiere, hab\u00eda mostrado hist\u00f3ricamente una gran simpat\u00eda hacia Marruecos. Con decir que en 1942, el mismo d\u00eda que las tropas brit\u00e1nicas de Montgomery rebasan las l\u00edneas del \u00c1frica Korps de Rommel, en El Alamein, zarpa una escuadra de la costa americana a cuyo frente iba el general Patton, para desembarcar en Casablanca, en un anticipo de la Operaci\u00f3n Overlord de Normand\u00eda. Pues bien al a\u00f1o siguiente, el Presidente Roosevelt vuela a Casablanca y en una multitudinaria fiesta, brinda por la independencia de Marruecos \u00a1en presencia de los generales franceses De Gaulle y Giraud!<\/p>\n<p><strong>\u00bfC\u00f3mo se produjo el fin de nuestra presencia en el S\u00e1hara, c\u00f3mo fueron los \u00faltimos d\u00edas en el territorio saharaui?<\/strong><\/p>\n<p>La situaci\u00f3n en El Aai\u00fan en esos d\u00edas, era muy confusa, produci\u00e9ndose incluso ataques aislados del POLISARIO. En el interior, los Puestos de Mahbes, Echdeiria y Hausa, se hab\u00edan replegado el 30 de Octubre sobre Smara, en donde permanecer\u00edan hasta el 27 de Noviembre, en el que por la ma\u00f1ana temprano se arriar\u00eda nuestra bandera antes de partir para El Aai\u00fan. La noche anterior, la poblaci\u00f3n saharaui, recogi\u00f3 de sus casas lo que pudo y emprendi\u00f3 el camino del Este, el del exilio, que a la mayor\u00eda les llevar\u00eda a Tinduf. Con posterioridad, se replegar\u00edan las restantes guarniciones, de tal forma que el 18\u00a0 de ese mes, solo quedaban efectivos militares espa\u00f1oles en El Aai\u00fan, Villa Cisneros y en el pantal\u00e1n de FOSBUCRAA. El d\u00eda 20, abandonaron las \u00faltimas fuerzas espa\u00f1olas la capital, repleg\u00e1ndose sobre la cabeza de playa, hasta el d\u00eda 9 de Enero, que fueron relevadas por unidades de la FAR, finalizando la presencia militar espa\u00f1ola en la Zona Norte del territorio. Sin embargo nuestra Bandera, no se arriar\u00eda del m\u00e1stil del Gobierno General, hasta el mediod\u00eda del 28 de Febrero, en un sencillo y emotivo acto, con rendici\u00f3n de los preceptivos honores por una Unidad de la Gendarmer\u00eda marroqu\u00ed. Ese mismo d\u00eda, abandonar\u00eda el S\u00e1hara, el General Gobernador Militar G\u00f3mez Salazar y el 29, en un acto \u00edntimo, los pocos espa\u00f1oles que quedaban en Villa Cisneros, arriaron la bandera en el aer\u00f3dromo de la ciudad, muy cerca del lugar en donde en 1884 se hab\u00eda izado.<\/p>\n<p>En cuanto a esos \u00faltimos d\u00edas transcurrieron, en lo que a mi se refiere y me atrever\u00eda a decir, que a la totalidad de mis compa\u00f1eros, con una gran tristeza. Hay que pensar que atr\u00e1s dej\u00e1bamos infinidad de entra\u00f1ables recuerdos, no solo profesionales &#8211; porque all\u00ed hab\u00eda discurrido buena parte de nuestra Carrera- sino tambi\u00e9n familiares, como lo eran los de nuestros hijos, de ni\u00f1os, correteando por las dunas. Tristeza que contrastaba con la imagen que viera, cuando la \u00faltima ma\u00f1ana de ese d\u00eda de Diciembre de 1975, en el que me dirig\u00eda con mi Compa\u00f1\u00eda para embarcar en el aeropuerto, tras haber arriado la Bandera en nuestro Acuartelamiento y pasamos delante del Parador Nacional y en la terraza, un grupo de oficiales marroqu\u00edes, saboreaban, imagino que unas tazas de t\u00e9; pero lo que no imagino, sino que podr\u00eda asegurar que tambi\u00e9n saboreaban, era el \u00e9xito que hab\u00eda supuesto la Marcha Verde y la presi\u00f3n que con ella se le hab\u00eda metido a la Administraci\u00f3n espa\u00f1ola.<\/p>\n<p>Todo terminar\u00eda con\u00a0 la Operaci\u00f3n Golondrina, la de la evacuaci\u00f3n del S\u00e1hara, que hay que reconocer que fue un \u00e9xito log\u00edstico y\u00a0 de coordinaci\u00f3n, ya que se procedi\u00f3 a repatriar, sin accidentes dignos de menci\u00f3n, a una cantidad de hombres y medios, cuyos n\u00fameros nos dan idea del esfuerzo que supuso: Personal, 18.000; Material, 25.000 toneladas; Veh\u00edculos ruedas y cadenas, 2.590 y una veintena de Helic\u00f3pteros.<\/p>\n<p><strong>\u00bfEn qu\u00e9 consisti\u00f3 la declaraci\u00f3n de Madrid sobre el S\u00e1hara y la posterior administraci\u00f3n tripartita del territorio, de Espa\u00f1a con Marruecos y Mauritania.<\/strong><\/p>\n<p>La Declaraci\u00f3n de 14 de Noviembre de 1975, dec\u00eda \u201cReunidas las Delegaciones que leg\u00edtimamente representan a los Gobiernos de Espa\u00f1a, Marruecos y Mauritania, se manifiestan de acuerdo en orden a los siguientes principios\u201d, en un texto del que entresacamos y resumimos sus principales puntos:<\/p>\n<p>Espa\u00f1a ratificaba su resoluci\u00f3n, repetidamente manifestada ante la ONU, de descolonizar el territorio del S\u00e1hara occidental. De conformidad con esta determinaci\u00f3n y de acuerdo con las negociaciones propugnadas por las Naciones Unidas, Espa\u00f1a proceder\u00eda a instituir de inmediato una Administraci\u00f3n temporal en el territorio, en la que participar\u00edan Marruecos y Mauritania, con la colaboraci\u00f3n de la Yemaa. En consecuencia, se acordaba designar dos Gobernadores adjuntos, a propuesta de los dos pa\u00edses y a fin de que auxiliaran al Gobernador General espa\u00f1ol. El final de la presencia espa\u00f1ola en el territorio, tendr\u00eda lugar antes del 28 de Febrero de 1976. Se respetar\u00eda la opini\u00f3n de la poblaci\u00f3n saharaui, expresada a trav\u00e9s de la Yemaa.<\/p>\n<p>Pero el hermetismo con el que se desarrollaron las negociaciones, hizo que se denominaran a estos pactos, \u201cacuerdos secretos de Madrid\u201d, por pensarse que tras la declaraci\u00f3n de principios, se ocultaba un acuerdo m\u00e1s amplio. Acuerdo que en cualquier caso se puede calificar de nulo, seg\u00fan el Convenio Internacional de Viena, que establece que <i>\u201ces nulo todo tratado que en el momento de la celebraci\u00f3n, est\u00e9 en oposici\u00f3n con una norma de Derecho Internacional general\u201d,<\/i> como era, precisamente, la disposici\u00f3n del derecho del territorio del S\u00e1hara a la autodeterminaci\u00f3n. A mayor abundamiento, el acuerdo de Madrid, adolec\u00eda del grave defecto de haber sido suscrito por unos sujetos de Derecho Internacional, que carec\u00edan de capacidad jur\u00eddica para obligarse, sobre un territorio, que no les pertenec\u00eda. Incluso Espa\u00f1a, como potencia administradora, solo ten\u00eda competencias para colaborar en el proceso de descolonizaci\u00f3n, pero no a transferir a un poder de estructura colonial, como ocurr\u00eda con la Yemaa, el derecho de decisi\u00f3n de un pueblo.<\/p>\n<p>Declaraci\u00f3n de Madrid, que nunca fue refrendada por las Cortes, ni tampoco ver\u00eda la luz en el Bolet\u00edn Oficial del Estado. En El Aai\u00fan, se reunir\u00edan para iniciar esta comprometida fase de Gobierno con el Gobernador espa\u00f1ol, los representantes marroqu\u00ed y mauritano; pero con el progresivo aumento de sus efectivos militares, Marruecos estaba dejando bien claro quien era el que ahora mandaba en un territorio en el que por parte espa\u00f1ola, quedaban a mediados de Enero apenas medio centenar de civiles, casi todos relacionados con FOSBUCRAA. De hecho, un nuevo Delegado de la ONU, Reybeck, a su regreso a Nueva York, emite un informe muy pesimista, en el sentido de que las ciudades hab\u00edan quedado despobladas y que la mayor parte de los saharauis hab\u00edan emigrado a Argelia, habiendo adem\u00e1s perecido muchos de ellos en los combates con las tropas marroqu\u00edes.<\/p>\n<p><strong>\u00bfCree usted que el gobierno de Espa\u00f1a se comport\u00f3 correctamente en esa situaci\u00f3n? \u00bfSe estuvo a la altura de las circunstancias? Si no es as\u00ed, \u00bfqu\u00e9 deber\u00eda haberse hecho?<\/strong><\/p>\n<p>Es indudable que Espa\u00f1a cometi\u00f3 errores, que se podr\u00edan resumir en la falta de inter\u00e9s de los distintos Gobiernos, que se traduc\u00eda en la asignaci\u00f3n de unos rid\u00edculos presupuestos, con los que era dif\u00edcil acometer progresos y manteniendo una reducida guarnici\u00f3n. Tambi\u00e9n, la escasa valoraci\u00f3n pol\u00edtica y la menor a\u00fan informaci\u00f3n del peso que ten\u00edan algunas tribus del desierto. Y la falta de visi\u00f3n de futuro, al no apreciar e integrar con la urgencia que el momento requer\u00eda, a la juventud saharaui en el sistema administrativo del territorio, cubriendo las vacantes que se produc\u00edan, mayoritariamente con funcionarios espa\u00f1oles, atra\u00eddos, todo hay que decirlo y es hasta l\u00f3gico que as\u00ed fuera, por el importante incremento del sueldo que supon\u00edan esos destinos.<\/p>\n<p>En cuanto a la preparaci\u00f3n de la Marcha Verde, no se entiende que pasara desapercibida para los servicios de informaci\u00f3n de nuestra Embajada en Rabat o de Madrid y que su anuncio, el 16 de Octubre, constituyera una \u201cgran sorpresa\u201d, como reconociera ante la Comisi\u00f3n de Exteriores del Congreso, el Ministro Antonio Carro, uno de los principales protagonistas del Acuerdo de Madrid. Y es que estamos hablando de los movimientos de varios centenares de miles de personas, acudiendo a centros de reclutamiento, la requisa de m\u00e1s de ocho mil veh\u00edculos de transportes, los trabajos previos para posteriormente poder instalar grandes campamentos o el acopio y almacenamiento de enormes cantidades de v\u00edveres.<\/p>\n<p>Pero esos errores, no disimulan la realidad de que los fines perseguidos con la Marcha Verde, eran del todo condenables, ya que con ella se priv\u00f3 a un pueblo, el saharaui, al derecho de autodeterminaci\u00f3n que hab\u00eda sido reconocido por los \u00f3rganos competentes de la ONU; con lo que se puede afirmar que la actual situaci\u00f3n del S\u00e1hara, es una violaci\u00f3n de los principios que informan la Carta de las Naciones Unidas en materia de descolonizaci\u00f3n, hasta el punto de igualmente considerar la presencia en la actualidad del ej\u00e9rcito marroqu\u00ed, contraria a derecho.<\/p>\n<p>Aunque si se analiza con la perspectiva que da el tiempo transcurrido, nuestra descolonizaci\u00f3n, sin ser un camino f\u00e1cil \u2013 tampoco lo hab\u00edan sido, las de pa\u00edses mucho m\u00e1s involucrados que nosotros en \u00c1frica \u2013 al menos, fue incruenta. Adem\u00e1s, junto a los errores descritos, hubo por parte de Espa\u00f1a, grandes logros y aciertos, que a\u00fan hoy, siguen reconociendo con a\u00f1oranza y respeto muchos saharauis, que no olvidan la actitud sincera, cordial, libre de violencias y de prejuicios coloniales, que practic\u00f3 en el territorio, durante casi un siglo, la Administraci\u00f3n espa\u00f1ola.<\/p>\n<p><b>\u00a0<\/b><b>Los gobiernos que han regido nuestro pa\u00eds tras la muerte del general Franco, \u00bfhan hecho sus deberes con los ciudadanos saharauis en su opini\u00f3n?<\/b><\/p>\n<p>Personalmente, no estoy de acuerdo con la visi\u00f3n que se tiene en Espa\u00f1a de que abandon\u00e1ramos al pueblo saharaui a su suerte. Nuestra marcha fue forzada por las circunstancias del momento pol\u00edtico, con la enfermedad y posterior muerte de Franco, la presi\u00f3n de la Comunidad Internacional y tambi\u00e9n, en gran parte, la actitud del pueblo saharaui, puesta de manifiesto en numerosas ocasiones; y muy especialmente, cuando la visita de la Delegaci\u00f3n de la ONU de la que fui testigo, con pancartas y carteles contrarios a la presencia espa\u00f1ola en una actitud, tan inesperada, como creo que injusta para con Espa\u00f1a.<\/p>\n<p>Por ello, me parece que los distintos Gobiernos desde entonces, han sido y contin\u00faan siendo, generosos con el pueblo saharaui, como por otra\u00a0 parte lo fuimos a lo largo del casi siglo de nuestra presencia. Y es que en mi opini\u00f3n, Espa\u00f1a se volc\u00f3 con el S\u00e1hara, sin pedir ni sacar nada a cambio, dedic\u00e1ndose mientras estuvimos all\u00ed, a levantar escuelas, hospitales o carreteras; que mucho me temo, sean las \u00fanicas que m\u00e1s de treinta a\u00f1os despu\u00e9s de nuestra marcha, existan en la zona. Pero ahora, a mi me parece que se intenta reconducir una situaci\u00f3n, ciertamente an\u00f3mala y que atenta a la Carta de las Naciones Unidas, pero de la que no somos en absoluto culpables.<\/p>\n<p><strong>\u00bfC\u00f3mo ve usted la situaci\u00f3n actual del S\u00e1hara? \u00bfSer\u00e1 posible finalmente un refer\u00e9ndum de autodeterminaci\u00f3n? \u00bfCree usted que la poblaci\u00f3n saharaui tiene derecho a ello?<\/strong><\/p>\n<p>En Abril de 2007, Marruecos presentar\u00eda un Proyecto de Autonom\u00eda para la zona, bajo el t\u00edtulo <i>\u201cIniciativa de autonom\u00eda para la regi\u00f3n del S\u00e1hara\u201d<\/i>. El plan que Marruecos plantea ante la ONU, otorgar\u00eda una amplia autonom\u00eda a la antigua colonia espa\u00f1ola, cerrando la puerta a la independencia y a la celebraci\u00f3n de un refer\u00e9ndum, motivos por los que el Frente Polisario, que como se sabe defiende la independencia de la antigua colonia espa\u00f1ola, no lo comparte. <i>\u00a0<\/i>En cuanto a Mauritania, se retir\u00f3 de la \u201cpuja\u201d por el territorio, dejando v\u00eda libre a Marruecos, que es quien carga con toda la responsabilidad actual.<\/p>\n<p>Pero creo dif\u00edcil la realizaci\u00f3n de un refer\u00e9ndum sobre la autodeterminaci\u00f3n con garant\u00edas y al que, por supuesto, me parece que tiene todo derecho el pueblo saharaui.<\/p>\n<p><strong>Despu\u00e9s de estos hechos, \u00bfc\u00f3mo ha sido la vida de la poblaci\u00f3n saharaui durante estos treinta a\u00f1os?<\/strong><\/p>\n<p>Tras nuestra marcha del S\u00e1hara, continu\u00f3 la guerra en el territorio, en este caso entre las FAR,s marroqu\u00edes y el Frente Polisario, siendo de destacar los sucesivos muros, hasta seis, que levantar\u00eda Marruecos; algunos, como el primero, de 600 kil\u00f3metros de longitud, 4 metros de altura y fortificados con defensas electr\u00f3nicas de la casa norteamericana Westinghouse, para preservar la zona \u201c\u00fatil\u201d, que consideraba de mayor inter\u00e9s: La relacionada con las principales capitales y el fosfato de Bu Craa. Muros equipados cada 15 km., con radares que transmiten sus datos a bater\u00edas y que completan lo que supone una verdadera barrera electr\u00f3nica. Por ello, esa batalla, la militar, se puede considerar hasta el momento ganada por Marruecos, que tiene all\u00ed desplegadas a la pr\u00e1ctica totalidad de sus Unidades. Otra cosa es la pol\u00edtica, toda vez que m\u00e1s de ochenta pa\u00edses, tienen ya reconocida a la RASD, la Rep\u00fablica \u00c1rabe Saharaui Democr\u00e1tica. De hecho, el S\u00e1hara Occidental, tiene otorgado en las Naciones Unidas, la calificaci\u00f3n jur\u00eddica internacional de \u201cTerritorio No Aut\u00f3nomo\u201d, no figurando Marruecos como potencia administradora; lo que le convierte en un mero ocupante, sin potestad alguna sobre la poblaci\u00f3n saharaui.<\/p>\n<p><b>\u00bfDesea a\u00f1adir algo m\u00e1s?<\/b><\/p>\n<p>Simplemente, dejar constancia de que como en todo trabajo que pretenda ser riguroso, en las contestaciones a este cuestionario, as\u00ed como en las conferencias impartidas, art\u00edculos publicados o intervenciones en TV sobre el tema, me he basado, fundamentalmente, en mis experiencias personales y conocimiento del que se llam\u00f3 S\u00e1hara espa\u00f1ol; pero tambi\u00e9n en la consulta de archivos y textos a los que le doy una gran credibilidad.<\/p>\n<p>Y en ese sentido, quiero destacar el libro \u201cIfni y S\u00e1hara. Una encrucijada en la Historia de Espa\u00f1a\u201d del General Fern\u00e1ndez-Aceytuno, del que en su d\u00eda pude obtener numerosos datos en forma de nombres, fechas, lugares, desarrollo de las operaciones y un sin fin de detalles, que han venido a enriquecer en gran manera, el conocimiento que por mi mismo ten\u00eda de tan destacadas p\u00e1ginas de nuestra Historia. Hasta el punto de haber hecho m\u00edos y volcados en esos trabajos, adem\u00e1s de esos datos, juicios de valor, con los que coincido plenamente, pero que corresponden al citado autor.<\/p>\n<p><strong>Gracias, muchas gracias por su tiempo y amabilidad.<\/strong><\/p>\n","protected":false},"excerpt":{"rendered":"<p>Entrevista con Alfonso Garc\u00eda de Paad\u00edn y Ahumada sobre el S\u00e1hara: \u201c[\u2026] creo dif\u00edcil la realizaci\u00f3n de un refer\u00e9ndum sobre la autodeterminaci\u00f3n con garant\u00edas y al que, por supuesto, me parece que tiene todo derecho el pueblo saharaui\u201d.<\/p>\n<p>Salvador L\u00f3pez Arnal<\/p>\n<p>Coronel de Infanter\u00eda, diplomado de Estado Mayor, en situaci\u00f3n de retirado, Alfonso Garc\u00eda de Paad\u00edn Ahumada es conocedor de primera mano del S\u00e1hara occidental en donde estuvo destacado en diferentes ocasiones con las Unidades paracaidistas, hasta el \u00faltimo momento en que las tropas espa\u00f1olas all\u00ed destinadas, tuvieron que abandonar el territorio, obedeciendo las \u00f3rdenes dimanantes del poder civil,\u00a0 en aquellas fechas bajo la presidencia de Carlos Arias Navarro<\/p>\n<p>Cuando tiene lugar la Marcha Verde, a la Bandera Paracaidista se le\u00a0 encomienda, en la reserva que se organiza, la defensa en \u00faltima instancia de El Aai\u00fan, de la que form\u00f3 parte al mando de su Compa\u00f1\u00eda de Plana Mayor. Alfonso Garc\u00eda de Paad\u00edn y Ahumada particip\u00f3 en el reconocimiento de los campamentos de la Marcha Verde desde helic\u00f3ptero, a muy baja altura, pudiendo apreciar en detalle\u00a0 su organizaci\u00f3n.<\/p>\n","protected":false},"author":9,"featured_media":0,"comment_status":"open","ping_status":"open","sticky":false,"template":"","format":"standard","meta":{"footnotes":""},"categories":[40],"tags":[1269],"class_list":["post-1174","post","type-post","status-publish","format-standard","hentry","category-africa","tag-alfonso-garcia-de-paadin-y-ahumada"],"aioseo_notices":[],"_links":{"self":[{"href":"https:\/\/espai-marx.net\/index.php?rest_route=\/wp\/v2\/posts\/1174","targetHints":{"allow":["GET"]}}],"collection":[{"href":"https:\/\/espai-marx.net\/index.php?rest_route=\/wp\/v2\/posts"}],"about":[{"href":"https:\/\/espai-marx.net\/index.php?rest_route=\/wp\/v2\/types\/post"}],"author":[{"embeddable":true,"href":"https:\/\/espai-marx.net\/index.php?rest_route=\/wp\/v2\/users\/9"}],"replies":[{"embeddable":true,"href":"https:\/\/espai-marx.net\/index.php?rest_route=%2Fwp%2Fv2%2Fcomments&post=1174"}],"version-history":[{"count":0,"href":"https:\/\/espai-marx.net\/index.php?rest_route=\/wp\/v2\/posts\/1174\/revisions"}],"wp:attachment":[{"href":"https:\/\/espai-marx.net\/index.php?rest_route=%2Fwp%2Fv2%2Fmedia&parent=1174"}],"wp:term":[{"taxonomy":"category","embeddable":true,"href":"https:\/\/espai-marx.net\/index.php?rest_route=%2Fwp%2Fv2%2Fcategories&post=1174"},{"taxonomy":"post_tag","embeddable":true,"href":"https:\/\/espai-marx.net\/index.php?rest_route=%2Fwp%2Fv2%2Ftags&post=1174"}],"curies":[{"name":"wp","href":"https:\/\/api.w.org\/{rel}","templated":true}]}}