{"id":1177,"date":"2009-06-28T00:00:00","date_gmt":"2009-06-28T00:00:00","guid":{"rendered":"https:\/\/espai-marx.net\/?p=1177"},"modified":"2020-02-23T14:38:16","modified_gmt":"2020-02-23T13:38:16","slug":"cronica-de-una-estafa-politica-y-una-adscripcion-anunciada","status":"publish","type":"post","link":"https:\/\/espai-marx.net\/?p=1177","title":{"rendered":"Cr\u00f3nica de una estafa pol\u00edtica y una adscripci\u00f3n anunciada"},"content":{"rendered":"<p>El eurodiputado Ra\u00fcl Romeva, elegido por la lista de la coalici\u00f3n \u201cLa Izquierda\u201d (Izquierda Unida-Iniciativa per Catalunya Verds-Esquerra Unida i Alternativa-Bloque por Asturies) ha rechazado integrarse en el grupo parlamentario de Izquierda Europea y se ha incorporado, siendo elegido vicepresidente, en el grupo Verdes\/ALE. As\u00ed, pues, ICV ha roto el acuerdo con Izquierda Unida para las elecciones europeas (v\u00e9ase: <a href=\"http:\/\/www.rebelion.org\/noticia.php?id=87626\">http:\/\/www.rebelion.org\/noticia.php?id=87626<\/a>), acuerdo por el que ambas formaciones se compromet\u00edan a integrarse, despu\u00e9s de un per\u00edodo de discusi\u00f3n y an\u00e1lisis de resultados, en el mismo grupo parlamentario. (Tercer punto: \u201c<i>codecidir\u00e1n y compartir\u00e1n un mismo grupo parlamentario en el que participar\u00e1n los diputados y diputadas elegidos<\/i>\u201d).<\/p>\n<p>\u00bfAlguien se ha podido sorprender? Lo sab\u00edamos todos. Cayo Lara, Joan Saura, J. M. Nuet, Miguel Reneses, Jordi Guillot, el propio Ra\u00fcl Romeva, Jordi Miralles e incluso probablemente Dani el rojo y Rosa Aguilar. Era igual lo que se dijera o firmara en papeles, acuerdos y documentos. RR jam\u00e1s iba a ser miembro del grupo parlamentario de la Izquierda europea. No es esa su l\u00ednea pol\u00edtica. No iba a tener de ese modo el mismo protagonismo pol\u00edtico-medi\u00e1tico, sus fuentes de financiaci\u00f3n iban a ser otras muy distintas y el programa del grupo de la Izquierda europea debe sonarle al flamante y no representativo eurodiputado verde a batallitas con naftalina de tatarabuelos insoportables.<\/p>\n<p>Ni que decir tiene, basta sumar, restar y calcular porcentajes, que ICV jam\u00e1s hubiera podido conseguir un eurodiputado con los votos conseguidos por la propia formaci\u00f3n, ciento diez mil aproximadamente.<\/p>\n<p>No es la primera vez desde luego. La situaci\u00f3n se repite y esta segunda vez, como quer\u00eda Marx, es tan c\u00f3mico-tr\u00e1gica como la primera. Se advirti\u00f3 por activa y por pasiva, y nos hemos quedado otra vez con dos palmos y medio de narices. Mejor dicho, sin narices. Con la sensaci\u00f3n, fundamentada s\u00f3lidamente en hechos, de que somos tontos incorregibles y que los compa\u00f1eros de ICV no s\u00f3lo son, que lo son, modernos, postmodernos y llevan gafas fashion-fashion, sino que son maestros en las artes de la vieja-nueva pol\u00edtica (Si no ando errado, Jordi Guillot, un viej\u00edsimo zorro profesional de la pol\u00edtica, no s\u00f3lo en ICV, sino tambi\u00e9n en la derecha-derech\u00edsima del PSUC, fue uno de los firmantes del acuerdo. Pensar que JG iba a luchar por cumplir ese acuerdo es una enso\u00f1aci\u00f3n alucin\u00f3gena propia de una excitante y hermosa noche de verano).<\/p>\n<p>Por si sirve de algo a los ciudadanos y ciudadanas que no viven en Catalunya o no siguen la pol\u00edtica catalana.\u00a0 A pesar del PSUC-viu y de algunos independientes admirables, EUiA es hoy un anexo del PCC. Y el PCC, admit\u00e1moslo sin ira y con estudio, es un grupo institucional clientelar que har\u00e1 todo lo indecible, y algo m\u00e1s, envuelto en ropajes ret\u00f3ricos revolucionarios que suenan a tongo-tongo y producen verg\u00fcenza ajena, por conservar cuotas de poder y financiaci\u00f3n, y transigir\u00e1 con todo, absolutamente con todo, lo que dicte la direcci\u00f3n de ICV (modern\u00edsima en sus formas, pero con pr\u00e1cticas procedimentales que recuerdan n\u00edtidamente aristas de, esta s\u00ed, vieja cultura neoestalinista) para conservar ese poder y esas fuentes, que algo son en momentos donde se participa directamente en el gobierno catal\u00e1n, aceptand discursos aznaristas sobre la crisis del se\u00f1or Montilla y pol\u00edticas educativas que ni la derecha nacionalista hubiera practicado del se\u00f1or Maragall. Y lo que sea es lo que sea. Por ejemplo: ceder sus votos y arrastrar otros que no est\u00e1n en su cesta para complacer a sus se\u00f1ores.<\/p>\n<p>A lo he hecho, pecho se dir\u00e1. Pues eso \u00bfQu\u00e9 hacer entonces en el futuro? Lo esencial: apoyar, crear, movimientos reales, organizaci\u00f3n, gentes dispuestas a transitar por otros. Ser algo socialmente m\u00e1s all\u00e1 de lo que se fue. Y cuando llegue el momento, si llega, acordar una \u00fanica lista intitulada IIIAIEPCPE(ICV) que sit\u00fae al se\u00f1or Romeva, si as\u00ed lo desea, en el quinto lugar de la lista (el que le corresponde por votos siendo generosos) previo pacto ante notario (\u00a1qu\u00e9 cosas!) sobre futuras ubicaciones parlamentarias. Por lo dem\u00e1s, renovar completamente las listas de IU y llegar a acuerdos con fuerzas amigas en las que la distancia no puede ser olvido ni tampoco incomprensi\u00f3n.<\/p>\n<p>\u00bfNombres, quiere que ya diga nombres para el futuro? Asunto sin importancia. Como me apuran los doy: primeros lugares en una lista renovada: Jorge Riechmann, \u00d3scar Carpintero, Esther Vivas, Josep Bel, Mario Amor\u00f3s, Carlos Fern\u00e1ndez Liria, Santiago Alba Rico, Gerardo Pisarello, Alfonso Sastre si as\u00ed lo estimara. Dos comunistas catalanes admirables pueden cerrarla: Joan Tafalla y Joaqu\u00edn Miras. Honestidad en la obertura, honestidad en los compases de cierre. Sin falsarios, sin oportunistas ni profesionales de \u201cla cosa p\u00fablica\u201d.<\/p>\n<p>PS: Suena a pataleta, pero parece pertinente sugerir una peque\u00f1a reclamaci\u00f3n: \u00bfpor qu\u00e9 con mi voto? \u00bfPor qu\u00e9 el se\u00f1or Ra\u00fcl Romera y sus amigos y amigas han tirado mi voto a una urna donde yo no quer\u00eda depositarlo? \u00bfTienen validez jur\u00eddica los acuerdos firmados? \u00bfDe d\u00f3nde surge la representatividad prestada del vicepresidente verde? \u00bfEso no es una estafa pol\u00edtica? \u00bfEso no deber\u00eda denunciado ante los tribunales?\u2026 No, no deber\u00eda ser denunciado. Pero de las derrotas y de las estafas debemos extraer alguna lecci\u00f3n.<\/p>\n","protected":false},"excerpt":{"rendered":"<p>CR\u00d3NICA DE UNA ESTAFA POL\u00cdTICA Y UNA ADSCRIPCION ANUNCIADA<\/p>\n<p>Salvador L\u00f3pez Arnal<\/p>\n<p>El eurodiputado Ra\u00fcl Romeva, elegido por la lista de la coalici\u00f3n \u201cLa Izquierda\u201d (Izquierda Unida-Iniciativa per Catalunya Verds-Esquerra Unida i Alternativa-Bloque por Asturies) ha rechazado integrarse en el grupo parlamentario de Izquierda Europea y se ha incorporado, siendo elegido vicepresidente, en el grupo Verdes\/ALE. As\u00ed, pues, ICV ha roto el acuerdo con Izquierda Unida para las elecciones europeas (v\u00e9ase: http:\/\/www.rebelion.org\/noticia.php?id=87626), acuerdo por el que ambas formaciones se compromet\u00edan a integrarse, despu\u00e9s de un per\u00edodo de discusi\u00f3n y an\u00e1lisis de resultados, en el mismo grupo parlamentario. (Tercer punto: \u201ccodecidir\u00e1n y compartir\u00e1n un mismo grupo parlamentario en el que participar\u00e1n los diputados y diputadas elegidos\u201d).<\/p>\n<p>\u00bfAlguien se ha podido sorprender? Lo sab\u00edamos todos. Cayo Lara, Joan Saura, J. M. Nuet, Miguel Reneses, Jordi Guillot, el propio Ra\u00fcl Romeva, Jordi Miralles e incluso probablemente Dani el rojo y Rosa Aguilar. Era igual lo que se dijera o firmara en papeles, acuerdos y documentos. RR jam\u00e1s iba a ser miembro del grupo parlamentario de la Izquierda europea. No es esa su l\u00ednea pol\u00edtica. No iba a tener de ese modo el mismo protagonismo pol\u00edtico-medi\u00e1tico, sus fuentes de financiaci\u00f3n iban a ser otras muy distintas y el programa del grupo de la  Izquierda europea debe sonarle al flamante y no representativo eurodiputado verde a batallitas con naftalina de tatarabuelos insoportables.<\/p>\n","protected":false},"author":9,"featured_media":0,"comment_status":"open","ping_status":"open","sticky":false,"template":"","format":"standard","meta":{"footnotes":""},"categories":[13],"tags":[],"class_list":["post-1177","post","type-post","status-publish","format-standard","hentry","category-la-izquierda-a-debate"],"aioseo_notices":[],"_links":{"self":[{"href":"https:\/\/espai-marx.net\/index.php?rest_route=\/wp\/v2\/posts\/1177","targetHints":{"allow":["GET"]}}],"collection":[{"href":"https:\/\/espai-marx.net\/index.php?rest_route=\/wp\/v2\/posts"}],"about":[{"href":"https:\/\/espai-marx.net\/index.php?rest_route=\/wp\/v2\/types\/post"}],"author":[{"embeddable":true,"href":"https:\/\/espai-marx.net\/index.php?rest_route=\/wp\/v2\/users\/9"}],"replies":[{"embeddable":true,"href":"https:\/\/espai-marx.net\/index.php?rest_route=%2Fwp%2Fv2%2Fcomments&post=1177"}],"version-history":[{"count":0,"href":"https:\/\/espai-marx.net\/index.php?rest_route=\/wp\/v2\/posts\/1177\/revisions"}],"wp:attachment":[{"href":"https:\/\/espai-marx.net\/index.php?rest_route=%2Fwp%2Fv2%2Fmedia&parent=1177"}],"wp:term":[{"taxonomy":"category","embeddable":true,"href":"https:\/\/espai-marx.net\/index.php?rest_route=%2Fwp%2Fv2%2Fcategories&post=1177"},{"taxonomy":"post_tag","embeddable":true,"href":"https:\/\/espai-marx.net\/index.php?rest_route=%2Fwp%2Fv2%2Ftags&post=1177"}],"curies":[{"name":"wp","href":"https:\/\/api.w.org\/{rel}","templated":true}]}}