{"id":1189,"date":"2009-07-12T00:00:00","date_gmt":"2009-07-12T00:00:00","guid":{"rendered":"https:\/\/espai-marx.net\/?p=1189"},"modified":"2020-02-23T13:11:17","modified_gmt":"2020-02-23T12:11:17","slug":"politicas-educativas-clasistas-el-parlament-de-catalunya-psc-psoe-erc-c-i-u-apuesta-por-los-intereses-privados-y-los-poderes-intocables-y-hegemonicos","status":"publish","type":"post","link":"https:\/\/espai-marx.net\/?p=1189","title":{"rendered":"Pol\u00edticas educativas clasistas  El Parlament de Catalunya (PSC-PSOE, ERC, C i U) apuesta por los intereses privados y los poderes intocables y hegem\u00f3nicos"},"content":{"rendered":"<p>Lo han se\u00f1alado recientemente Albert Recio y Rosa Ca\u00f1adell que nunca hablan a modo de tertulianos pluriempleados: \u201cEl sistema educativo catal\u00e1n es profundamente clasista\u201d. La Nueva Ley de Educaci\u00f3n catalana, aprobada el 1 de julio, ratifica el dictamen. La fecha deber\u00eda pasar a la historia universal del entreguismo, el disparate pol\u00edtico-cultural y la claudicaci\u00f3n de fuerzas pol\u00edticas autodenominadas de izquierda.<\/p>\n<p>\u00bfCon qu\u00e9 votos se ha aprobado la ley? Con los de CiU, PSC y ERC. La oposici\u00f3n del PP y Ciutadans tiene razones de apariencia ling\u00fc\u00edstica y motivaciones netamente electoralistas: a\u00f1adir le\u00f1a al fuego controlado de su electorado espa\u00f1olista o tratado como tal.<\/p>\n<p>La ley, desde luego, no es cualquier ley. No regula, por ejemplo, la forma de etiquetar orujo en la franja catalano-aragonesa. Regula la ense\u00f1anza preuniversitaria en Catalunya. Dejando aparte el tema de la inmersi\u00f3n ling\u00fc\u00edstica, dejando para otra ocasi\u00f3n la mayor concentraci\u00f3n de poder en las direcciones de los institutos y escuelas, promoviendo desde las instituciones la competitividad, que no competencia, entre agrupaciones p\u00fablicas, v\u00e9rtice que no deja de ser otra arista m\u00e1s de la cosmovisi\u00f3n neoliberal que afecta de arriba a abajo y desde la derecha a su inexistente izquierda al conseller Maragall (hasta al punto que todo este conjunto de disparates trasnochados les parece, a \u00e9l y a su equipo, simple sentido com\u00fan), dejando aparte todo ello dec\u00eda, la ley consagra la posibilidad de las externalidades privadas (fen\u00f3meno ya existente que ir\u00e1, que est\u00e1 yendo de hecho, en aumento), la doble red, privada concertada-p\u00fablica, dentro del \u00e1mbito de las instituciones p\u00fablicas (de hecho, en las reuniones informativas de ciclos formativos acuden profesores y representantes de empresarios privados) y la financiaci\u00f3n p\u00fablica de negocios privados, negocios que incluso, si as\u00ed lo estima el ideario del centro, podr\u00e1n segregar a los j\u00f3venes en funci\u00f3n del sexo (eso s\u00ed, por ahora, no en funci\u00f3n de su orientaci\u00f3n sexual).<\/p>\n<p>\u00bfLe suena a cosa antigua? \u00bfA tiempos de marginaci\u00f3n en \u00e9poca del c\u00f3lera franquista, o de la transici\u00f3n encorsetada? Acaso peor, mirando desde determinado \u00e1ngulo. Ninguna de las fuerzas pol\u00edticas que han firmado la ley la hubieran apoyado en otras circunstancias pol\u00edticas; no se hubieran atrevido. Incluso, es una conjetura arriesgada, no hubieran estado convencidas de sus supuestas bondades. La pol\u00edtica era algo m\u00e1s que la gesti\u00f3n de los intereses privados y minoritarios.<\/p>\n<p>Es ley, se ha dicho, para hacer pa\u00eds, es decir, para seguir construyendo un pa\u00eds donde los de siempre dominen y dirijan a los de siempre. CiU, con sus hooligans democristianos capitaneados en\u00e9rgicamente por Duran i Lleida,\u00a0 ha votado entusiasmada a favor, anunciando acaso un pr\u00f3ximo gobierno bipartito en Catalunya CiU-PSC (tripartito seguramente con la suma de ERC). ERC -lean bien: <i>Esquerra Republicana<\/i> de Catalunya- se ha quitado definitivamente la m\u00e1scara de fuerza pol\u00edtica de izquierdas y republicana, antisistema se lleg\u00f3 a decir en su momento. Algunos negocios clientelares, que no puedo precisar, deben estar en el fondo de su estrategia; si es s\u00f3lo cuesti\u00f3n de convencimiento, apaguemos su luz definitivamente. PSC-PSOE, crecientemente un instrumento fiel y sin tensiones internas de los grandes poderes, ha sido la fuerza que ha redactado y promovido la ley, texto que cuenta entre sus m\u00e1ximos art\u00edfices al se\u00f1or Maragall, al conseller de Educaci\u00f3n, el representante m\u00e1s neoliberal del social-liberalismo pol\u00edtico-ideol\u00f3gico del PSC, el hermano del ex president del 3%.<\/p>\n<p>ICV-EUIA ha votado en contra (quiero suponer que no se ha abstenido a pesar de sus dudas anteriores, no tengo ahora mismo informaci\u00f3n precisa sobre este punto). Magn\u00edfico, excelente: se han superado finalmente vacilaciones iniciales y, me imagino, fuertes presiones PSC-ERC. La cuesti\u00f3n es ahora: \u00bfqu\u00e9 sentido tiene formar parte de un gobierno que toma esas decisiones y pacta, para reforzar el desaguisado clasista, con la principal fuerza de oposici\u00f3n, nada m\u00e1s y nada menos, que Converg\u00e8ncia i Uni\u00f3 Democristiana? \u00bfSe pude seguir gobernando con quienes quieren llevar, con los que ya est\u00e1n llevando a la ense\u00f1anza p\u00fablica a una posici\u00f3n marginal y subsidiaria? \u00bfSe puede apoyar a un gobierno que est\u00e1 eliminando, que va a eliminar en breve, los estudios nocturnos de bachillerato en Catalunya, que reduce plantillas, que incluso no es totalmente consistente con su decidida y significativa apuesta por los ciclos formativos, y que no ha avanzado ni avanza en el incremento de la inversi\u00f3n p\u00fablica en educaci\u00f3n?<\/p>\n<p>En s\u00edntesis: la ley consagra y bendice, adem\u00e1s de aumentar los conciertos en el \u00e1mbito de la formaci\u00f3n profesional, tres l\u00edneas educativas en Catalunya. La privada-privada, la que usa por ejemplo el president de la Generalitat y el l\u00edder de CiU, destinada a sectores de alta burgues\u00eda catalana, y reci\u00e9n llegados con aspiracions, sensibles a temas de educaci\u00f3n, sectores que inculcan a sus v\u00e1stagos los valores del capital cultural y la distinci\u00f3n social; la l\u00ednea privada concertada, con diferentes estadios desde luego en su seno, destinada a sectores de la mediana y peque\u00f1a burguesa, y sectores obreros desclasados y alejados de una ense\u00f1anza p\u00fablica sin orden, dicen, y sin distinci\u00f3n; y la ense\u00f1anza p\u00fablica apoyada b\u00e1sicamente por los convencidos, por los que apuestan por ella militantemente, por los trabajadores y trabajadoras que no han perdido el norte de su adscripci\u00f3n clasista y especialmente destinada a los hijos e hijas del grueso de la poblaci\u00f3n inmigrante llegada recientemente a Catalunya.<\/p>\n<p>Mientras tanto, de puertas hacia el \u00e1gora y los medios de persuasi\u00f3n, se habla de igualdad, de cultura, de educaci\u00f3n, de transparencia, de formaci\u00f3n cr\u00edtica. Eso s\u00ed, con grupos de ESO que tienen 33 alumnos por clase, con alumnos de 8 o 10 nacionalidades diferentes por clase y con inevitables y escasas competencias ling\u00fc\u00edsticas, mientras se restringe el n\u00famero de asignaturas optativas en bachilleratos y se acumulan l\u00edneas en algunos institutos, y se suprimen en otros, para evitar gastos innecesarios. Todo ello, claro est\u00e1, para la grandeza de un pa\u00eds cada d\u00eda m\u00e1s nuestro, es decir, m\u00e1s suyo.<\/p>\n<p>Albert Recio lo ha expresado del modo siguiente en un reciente art\u00edculo publicado en el bolet\u00edn electr\u00f3nico de <i>mientras tanto <\/i>(70, mayo 2009) que ha sido recogido por rebeli\u00f3n:<\/p>\n<p>Lo que verdaderamente refleja este pacto es el predominio de la cultura de la \u201cdistinci\u00f3n\u201d, de la segregaci\u00f3n, del racismo que subyace en los valores y comportamientos de amplios sectores de clase media. Valores que impregnan a gran parte de los cuadros de los propios partidos y a sus bases m\u00e1s pr\u00f3ximas. No hay m\u00e1s que ver a qu\u00e9 escuelas acuden los v\u00e1stagos de muchos de nuestros colegas universitarios (y analizar el discurso con el que justifican su preferencia por la \u201cconcertada\u201d). Ampliar la concertaci\u00f3n hacia la clase media es, sobre todo, una transferencia de renta hacia arriba. Cuando cualquier planteamiento igualitario, o simplemente reformista, abogar\u00eda por realizar un gasto compensatorio orientado a cubrir desde la escuela las limitaciones de recursos de las familias de bajos ingresos. Y donde resulta evidente que la escolarizaci\u00f3n exitosa de ni\u00f1os y ni\u00f1as provenientes de otros pa\u00edses requiere de un esfuerzo adicional para facilitar, por ejemplo, una inmersi\u00f3n ling\u00fc\u00edstica exitosa. Financiar con dinero p\u00fablico la red privada de formaci\u00f3n profesional no s\u00f3lo supone abandonar el proyecto de una buena red p\u00fablica (pr\u00e1cticamente inexistente), sino tambi\u00e9n seguir apostando por la mala calidad de una formaci\u00f3n que constituye un elemento estrat\u00e9gico b\u00e1sico para cualquier pa\u00eds serio.<\/p>\n<p>Mejor imposible. Con la brevedad de lo esencial.<\/p>\n","protected":false},"excerpt":{"rendered":"<p>El Parlament de Catalunya (PSC-PSOE, ERC, C i U) apuesta por los intereses privados y los poderes intocables y hegem\u00f3nicos-\u00a0 \u00a0\u00a0\u00a0\u00a0 <\/p>\n<p>Lo han se\u00f1alado recientemente Albert Recio y Rosa Ca\u00f1adell que nunca hablan a modo de tertulianos pluriempleados: \u201cEl sistema educativo catal\u00e1n es profundamente clasista\u201d. La Nueva Ley de Educaci\u00f3n catalana, aprobada el 1 de julio, ratifica el dictamen. La fecha deber\u00eda pasar a la historia universal del entreguismo, el disparate pol\u00edtico-cultural y la claudicaci\u00f3n de fuerzas pol\u00edticas autodenominadas de izquierda.<\/p>\n<p>\u00bfCon qu\u00e9 votos se ha aprobado la ley? Con los de CiU, PSC y ERC. La oposici\u00f3n del PP y Ciutadans tiene razones de apariencia ling\u00fc\u00edstica y motivaciones netamente electoralistas: a\u00f1adir le\u00f1a al fuego controlado de su electorado espa\u00f1olista o tratado como tal.<\/p>\n<p>La ley, desde luego, no es cualquier ley. No regula, por ejemplo, la forma de etiquetar orujo en la franja catalano-aragonesa. Regula la ense\u00f1anza preuniversitaria en Catalunya. Dejando aparte el tema de la inmersi\u00f3n ling\u00fc\u00edstica, dejando para otra ocasi\u00f3n la mayor concentraci\u00f3n de poder en las direcciones de los institutos y escuelas, promoviendo desde las instituciones la competitividad, que no competencia, entre agrupaciones p\u00fablicas, v\u00e9rtice que no deja de ser otra arista m\u00e1s de la cosmovisi\u00f3n neoliberal que afecta de arriba a abajo y desde la derecha a su inexistente izquierda al conseller Maragall (hasta al punto que todo este conjunto de disparates trasnochados les parece, a \u00e9l y a su equipo, simple sentido com\u00fan), dejando aparte todo ello dec\u00eda, la ley consagra la posibilidad de las externalidades privadas (fen\u00f3meno ya existente que ir\u00e1, que est\u00e1 yendo de hecho, en aumento), la doble red, privada concertada-p\u00fablica, dentro del \u00e1mbito de las instituciones p\u00fablicas (de hecho, en las reuniones informativas de ciclos formativos acuden profesores y representantes de empresarios privados) y la financiaci\u00f3n p\u00fablica de negocios privados, negocios que incluso, si as\u00ed lo estima el ideario del centro, podr\u00e1n segregar a los j\u00f3venes en funci\u00f3n del sexo (eso s\u00ed, por ahora, no en funci\u00f3n de su orientaci\u00f3n sexual). <\/p>\n","protected":false},"author":9,"featured_media":0,"comment_status":"open","ping_status":"open","sticky":false,"template":"","format":"standard","meta":{"footnotes":""},"categories":[3],"tags":[],"class_list":["post-1189","post","type-post","status-publish","format-standard","hentry","category-condiciones-de-vida"],"aioseo_notices":[],"_links":{"self":[{"href":"https:\/\/espai-marx.net\/index.php?rest_route=\/wp\/v2\/posts\/1189","targetHints":{"allow":["GET"]}}],"collection":[{"href":"https:\/\/espai-marx.net\/index.php?rest_route=\/wp\/v2\/posts"}],"about":[{"href":"https:\/\/espai-marx.net\/index.php?rest_route=\/wp\/v2\/types\/post"}],"author":[{"embeddable":true,"href":"https:\/\/espai-marx.net\/index.php?rest_route=\/wp\/v2\/users\/9"}],"replies":[{"embeddable":true,"href":"https:\/\/espai-marx.net\/index.php?rest_route=%2Fwp%2Fv2%2Fcomments&post=1189"}],"version-history":[{"count":0,"href":"https:\/\/espai-marx.net\/index.php?rest_route=\/wp\/v2\/posts\/1189\/revisions"}],"wp:attachment":[{"href":"https:\/\/espai-marx.net\/index.php?rest_route=%2Fwp%2Fv2%2Fmedia&parent=1189"}],"wp:term":[{"taxonomy":"category","embeddable":true,"href":"https:\/\/espai-marx.net\/index.php?rest_route=%2Fwp%2Fv2%2Fcategories&post=1189"},{"taxonomy":"post_tag","embeddable":true,"href":"https:\/\/espai-marx.net\/index.php?rest_route=%2Fwp%2Fv2%2Ftags&post=1189"}],"curies":[{"name":"wp","href":"https:\/\/api.w.org\/{rel}","templated":true}]}}