{"id":11910,"date":"2022-06-02T05:00:57","date_gmt":"2022-06-02T04:00:57","guid":{"rendered":"https:\/\/espai-marx.net\/?p=11910"},"modified":"2022-06-01T22:42:42","modified_gmt":"2022-06-01T21:42:42","slug":"11910","status":"publish","type":"post","link":"https:\/\/espai-marx.net\/?p=11910","title":{"rendered":"Novena sesi\u00f3n del taller de lectura de Bombers Indignats sobre <i>La lucha por la desigualdad<\/i> de Gonzalo Pont\u00f3n"},"content":{"rendered":"<p>Una nueva grabaci\u00f3n del taller de lectura de Bombers Indignats, realizado el 20 de abril de 2022. Son los \u00faltimos cap\u00edtulos y con ellos se acaba este taller. La entrada general en <a href=\"https:\/\/espai-marx.net\/?p=7255\">Taller de lectura de La lucha por la desigualdad de Gonzalo Pont\u00f3n<\/a>.<\/p>\n<p><a href=\"https:\/\/espai-marx.net\/wp-content\/uploads\/2022\/04\/ponton.jpg\"><img loading=\"lazy\" decoding=\"async\" class=\"wp-image-11603 aligncenter\" src=\"https:\/\/espai-marx.net\/wp-content\/uploads\/2022\/04\/ponton.jpg\" alt=\"\" width=\"250\" height=\"376\" srcset=\"https:\/\/espai-marx.net\/wp-content\/uploads\/2022\/04\/ponton.jpg 552w, https:\/\/espai-marx.net\/wp-content\/uploads\/2022\/04\/ponton-199x300.jpg 199w\" sizes=\"auto, (max-width: 250px) 100vw, 250px\" \/><\/a><\/p>\n<div class=\"powerpress_player\" id=\"powerpress_player_6125\"><audio class=\"wp-audio-shortcode\" id=\"audio-11910-1\" preload=\"none\" style=\"width: 100%;\" controls=\"controls\"><source type=\"audio\/mpeg\" src=\"https:\/\/espai-marx.net\/wp-content\/uploads\/2022\/06\/AUD-20220601-WA0002.mp3?_=1\" \/><a href=\"https:\/\/espai-marx.net\/wp-content\/uploads\/2022\/06\/AUD-20220601-WA0002.mp3\">https:\/\/espai-marx.net\/wp-content\/uploads\/2022\/06\/AUD-20220601-WA0002.mp3<\/a><\/audio><\/div><p class=\"powerpress_links powerpress_links_mp3\" style=\"margin-bottom: 1px !important;\">Podcast: <a href=\"https:\/\/espai-marx.net\/wp-content\/uploads\/2022\/06\/AUD-20220601-WA0002.mp3\" class=\"powerpress_link_pinw\" target=\"_blank\" title=\"Reproducir en una nueva ventana\" onclick=\"return powerpress_pinw('https:\/\/espai-marx.net\/?powerpress_pinw=11910-podcast');\" rel=\"nofollow\">Reproducir en una nueva ventana<\/a> | <a href=\"https:\/\/espai-marx.net\/wp-content\/uploads\/2022\/06\/AUD-20220601-WA0002.mp3\" class=\"powerpress_link_d\" title=\"Descargar\" rel=\"nofollow\" download=\"AUD-20220601-WA0002.mp3\">Descargar<\/a> | <a href=\"#\" class=\"powerpress_link_e\" title=\"Incrustar\" onclick=\"return powerpress_show_embed('11910-podcast');\" rel=\"nofollow\">Incrustar<\/a><\/p><p class=\"powerpress_embed_box\" id=\"powerpress_embed_11910-podcast\" style=\"display: none;\"><input id=\"powerpress_embed_11910-podcast_t\" type=\"text\" value=\"&lt;iframe width=&quot;320&quot; height=&quot;30&quot; src=&quot;https:\/\/espai-marx.net\/?powerpress_embed=11910-podcast&amp;amp;powerpress_player=mediaelement-audio&quot; title=&quot;Blubrry Podcast Player&quot; frameborder=&quot;0&quot; scrolling=&quot;no&quot;&gt;&lt;\/iframe&gt;\" onclick=\"javascript: this.select();\" onfocus=\"javascript: this.select();\" style=\"width: 70%;\" readOnly><\/p><p class=\"powerpress_links powerpress_subscribe_links\">Suscr\u00edbete: <a href=\"https:\/\/www.youtube.com\/@PodcastdeEspaiMarx-ht2uc\" class=\"powerpress_link_subscribe powerpress_link_subscribe_youtube\" target=\"_blank\" title=\"Suscr\u00edbete a YouTube Music\" rel=\"nofollow\">YouTube Music<\/a> | <a href=\"https:\/\/espai-marx.net\/?feed=podcast\" class=\"powerpress_link_subscribe powerpress_link_subscribe_rss\" target=\"_blank\" title=\"Suscr\u00edbete v\u00eda RSS\" rel=\"nofollow\">RSS<\/a><\/p>","protected":false},"excerpt":{"rendered":"<p>Una nueva grabaci\u00f3n del taller de lectura de Bombers Indignats, realizado el 20 de abril de 2022. Son los \u00faltimos<\/p>\n","protected":false},"author":5,"featured_media":0,"comment_status":"open","ping_status":"open","sticky":false,"template":"","format":"standard","meta":{"footnotes":""},"categories":[17,1506,856,869],"tags":[],"class_list":["post-11910","post","type-post","status-publish","format-standard","hentry","category-historia","category-la-lucha-por-la-desigualdad-2020","category-podcast","category-seminarios"],"aioseo_notices":[],"_links":{"self":[{"href":"https:\/\/espai-marx.net\/index.php?rest_route=\/wp\/v2\/posts\/11910","targetHints":{"allow":["GET"]}}],"collection":[{"href":"https:\/\/espai-marx.net\/index.php?rest_route=\/wp\/v2\/posts"}],"about":[{"href":"https:\/\/espai-marx.net\/index.php?rest_route=\/wp\/v2\/types\/post"}],"author":[{"embeddable":true,"href":"https:\/\/espai-marx.net\/index.php?rest_route=\/wp\/v2\/users\/5"}],"replies":[{"embeddable":true,"href":"https:\/\/espai-marx.net\/index.php?rest_route=%2Fwp%2Fv2%2Fcomments&post=11910"}],"version-history":[{"count":0,"href":"https:\/\/espai-marx.net\/index.php?rest_route=\/wp\/v2\/posts\/11910\/revisions"}],"wp:attachment":[{"href":"https:\/\/espai-marx.net\/index.php?rest_route=%2Fwp%2Fv2%2Fmedia&parent=11910"}],"wp:term":[{"taxonomy":"category","embeddable":true,"href":"https:\/\/espai-marx.net\/index.php?rest_route=%2Fwp%2Fv2%2Fcategories&post=11910"},{"taxonomy":"post_tag","embeddable":true,"href":"https:\/\/espai-marx.net\/index.php?rest_route=%2Fwp%2Fv2%2Ftags&post=11910"}],"curies":[{"name":"wp","href":"https:\/\/api.w.org\/{rel}","templated":true}]}}