{"id":11919,"date":"2022-06-04T05:00:45","date_gmt":"2022-06-04T04:00:45","guid":{"rendered":"https:\/\/espai-marx.net\/?p=11919"},"modified":"2022-06-04T01:22:07","modified_gmt":"2022-06-04T00:22:07","slug":"nueva-publicacion-de-espai-marx-encrucijadas-de-un-archivo-diplomatico-de-oscar-oramas-oliva","status":"publish","type":"post","link":"https:\/\/espai-marx.net\/?p=11919","title":{"rendered":"Nueva publicaci\u00f3n de Espai Marx:  <i>Encrucijadas de un archivo diplom\u00e1tico<\/i> de Oscar Oramas Oliva"},"content":{"rendered":"<p>Nos complace presentar el \u00faltimo libro en dos vol\u00famenes publicado por Espai Marx desde <a href=\"https:\/\/espai-marx.net\/?page_id=4575\">nuestra colecci\u00f3n<\/a> incorporada en la biblioteca electr\u00f3nica\u00a0 &#8216;Els arbres de Fahrenheit&#8217;. Como en todas nuestras \u00faltimas publicaciones: los dos vol\u00famenes de la historia econ\u00f3mica desde la revoluci\u00f3n en China: <a href=\"https:\/\/espai-marx.net\/?p=8184\"><em>Sorgo y acero<\/em><\/a> y <em><a href=\"https:\/\/espai-marx.net\/?p=9991\">Polvo rojo<\/a><\/em>;\u00a0 <a href=\"https:\/\/espai-marx.net\/elsarbres\/review\/la-ciencia-mal-tratada-manuel-martinez-llaneza\/\"><em>La ciencia maltratada<\/em><\/a> de Manuel Mart\u00ednez Llaneza, o bien, del propio Oscar Oramas Oliva, <a href=\"https:\/\/espai-marx.net\/elsarbres\/review\/la-pandemia-del-coronavirus-y-el-imperio-del-siglo-xxi-cambios-en-las-sociedades-por-oscar-oramas-oliva\/\"><em>La pandemia del coronavirus y el imperio del siglo XXI: cambios en las sociedades,<\/em><\/a> ofrecemos dos opciones para su lectura: la descarga gratuita directa en formato PDF y la posibilidad de comprar ejemplares impresos a trav\u00e9s de la empresa Lulu, especializada en este tipo de impresiones bajo demanda.<\/p>\n<p>\u00abNinguna de las p\u00e1ginas de este libro del doctor Oscar Oramas Oliva, ex embajador de Cuba ante los Gobiernos de Guinea Conakry, Mal\u00ed, Guinea Ecuatorial, Angola, Santo Tom\u00e9 y Pr\u00edncipe, y Representante Permanente de Cuba ante las Naciones Unidas desde 1984 hasta 1990, puede resultar superflua a cualquier lector o lectora interesado en la historia de la segunda mitad del pasado siglo. <em>Encrucijadas de un archivo diplom\u00e1tico<\/em> es historia viva y vivida, una obra escrita para la liberaci\u00f3n del esp\u00edritu, en palabras del autor, un viaje al interior de s\u00ed mismo contado desde la perspectiva de un diplom\u00e1tico observador, muy bien informado, inquieto, honrado a carta cabal, comprometido, con excelente sentido del humor, culto e internacionalista, siempre al servicio de las causas m\u00e1s nobles (y a veces muy arriesgadas) de la Humanidad.\u00bb (del pr\u00f3logo de Salvador L\u00f3pez Arnal)<\/p>\n<p>Si desea descargar la primera parte en pdf puede hacerlo aqu\u00ed: <a href=\"https:\/\/espai-marx.net\/elsarbres\/wp-content\/uploads\/2022\/06\/Libro_Oramas_Vol-1_ISBN_.pdf\">Vol. 1<\/a><\/p>\n<p>Si desea descargar la segunda parte en pdf puede hacerlo aqu\u00ed: <a href=\"https:\/\/espai-marx.net\/elsarbres\/wp-content\/uploads\/2022\/06\/Libro_Oramas_Vol-2_T_.pdf\">Vol. 2<\/a><\/p>\n<p>Si desea adquirirlos en papel a trav\u00e9s de la Editorial Lulu:<a href=\"https:\/\/www.lulu.com\/search?adult_audience_rating=00&amp;page=1&amp;pageSize=10&amp;q=oscar+oramas\"><img loading=\"lazy\" decoding=\"async\" class=\"aligncenter wp-image-3455\" src=\"https:\/\/espai-marx.net\/elsarbres\/wp-content\/uploads\/2022\/06\/Captura-de-Pantalla-2022-06-03-a-las-17.55.19-300x256.png\" alt=\"\" width=\"468\" height=\"399\" \/><\/a><\/p>\n","protected":false},"excerpt":{"rendered":"<p>Nos complace presentar el \u00faltimo libro en dos vol\u00famenes publicado por Espai Marx desde nuestra colecci\u00f3n incorporada en la biblioteca<\/p>\n","protected":false},"author":5,"featured_media":11920,"comment_status":"open","ping_status":"open","sticky":false,"template":"","format":"standard","meta":{"footnotes":""},"categories":[1804,825,17,29],"tags":[],"class_list":["post-11919","post","type-post","status-publish","format-standard","has-post-thumbnail","hentry","category-cuba","category-elsarbres","category-historia","category-internacional"],"aioseo_notices":[],"_links":{"self":[{"href":"https:\/\/espai-marx.net\/index.php?rest_route=\/wp\/v2\/posts\/11919","targetHints":{"allow":["GET"]}}],"collection":[{"href":"https:\/\/espai-marx.net\/index.php?rest_route=\/wp\/v2\/posts"}],"about":[{"href":"https:\/\/espai-marx.net\/index.php?rest_route=\/wp\/v2\/types\/post"}],"author":[{"embeddable":true,"href":"https:\/\/espai-marx.net\/index.php?rest_route=\/wp\/v2\/users\/5"}],"replies":[{"embeddable":true,"href":"https:\/\/espai-marx.net\/index.php?rest_route=%2Fwp%2Fv2%2Fcomments&post=11919"}],"version-history":[{"count":0,"href":"https:\/\/espai-marx.net\/index.php?rest_route=\/wp\/v2\/posts\/11919\/revisions"}],"wp:featuredmedia":[{"embeddable":true,"href":"https:\/\/espai-marx.net\/index.php?rest_route=\/wp\/v2\/media\/11920"}],"wp:attachment":[{"href":"https:\/\/espai-marx.net\/index.php?rest_route=%2Fwp%2Fv2%2Fmedia&parent=11919"}],"wp:term":[{"taxonomy":"category","embeddable":true,"href":"https:\/\/espai-marx.net\/index.php?rest_route=%2Fwp%2Fv2%2Fcategories&post=11919"},{"taxonomy":"post_tag","embeddable":true,"href":"https:\/\/espai-marx.net\/index.php?rest_route=%2Fwp%2Fv2%2Ftags&post=11919"}],"curies":[{"name":"wp","href":"https:\/\/api.w.org\/{rel}","templated":true}]}}