{"id":11960,"date":"2022-06-10T05:00:58","date_gmt":"2022-06-10T04:00:58","guid":{"rendered":"https:\/\/espai-marx.net\/?p=11960"},"modified":"2022-06-10T00:05:51","modified_gmt":"2022-06-09T23:05:51","slug":"retrato-del-vacio-de-la-sociedad-en-que-vivimos-las-gentiles","status":"publish","type":"post","link":"https:\/\/espai-marx.net\/?p=11960","title":{"rendered":"Retrato del vac\u00edo de la sociedad en que vivimos: <i>Las gentiles<\/i>"},"content":{"rendered":"<p align=\"justify\">Direcci\u00f3n y guion: Santiago Amadeo Ojeda. Producida en 2021 y estrenada en cines el 3\/6\/22. Duraci\u00f3n 76 minutos.<\/p>\n<p align=\"justify\"><i>Argumento<\/i>: Ciudad de Sevilla hoy: la vida de dos amigas adolescentes y la relaci\u00f3n con su generaci\u00f3n. Ambas, de familia media sin problemas econ\u00f3micos.<\/p>\n<p align=\"justify\">Santiago Amadeo pertenece a un peque\u00f1o grupo de directores sevillanos nacidos en los setenta. Ha rodado varios largometrajes pero, seg\u00fan su opini\u00f3n, este \u00faltimo es el realizado de forma m\u00e1s libre y desarrolla una idea en la que hace a\u00f1os ven\u00eda trabajando.<\/p>\n<p align=\"justify\">El director nos presenta aparentemente una historia sencilla, pero si se analiza no lo es. Trata un tema tan com\u00fan como la b\u00fasqueda del sentimiento identitario en la adolescencia, eso que de una u otra forma todos hemos vivido, pero tambi\u00e9n conocemos los problemas familiares y sociales que este hecho causa en la sociedad actual, eso que o\u00edmos o leemos y nos parece tan enajenado es una realidad desgraciadamente frecuente: muertes, suicidios\u2026 De esta realidad no puede ser solamente culpable (m\u00e1s bien son victimas) quien realiza el acto, sino sobre todo es la sociedad y el sistema que rige esta quien lo motiva. Esto es lo importante, en mi opini\u00f3n, de este argumento.<\/p>\n<p align=\"justify\">El realizador se limita, como debe ser, a exponer una historia: adolescentes sin problemas econ\u00f3micos pero pegadas al m\u00f3vil, ordenador y redes sociales (del sistema), incomprendidas por sus padres y estas a ellos, que a su vez est\u00e1n en su mundo de adultos perdidos sin ser conscientes de que lo est\u00e1n y no salen de su yo, los que mandan a la hija al psiquiatra cuando ellos la necesitan m\u00e1s, y a lo mejor el psiquiatra tambi\u00e9n.<\/p>\n<p align=\"justify\">La pel\u00edcula trata un tema claramente social que no se puede solucionar con vulgaridades oportunistas ni moralidades decadentes que no se creen ni quien las proclama, es un problema del sistema social imperante que nos esclaviza con sus medios consumistas demag\u00f3gicos y nos aliena, nos anula el sentido com\u00fan y sensitivo, dejando al ser perdido y vac\u00edo en su individualidad social y familiar sin ser conscientes de que lo hacemos, es hacernos colaborador del enemigo.<\/p>\n<p align=\"justify\">La cinta est\u00e1 bien realizada t\u00e9cnicamente, no entra conscientemente m\u00e1s all\u00e1 de la exposici\u00f3n de un caso concreto pero que simboliza todo un espectro real que se da con excesiva frecuencia; expone de forma sucinta al grupo juvenil y sus relaciones mutuas y familiares, situadas en un medio y sociedad concretos. Depende del espectador realizar la extensi\u00f3n al todo y sacar su conclusi\u00f3n. El sistema expositivo es din\u00e1mico y sencillo. Posiblemente pod\u00eda haber ampliado el espectro esc\u00e9nico con m\u00e1s situaciones de casos similares pero le hubiese condicionado el metraje y relato (tambi\u00e9n el medio econ\u00f3mico). Las interpretaciones (creo que son actrices noveles) est\u00e1n bien resueltas por la correcta labor del director, con una t\u00e9cnica de encuadre de c\u00e1mara adecuada para sacar un buen rendimiento.<\/p>\n<p align=\"justify\">Digamos que es una cinta sencilla, bien realizada y un fondo coyuntural importante si se piensa m\u00e1s all\u00e1 sobre lo que expone.<\/p>\n<p><iframe loading=\"lazy\" title=\"LAS GENTILES  Trailer oficial\" width=\"800\" height=\"450\" src=\"https:\/\/www.youtube.com\/embed\/L3bHOKDf1is?feature=oembed\" frameborder=\"0\" allow=\"accelerometer; autoplay; clipboard-write; encrypted-media; gyroscope; picture-in-picture; web-share\" referrerpolicy=\"strict-origin-when-cross-origin\" allowfullscreen><\/iframe><\/p>\n","protected":false},"excerpt":{"rendered":"<p>Direcci\u00f3n y guion: Santiago Amadeo Ojeda. Producida en 2021 y estrenada en cines el 3\/6\/22. Duraci\u00f3n 76 minutos. Argumento: Ciudad<\/p>\n","protected":false},"author":5,"featured_media":11961,"comment_status":"open","ping_status":"open","sticky":false,"template":"","format":"standard","meta":{"footnotes":""},"categories":[6],"tags":[],"class_list":["post-11960","post","type-post","status-publish","format-standard","has-post-thumbnail","hentry","category-cine"],"aioseo_notices":[],"_links":{"self":[{"href":"https:\/\/espai-marx.net\/index.php?rest_route=\/wp\/v2\/posts\/11960","targetHints":{"allow":["GET"]}}],"collection":[{"href":"https:\/\/espai-marx.net\/index.php?rest_route=\/wp\/v2\/posts"}],"about":[{"href":"https:\/\/espai-marx.net\/index.php?rest_route=\/wp\/v2\/types\/post"}],"author":[{"embeddable":true,"href":"https:\/\/espai-marx.net\/index.php?rest_route=\/wp\/v2\/users\/5"}],"replies":[{"embeddable":true,"href":"https:\/\/espai-marx.net\/index.php?rest_route=%2Fwp%2Fv2%2Fcomments&post=11960"}],"version-history":[{"count":0,"href":"https:\/\/espai-marx.net\/index.php?rest_route=\/wp\/v2\/posts\/11960\/revisions"}],"wp:featuredmedia":[{"embeddable":true,"href":"https:\/\/espai-marx.net\/index.php?rest_route=\/wp\/v2\/media\/11961"}],"wp:attachment":[{"href":"https:\/\/espai-marx.net\/index.php?rest_route=%2Fwp%2Fv2%2Fmedia&parent=11960"}],"wp:term":[{"taxonomy":"category","embeddable":true,"href":"https:\/\/espai-marx.net\/index.php?rest_route=%2Fwp%2Fv2%2Fcategories&post=11960"},{"taxonomy":"post_tag","embeddable":true,"href":"https:\/\/espai-marx.net\/index.php?rest_route=%2Fwp%2Fv2%2Ftags&post=11960"}],"curies":[{"name":"wp","href":"https:\/\/api.w.org\/{rel}","templated":true}]}}