{"id":1199,"date":"2009-07-24T00:00:00","date_gmt":"2009-07-24T00:00:00","guid":{"rendered":"https:\/\/espai-marx.net\/?p=1199"},"modified":"2020-02-23T12:58:10","modified_gmt":"2020-02-23T11:58:10","slug":"des-de-la-meva-trinxera","status":"publish","type":"post","link":"https:\/\/espai-marx.net\/?p=1199","title":{"rendered":"Des de la meva trinxera"},"content":{"rendered":"<p>Jo estic en aquestes \u00abtrinxeres on, per a seguir el s\u00edmil militar gramsci\u00e0, es lliura la lluita de posicions, entre el fang, la sang, la merda, la metralla i, fins i tot, el \u201cfoc amic\u00bb des que em vaig iniciar pol\u00edticament. L&#8217;amic Joan, un dels primers companys en tot aix\u00f2, sap que nom\u00e9s he vist els \u00abestats majors (de pacotilla afegeixo jo) on brillen els uniformes nets, les botes llustroses i les medalles aconseguides en \u201cantigues batalles\u00bb quan durant alguna temporada m&#8217;ha tocat el paper d&#8217;anar a explicar-los el que f\u00e8iem a les trinxeres i demanar-los, sense \u00e8xit, que no ens vengu\u00e8ssin en un despatx.<\/p>\n<p>Doncs jo, en moltes ocasions tinc ganes de deixar la lluita i marxar a casa a fer sudokus, i \u00e9s una sensaci\u00f3 compartida per altres companys de l&#8217;AEB i de grups similars. Veiem. Som molt pocs. La classe obrera per la que sembla que lluitem no ens acostuma a fer cas i els seus membres (sense sentir en molts casos que pertanyen a tan selecte club) b\u00e9 a que fem la feina bruta quan t\u00e9 un problema que li afecta personalment. Som inconstants i no acabem de rematar els temes que iniciem quee necessiten un llarg recorregut. No podem, quan estem a la instituci\u00f3, seguir el ritme dels qui viuen de ser-hi. El nostre propi plantejament alternatiu, en ocasions ens posa m\u00e9s dificultats per voler ser m\u00e9s papistes que el papa (en ocasi\u00f3 rotem tan els c\u00e0rrecs que ens quedem sense noves persones per ocupar-los). Les trabes dels m\u00e9s purs entre els purs que subdivideixen un conjunt que ja he dit que en ocasi\u00f3 \u00e9s gaireb\u00e9 el conjunt buit. Els qui decideixen que \u00e9s prioritari posar-nos d&#8217;acord en la lluita per la independ\u00e8ncia dels pa\u00efssos catalans o en denunciar l&#8217;estalinisme o el revisionisme, o qualsevol d&#8217;aquestes q\u00fcestions ideol\u00f2giques \u00abtan necess\u00e0ries\u00bb per la lluita obrera a un petit municipi de Catalunya. L&#8217;evident tasca d&#8217;obviar-nos dels mitjans de comunicaci\u00f3 del sistema. L&#8217;intent continu de captaci\u00f3 dels partits d&#8217;esquerra amb els que compartim (d&#8217;aquella manera) espai electoral. Moltes q\u00fcestions similars a aquestes s\u00f3n les que en la lluita volunt\u00e0ria del dia a dia fan que, en ocasions, et plantegis, en el s\u00edmil militar agafat de l&#8217;article del Joan, llen\u00e7ar el fusell al fang, considerar que tu no guanyar\u00e0s la guerra i marxar a casa. Lamentablement for\u00e7a companys i companyes agafen aquesta opci\u00f3 perqu\u00e8 a m\u00e9s el nivell d&#8217;exig\u00e8ncia que ens auto-establim \u00e9s gaireb\u00e9 sempre massa gran: volem arribar a tot i fer-ho tot b\u00e9, com professionals, per\u00f2 sense ni un professional.<\/p>\n<p>Per\u00f2 aquest no \u00e9s el tema de l&#8217;article d&#8217;en Joan, ni l&#8217;objecte de la meva resposta. La meva resposta \u00e9s que tot i aquests moments en que, pels motius plantejats, penses en deixar-ho i engrandir la teva col\u00b7lecci\u00f3 de puzzles de 200 peces, la participaci\u00f3 en assembleas de poble o de barri que formin part de l&#8217;esquerra social i alhora de l&#8217;esquerra pol\u00edtica, \u00e9s l&#8217;\u00fanica opci\u00f3 viable en la situaci\u00f3 actual per construir un nou projecte de defensa de la classe obrera. \u00c9s la meva opini\u00f3.<\/p>\n<p>La gent que es situa a l&#8217;esquerra de \u00abl&#8217;esquerra\u00bb, siguin joves provinents d&#8217;assemblees universit\u00e0ries o antics militants de fraccions del m\u00f3n comunista o llibertari est\u00e0 molt \u00abresabi\u00e1\u00bb. Els experiments a casa i amb gasosa. No es creuen cap opci\u00f3 per revolucionari que sigui el seu programa (vegis resultats eleccions europees) sin\u00f3 la con\u00e8ixen de primera ma al seu barri o poble. I qu\u00e8 passa amb la resta de la classe obrera? Despolititzada a ritme accelerat des de la transici\u00f3 perqu\u00e9 sigui f\u00e0cil vendre-li que voti coca-cola o pepsi-cola (i si vol ser rebel sempre t\u00e9 \u00abradical fruit company\u00bb marca comercial alternativa de les mateixes multinacionals). Doncs encara m\u00e9s, per donar suport a un projecte que no sigui d&#8217;aquests del sistema, necessita con\u00e8ixer a les persones, saber que li \u00e9s \u00fatil en el dia a dia, tornar-se a polititzar amb petites lluites del seu barri.<\/p>\n<p>Una mica com els inicis del sindicalisme actual, els treballadors es f\u00e8ien d&#8217;un sindicat en funci\u00f3 dels membres d&#8217;aquest sindicat del seu lloc de treball que eren combatius, aut\u00e8ntics i honestos, i no pel que digu\u00e9s el lider d&#8217;aquell sindicat per la tele. Ja se que algunes minories polititzades es f\u00e8ien d&#8217;un sindicat perqu\u00e8 ho deia el partit, encara que el delegat d&#8217;aquell sindicat al seu treball fos un dropo, per\u00f2 aquest \u00e9s un altre tema, em refereixo a la classe obrera normal i corrent, \u00e9s a dir, no militant.<\/p>\n<p>En definitiva, crec que l&#8217;\u00fanica possibilitat \u00e9s construir des de baix, per\u00f2 de veritat. Sense voler saltar fases a corre-cuita ni agafar dreceres. Construint assemblees locals all\u00e0 on cadasc\u00fa de nosaltres vivim, independentment de la fracci\u00f3 min\u00fascula de la vangu\u00e0rdia obrera a la que cadasc\u00fa pertanyi, i treballar els temes que importen a la gent o que li afecten encara que no sembli importar-li. Construiran una incineradora m\u00e9s? Faran tres autovies que m&#8217;envoltaran? L&#8217;aeroport s&#8217;amplia? Desnonen ve\u00efns que no poden pagar l&#8217;hipoteca? Privatitzen un servei p\u00fablic empitjorant la qualitat del servei i les condicions laborals? Enxufen al cunyat de l&#8217;alcaldessa? Tracten com a delincuents als joves sense expectatives que es reuneixen al carrer? El meu fill es queda sense llar d&#8217;infants? El camp \u00e9s molt ampli.<\/p>\n<p>Companys, aqu\u00ed us hi esperem amb els bra\u00e7os oberts i m\u00e9s trinxera de la que podem cobrir. Salut<\/p>\n<p>[*] Membre de l&#8217;Alternativa d&#8217;Esquerres per Badia des de la seva fundaci\u00f3 fa 15 anys.<\/p>\n","protected":false},"excerpt":{"rendered":"<p>Des de la meva trinxera<\/p>\n<p>Albert D\u00edez*<\/p>\n<p>Jo estic en aquestes &quot;trinxeres on, per a seguir el s\u00edmil militar gramsci\u00e0, es lliura la lluita de posicions, entre el fang, la sang, la merda, la metralla i, fins i tot, el \u201cfoc amic&quot; des que em vaig iniciar pol\u00edticament. L&#8217;amic Joan, un dels primers companys en tot aix\u00f2, sap que nom\u00e9s he vist els &quot;estats majors (de pacotilla afegeixo jo) on brillen els uniformes nets, les botes llustroses i les medalles aconseguides en \u201cantigues batalles&quot; quan durant alguna temporada m&#8217;ha tocat el paper d&#8217;anar a explicar-los el que f\u00e8iem a les trinxeres i demanar-los, sense \u00e8xit, que no ens vengu\u00e8ssin en un despatx.<\/p>\n","protected":false},"author":9,"featured_media":0,"comment_status":"open","ping_status":"open","sticky":false,"template":"","format":"standard","meta":{"footnotes":""},"categories":[13],"tags":[],"class_list":["post-1199","post","type-post","status-publish","format-standard","hentry","category-la-izquierda-a-debate"],"aioseo_notices":[],"_links":{"self":[{"href":"https:\/\/espai-marx.net\/index.php?rest_route=\/wp\/v2\/posts\/1199","targetHints":{"allow":["GET"]}}],"collection":[{"href":"https:\/\/espai-marx.net\/index.php?rest_route=\/wp\/v2\/posts"}],"about":[{"href":"https:\/\/espai-marx.net\/index.php?rest_route=\/wp\/v2\/types\/post"}],"author":[{"embeddable":true,"href":"https:\/\/espai-marx.net\/index.php?rest_route=\/wp\/v2\/users\/9"}],"replies":[{"embeddable":true,"href":"https:\/\/espai-marx.net\/index.php?rest_route=%2Fwp%2Fv2%2Fcomments&post=1199"}],"version-history":[{"count":0,"href":"https:\/\/espai-marx.net\/index.php?rest_route=\/wp\/v2\/posts\/1199\/revisions"}],"wp:attachment":[{"href":"https:\/\/espai-marx.net\/index.php?rest_route=%2Fwp%2Fv2%2Fmedia&parent=1199"}],"wp:term":[{"taxonomy":"category","embeddable":true,"href":"https:\/\/espai-marx.net\/index.php?rest_route=%2Fwp%2Fv2%2Fcategories&post=1199"},{"taxonomy":"post_tag","embeddable":true,"href":"https:\/\/espai-marx.net\/index.php?rest_route=%2Fwp%2Fv2%2Ftags&post=1199"}],"curies":[{"name":"wp","href":"https:\/\/api.w.org\/{rel}","templated":true}]}}