{"id":12032,"date":"2022-06-23T05:00:44","date_gmt":"2022-06-23T04:00:44","guid":{"rendered":"https:\/\/espai-marx.net\/?p=12032"},"modified":"2022-06-23T04:44:14","modified_gmt":"2022-06-23T03:44:14","slug":"novedad-en-nuestra-biblioteca-digital-600-mujeres-la-represion-franquista-de-la-mujer-almeriense-1939-45","status":"publish","type":"post","link":"https:\/\/espai-marx.net\/?p=12032","title":{"rendered":"Novedad en nuestra biblioteca digital: <i>600 mujeres. La represion franquista de la mujer almeriense (1939-45)<\/i>"},"content":{"rendered":"<p class=\"mce\">El Instituto de Estudios Almerienses public\u00f3 en 2012 la obra <i>600 mujeres. La represion franquista de la mujer almeriense (1939-45) <\/i>escrita por Eusebio Rodr\u00edguez Padilla y Juan Hidalgo Camara.<\/p>\n<p class=\"mce\">La obra es un censo de todas las mujeres que fueron juzgadas en Almer\u00eda por la justicia militar franquista. Los motivos, que las llevaron a los Consejos de Guerra fueron varios, pero el principal fue por mantenerse fieles a la Rep\u00fablica, pertenecer a alg\u00fan partido pol\u00edtico de izquierdas, colaborar con la resistencia al franquismo, o simplemente ser familiar de alg\u00fan destacado l\u00edder de la izquierda.<\/p>\n<p>Descarga: <a href=\"http:\/\/600 mujeres. La represi\u00f3n franquista de la mujer almeriense (1939-45)\">600 mujeres. La represi\u00f3n franquista de la mujer almeriense (1939-45)<\/a> PDF<\/p>\n<div id=\"sm-it-main-container-1655937949540\" class=\"sm-it-main-container\" data-it=\"7f9a1060-fcaa-4232-9db0-bbc31d0f95dd\" data-device=\"desktop\" data-index=\"0\">\n<div id=\"sm-alternative-1655937949540\" class=\"sm-alternative\" data-it=\"7f9a1060-fcaa-4232-9db0-bbc31d0f95dd\" data-index=\"0\" data-device=\"desktop\"><\/div>\n<\/div>\n","protected":false},"excerpt":{"rendered":"<p>El Instituto de Estudios Almerienses public\u00f3 en 2012 la obra 600 mujeres. La represion franquista de la mujer almeriense (1939-45)<\/p>\n","protected":false},"author":5,"featured_media":12035,"comment_status":"open","ping_status":"open","sticky":false,"template":"","format":"standard","meta":{"footnotes":""},"categories":[825,17,46],"tags":[1490,1473],"class_list":["post-12032","post","type-post","status-publish","format-standard","has-post-thumbnail","hentry","category-elsarbres","category-historia","category-memoria-historica","tag-mujeres","tag-terror-y-represion"],"aioseo_notices":[],"_links":{"self":[{"href":"https:\/\/espai-marx.net\/index.php?rest_route=\/wp\/v2\/posts\/12032","targetHints":{"allow":["GET"]}}],"collection":[{"href":"https:\/\/espai-marx.net\/index.php?rest_route=\/wp\/v2\/posts"}],"about":[{"href":"https:\/\/espai-marx.net\/index.php?rest_route=\/wp\/v2\/types\/post"}],"author":[{"embeddable":true,"href":"https:\/\/espai-marx.net\/index.php?rest_route=\/wp\/v2\/users\/5"}],"replies":[{"embeddable":true,"href":"https:\/\/espai-marx.net\/index.php?rest_route=%2Fwp%2Fv2%2Fcomments&post=12032"}],"version-history":[{"count":0,"href":"https:\/\/espai-marx.net\/index.php?rest_route=\/wp\/v2\/posts\/12032\/revisions"}],"wp:featuredmedia":[{"embeddable":true,"href":"https:\/\/espai-marx.net\/index.php?rest_route=\/wp\/v2\/media\/12035"}],"wp:attachment":[{"href":"https:\/\/espai-marx.net\/index.php?rest_route=%2Fwp%2Fv2%2Fmedia&parent=12032"}],"wp:term":[{"taxonomy":"category","embeddable":true,"href":"https:\/\/espai-marx.net\/index.php?rest_route=%2Fwp%2Fv2%2Fcategories&post=12032"},{"taxonomy":"post_tag","embeddable":true,"href":"https:\/\/espai-marx.net\/index.php?rest_route=%2Fwp%2Fv2%2Ftags&post=12032"}],"curies":[{"name":"wp","href":"https:\/\/api.w.org\/{rel}","templated":true}]}}